{"id":75786,"date":"2026-09-01T02:50:18","date_gmt":"2026-09-01T05:50:18","guid":{"rendered":"https:\/\/guialimeira.com.br\/news\/?p=75786"},"modified":"2026-09-01T02:50:18","modified_gmt":"2026-09-01T05:50:18","slug":"violencia-contra-a-mulher-75-mil-agentes-serao-capacitados","status":"publish","type":"post","link":"https:\/\/guialimeira.com.br\/news\/violencia-contra-a-mulher-75-mil-agentes-serao-capacitados\/","title":{"rendered":"Viol\u00eancia contra a mulher: 7,5 mil agentes ser\u00e3o capacitados"},"content":{"rendered":"<p> <br \/>\n<\/p>\n<div>\n<p><strong>Pelo menos 7,5 mil agentes de seguran\u00e7a p\u00fablica das 27 capitais brasileiras e de 81 cidades do interior v\u00e3o passar, na pr\u00f3xima quarta (2), por um dia de capacita\u00e7\u00e3o, via transmiss\u00e3o simult\u00e2nea, para atendimento de mulheres v\u00edtimas de viol\u00eancias.\u00a0<\/strong><img data-recalc-dims=\"1\" decoding=\"async\" src=\"https:\/\/i0.wp.com\/agenciabrasil.ebc.com.br\/ebc.png?w=696&#038;ssl=1\" style=\"width:1px;height:1px;display:inline\" \/><img data-recalc-dims=\"1\" decoding=\"async\" src=\"https:\/\/i0.wp.com\/agenciabrasil.ebc.com.br\/ebc.gif?w=696&#038;ssl=1\" style=\"width:1px;height:1px;display:inline\" \/><\/p>\n<p>A diretora de Ensino e Pesquisa da Secretaria Nacional de Seguran\u00e7a P\u00fablica, Michele Gon\u00e7alves dos Ramos, explica que pelo menos outros dois mil profissionais j\u00e1 realizaram esse curso ao longo dos \u00faltimos tr\u00eas anos.\u00a0<\/p>\n<p>\u201cEsse Dia C de Capacita\u00e7\u00e3o \u00e9 uma grande mobiliza\u00e7\u00e3o educacional e nacional com foco no atendimento, na prote\u00e7\u00e3o e na perspectiva de g\u00eanero na seguran\u00e7a p\u00fablica\u201d, acrescentou.\u00a0<\/p>\n<p>O ministro\u00a0da Justi\u00e7a e Seguran\u00e7a P\u00fablica\u00a0Wellington C\u00e9sar Lima e Silva\u00a0considera o dia de capacita\u00e7\u00e3o fundamental para colocar em pr\u00e1tica iniciativas de prote\u00e7\u00e3o, visto que s\u00e3o necess\u00e1rios profissionais preparados.\u00a0<\/p>\n<blockquote>\n<p>\u201cIsso \u00e9 muito importante porque estamos falando justamente de quem est\u00e1 todos os dias nas ruas, nas delegacias e nos servi\u00e7os p\u00fablicos, atendendo a popula\u00e7\u00e3o e sendo o primeiro contato de uma mulher com o Estado.\u201d<\/p>\n<\/blockquote>\n<p>Ele explicou que v\u00e3o participar da capacita\u00e7\u00e3o policiais civis, militares e penais, dos Corpos de Bombeiros, das guardas municipais e das per\u00edcias oficiais.\u00a0<\/p>\n<h2>Protocolo de atendimento<\/h2>\n<p>Al\u00e9m da confirma\u00e7\u00e3o da capacita\u00e7\u00e3o na quarta-feira, o ministro da Justi\u00e7a e a ministra das Mulheres, M\u00e1rcia Lopes, assinaram tamb\u00e9m duas portarias sobre o tema. A primeira regulamenta procedimento de an\u00e1lise e de aprova\u00e7\u00e3o dos planos estaduais e do plano distrital de combate \u00e0 viol\u00eancia contra a mulher.<\/p>\n<p>Segundo Michele Gon\u00e7alves dos Ramos, a portaria assegura uma aplica\u00e7\u00e3o mais transparente e r\u00e1pida dos recursos do Fundo Nacional de Seguran\u00e7a P\u00fablica para essa finalidade.\u00a0<\/p>\n<p>A segunda portaria institui o Grupo de Trabalho interministerial para a elabora\u00e7\u00e3o de um protocolo nacional de atendimento \u00e0s mulheres v\u00edtimas de viol\u00eancia sexual.<\/p>\n<p>&#8220;O objetivo desse protocolo \u00e9 de servir como uma refer\u00eancia para o atendimento realizado nas delegacias de todo o pa\u00eds\u201d, disse Michele Gon\u00e7alves dos Ramos.\u00a0<\/p>\n<p>Assim, a ideia \u00e9 avan\u00e7ar na uniformiza\u00e7\u00e3o de procedimentos para as delegacias de Pol\u00edcia Civil de todo o pa\u00eds.<\/p>\n<p>\u201cPara que esse atendimento realizado nessas delegacias seja feito de forma ainda mais qualificada, humanizada e articulada entre os diferentes servi\u00e7os, incluindo a sa\u00fade e outros \u00f3rg\u00e3os de rede de prote\u00e7\u00e3o.\u201d<\/p>\n<h2>Pesquisa<\/h2>\n<p>Os minist\u00e9rios ainda entregaram um dossi\u00ea com o t\u00edtulo <em>Mulheres e Meninas Seguras, Evid\u00eancias para o Enfrentamento da Viol\u00eancia de G\u00eanero<\/em> com 14 artigos escritos por pesquisadores do tema.<\/p>\n<blockquote>\n<p>\u201cQuando a gente publica uma revista, isso tem que fazer chegar l\u00e1 na ponta para melhorar a qualidade das reflex\u00f5es, do pensamento e das mudan\u00e7as que a gente tem que ter\u201d, disse a ministra M\u00e1rcia Lopes.\u00a0<\/p>\n<\/blockquote>\n<p>Ela destacou que houve queda do n\u00famero de feminic\u00eddios, conforme o governo divulgou neste m\u00eas. O Brasil registrou 848 v\u00edtimas entre janeiro e julho deste ano, contra 876 no mesmo per\u00edodo de 2025. O <a href=\"https:\/\/www.gov.br\/mj\/pt-br\/assuntos\/noticias-1\/numero-de-feminicidios-cai-no-brasil-nos-primeiros-sete-meses-de-2026\/panorama_feminicidios.pdf\" target=\"_blank\" rel=\"noopener\">resultado representou uma redu\u00e7\u00e3o de 3,2%<\/a>.<\/p>\n<p>\u00a0<\/p>\n<p>      <!-- Relacionada --><\/p>\n<p>            <!-- Relacionada -->\n    <\/div>\n<p><br \/>\n<br \/><a href=\"https:\/\/agenciabrasil.ebc.com.br\/direitos-humanos\/noticia\/2026-08\/violencia-contra-mulher-75-mil-agentes-serao-capacitados\" rel=\"noopener\">Informa\u00e7\u00f5es com a Ag\u00eancia Brasil<\/a><\/p>\n","protected":false},"excerpt":{"rendered":"<p>Pelo menos 7,5 mil agentes de seguran\u00e7a p\u00fablica das 27 capitais brasileiras e de 81 cidades do interior v\u00e3o passar, na pr\u00f3xima quarta (2), por um dia de capacita\u00e7\u00e3o, via transmiss\u00e3o simult\u00e2nea, para atendimento de mulheres v\u00edtimas de viol\u00eancias.\u00a0 A diretora de Ensino e Pesquisa da Secretaria Nacional de Seguran\u00e7a P\u00fablica, Michele Gon\u00e7alves dos Ramos, [&hellip;]<\/p>\n","protected":false},"author":1,"featured_media":75787,"comment_status":"closed","ping_status":"open","sticky":false,"template":"","format":"standard","meta":{"_jetpack_newsletter_access":"","_jetpack_dont_email_post_to_subs":false,"_jetpack_newsletter_tier_id":0,"_jetpack_memberships_contains_paywalled_content":false,"_mbp_banners":[],"_jetpack_feature_clip_id":0,"_jetpack_memberships_contains_paid_content":false,"footnotes":"","jetpack_publicize_message":"","jetpack_publicize_feature_enabled":true,"jetpack_social_post_already_shared":true,"jetpack_social_options":{"image_generator_settings":{"template":"highway","default_image_id":0,"font":"","enabled":false},"version":2},"jetpack_post_was_ever_published":false},"categories":[22],"tags":[],"class_list":["post-75786","post","type-post","status-publish","format-standard","has-post-thumbnail","category-nacional"],"jetpack_publicize_connections":[],"jetpack-related-posts":[],"jetpack_shortlink":"https:\/\/wp.me\/p7Eq1F-jIm","jetpack_sharing_enabled":true,"jetpack_featured_media_url":"https:\/\/i0.wp.com\/guialimeira.com.br\/news\/wp-content\/uploads\/2026\/09\/mg_6137.jpg?fit=1600%2C800&ssl=1","_links":{"self":[{"href":"https:\/\/guialimeira.com.br\/news\/wp-json\/wp\/v2\/posts\/75786","targetHints":{"allow":["GET"]}}],"collection":[{"href":"https:\/\/guialimeira.com.br\/news\/wp-json\/wp\/v2\/posts"}],"about":[{"href":"https:\/\/guialimeira.com.br\/news\/wp-json\/wp\/v2\/types\/post"}],"author":[{"embeddable":true,"href":"https:\/\/guialimeira.com.br\/news\/wp-json\/wp\/v2\/users\/1"}],"replies":[{"embeddable":true,"href":"https:\/\/guialimeira.com.br\/news\/wp-json\/wp\/v2\/comments?post=75786"}],"version-history":[{"count":1,"href":"https:\/\/guialimeira.com.br\/news\/wp-json\/wp\/v2\/posts\/75786\/revisions"}],"predecessor-version":[{"id":75788,"href":"https:\/\/guialimeira.com.br\/news\/wp-json\/wp\/v2\/posts\/75786\/revisions\/75788"}],"wp:featuredmedia":[{"embeddable":true,"href":"https:\/\/guialimeira.com.br\/news\/wp-json\/wp\/v2\/media\/75787"}],"wp:attachment":[{"href":"https:\/\/guialimeira.com.br\/news\/wp-json\/wp\/v2\/media?parent=75786"}],"wp:term":[{"taxonomy":"category","embeddable":true,"href":"https:\/\/guialimeira.com.br\/news\/wp-json\/wp\/v2\/categories?post=75786"},{"taxonomy":"post_tag","embeddable":true,"href":"https:\/\/guialimeira.com.br\/news\/wp-json\/wp\/v2\/tags?post=75786"}],"curies":[{"name":"wp","href":"https:\/\/api.w.org\/{rel}","templated":true}]}}