{"id":75780,"date":"2026-08-31T23:46:27","date_gmt":"2026-09-01T02:46:27","guid":{"rendered":"https:\/\/guialimeira.com.br\/news\/?p=75780"},"modified":"2026-08-31T23:46:27","modified_gmt":"2026-09-01T02:46:27","slug":"instituto-vladimir-herzog-alerta-fachin-sobre-interferencia-dos-eua","status":"publish","type":"post","link":"https:\/\/guialimeira.com.br\/news\/instituto-vladimir-herzog-alerta-fachin-sobre-interferencia-dos-eua\/","title":{"rendered":"Instituto Vladimir Herzog alerta Fachin sobre interfer\u00eancia dos EUA"},"content":{"rendered":"<p> <br \/>\n<\/p>\n<div>\n<p><strong>O presidente do Instituto Vladimir Herzog, Rog\u00e9rio Sottili, alertou, em carta enviada ao presidente do Supremo Tribunal Federal (STF), ministro Edson Fachin, para o risco de interfer\u00eancia dos Estados Unidos nas elei\u00e7\u00f5es brasileiras de 2026<\/strong>. O documento foi enviado dia 19 de agosto.<img data-recalc-dims=\"1\" decoding=\"async\" src=\"https:\/\/i0.wp.com\/agenciabrasil.ebc.com.br\/ebc.png?w=696&#038;ssl=1\" style=\"width:1px;height:1px;display:inline\" \/><img data-recalc-dims=\"1\" decoding=\"async\" src=\"https:\/\/i0.wp.com\/agenciabrasil.ebc.com.br\/ebc.gif?w=696&#038;ssl=1\" style=\"width:1px;height:1px;display:inline\" \/><\/p>\n<p><strong>Segundo Sottili, h\u00e1 sinais de que o resultado das elei\u00e7\u00f5es para a Presid\u00eancia da Rep\u00fablica poder\u00e1 n\u00e3o ser reconhecido pelo governo do presidente Donald Trump.<\/strong> A avalia\u00e7\u00e3o, segundo ele, foi feita ap\u00f3s viagem aos Estados Unidos, onde conversou com lideran\u00e7as pol\u00edticas e representantes de entidades da sociedade civil.<\/p>\n<p>\u201cJ\u00e1 existe inger\u00eancia externa por parte dos Estados Unidos e h\u00e1 um ind\u00edcio muito forte de que, sim, a tend\u00eancia seguir\u00e1 nesta crescente, com rela\u00e7\u00e3o \u00e0s elei\u00e7\u00f5es brasileiras para a presid\u00eancia e o poss\u00edvel n\u00e3o reconhecimento do resultado ao pleito\u201d, afirma Sottili na carta.<\/p>\n<p>O documento tamb\u00e9m manifesta preocupa\u00e7\u00e3o com a atua\u00e7\u00e3o da Organiza\u00e7\u00e3o dos Estados Americanos (OEA), que acompanha processos eleitorais nos pa\u00edses-membros. O instituto pede aten\u00e7\u00e3o preventiva das institui\u00e7\u00f5es brasileiras para garantir que a organiza\u00e7\u00e3o possa exercer suas fun\u00e7\u00f5es com autonomia, rigor t\u00e9cnico e postura republicana diante das press\u00f5es pol\u00edticas internacionais.<\/p>\n<p>O Instituto Vladimir Herzog tamb\u00e9m pede que o STF se posicione diante das amea\u00e7as. Segundo a entidade, um eventual questionamento internacional do resultado eleitoral poderia afetar a legitimidade da Corte e ser utilizado internamente para contestar decis\u00f5es judiciais.<\/p>\n<p>\u201cUm eventual questionamento internacional do resultado eleitoral pode deixar de ser apenas um problema diplom\u00e1tico quando passa a ser utilizado internamente para deslegitimar decis\u00f5es judiciais, estimular o descumprimento da Constitui\u00e7\u00e3o, atacar a independ\u00eancia do Poder Judici\u00e1rio ou sustentar iniciativas voltadas \u00e0 ruptura da ordem democr\u00e1tica\u201d, afirma a carta.<\/p>\n<p>      <!-- Relacionada --><br \/>\n            <!-- Relacionada -->\n    <\/div>\n<p><br \/>\n<br \/><a href=\"https:\/\/agenciabrasil.ebc.com.br\/politica\/noticia\/2026-08\/instituto-vladimir-herzog-alerta-fachin-sobre-interferencia-dos-eua\" rel=\"noopener\">Informa\u00e7\u00f5es com a Ag\u00eancia Brasil<\/a><\/p>\n","protected":false},"excerpt":{"rendered":"<p>O presidente do Instituto Vladimir Herzog, Rog\u00e9rio Sottili, alertou, em carta enviada ao presidente do Supremo Tribunal Federal (STF), ministro Edson Fachin, para o risco de interfer\u00eancia dos Estados Unidos nas elei\u00e7\u00f5es brasileiras de 2026. O documento foi enviado dia 19 de agosto. Segundo Sottili, h\u00e1 sinais de que o resultado das elei\u00e7\u00f5es para a [&hellip;]<\/p>\n","protected":false},"author":1,"featured_media":73719,"comment_status":"closed","ping_status":"open","sticky":false,"template":"","format":"standard","meta":{"_jetpack_newsletter_access":"","_jetpack_dont_email_post_to_subs":false,"_jetpack_newsletter_tier_id":0,"_jetpack_memberships_contains_paywalled_content":false,"_mbp_banners":[],"_jetpack_feature_clip_id":0,"_jetpack_memberships_contains_paid_content":false,"footnotes":"","jetpack_publicize_message":"","jetpack_publicize_feature_enabled":true,"jetpack_social_post_already_shared":true,"jetpack_social_options":{"image_generator_settings":{"template":"highway","default_image_id":0,"font":"","enabled":false},"version":2},"jetpack_post_was_ever_published":false},"categories":[22],"tags":[],"class_list":["post-75780","post","type-post","status-publish","format-standard","has-post-thumbnail","category-nacional"],"jetpack_publicize_connections":[],"jetpack-related-posts":[],"jetpack_shortlink":"https:\/\/wp.me\/p7Eq1F-jIg","jetpack_sharing_enabled":true,"jetpack_featured_media_url":"https:\/\/i0.wp.com\/guialimeira.com.br\/news\/wp-content\/uploads\/2026\/08\/55157256334_6416585a1d_o.jpg?fit=1600%2C800&ssl=1","_links":{"self":[{"href":"https:\/\/guialimeira.com.br\/news\/wp-json\/wp\/v2\/posts\/75780","targetHints":{"allow":["GET"]}}],"collection":[{"href":"https:\/\/guialimeira.com.br\/news\/wp-json\/wp\/v2\/posts"}],"about":[{"href":"https:\/\/guialimeira.com.br\/news\/wp-json\/wp\/v2\/types\/post"}],"author":[{"embeddable":true,"href":"https:\/\/guialimeira.com.br\/news\/wp-json\/wp\/v2\/users\/1"}],"replies":[{"embeddable":true,"href":"https:\/\/guialimeira.com.br\/news\/wp-json\/wp\/v2\/comments?post=75780"}],"version-history":[{"count":1,"href":"https:\/\/guialimeira.com.br\/news\/wp-json\/wp\/v2\/posts\/75780\/revisions"}],"predecessor-version":[{"id":75781,"href":"https:\/\/guialimeira.com.br\/news\/wp-json\/wp\/v2\/posts\/75780\/revisions\/75781"}],"wp:featuredmedia":[{"embeddable":true,"href":"https:\/\/guialimeira.com.br\/news\/wp-json\/wp\/v2\/media\/73719"}],"wp:attachment":[{"href":"https:\/\/guialimeira.com.br\/news\/wp-json\/wp\/v2\/media?parent=75780"}],"wp:term":[{"taxonomy":"category","embeddable":true,"href":"https:\/\/guialimeira.com.br\/news\/wp-json\/wp\/v2\/categories?post=75780"},{"taxonomy":"post_tag","embeddable":true,"href":"https:\/\/guialimeira.com.br\/news\/wp-json\/wp\/v2\/tags?post=75780"}],"curies":[{"name":"wp","href":"https:\/\/api.w.org\/{rel}","templated":true}]}}