{"id":7578,"date":"2024-06-05T13:47:49","date_gmt":"2024-06-05T16:47:49","guid":{"rendered":"https:\/\/guialimeira.com.br\/2024\/06\/05\/audiencias-publicas-comecam-no-dia-19\/"},"modified":"2024-06-05T13:47:49","modified_gmt":"2024-06-05T16:47:49","slug":"audiencias-publicas-comecam-no-dia-19","status":"publish","type":"post","link":"https:\/\/guialimeira.com.br\/news\/audiencias-publicas-comecam-no-dia-19\/","title":{"rendered":"audi\u00eancias p\u00fablicas come\u00e7am no dia 19"},"content":{"rendered":"<p> <br \/>\n<\/p>\n<div id=\"\">&#13;<br \/>\n                                <!-- Title -->&#13;<br \/>\n                                &#13;<br \/>\n&#13;<br \/>\n                                <!-- Excerpt -->&#13;<\/p>\n<p class=\"excerpt\">Sess\u00f5es v\u00e3o ocorrer na capital paulista, Guarulhos e Mogi das Cruzes para colher sugest\u00f5es e contribui\u00e7\u00f5es sobre a PPP na CPTM<\/p>\n<p>&#13;<br \/>\n&#13;<br \/>\n                                &#13;\n                            <\/p><\/div>\n<div id=\"\">&#13;<\/p>\n<p>O Governo de S\u00e3o Paulo, por meio da Secretaria de Parcerias em Investimentos, realizar\u00e1 tr\u00eas audi\u00eancias p\u00fablicas para colher sugest\u00f5es e contribui\u00e7\u00f5es sobre o projeto de PPP (Parceria p\u00fablico-privada) das linhas 11-Coral, 12-Safira e 13-Jade da CPTM (Companhia Paulista de Trens Metropolitanos).<\/p>\n<p>As sess\u00f5es ocorrer\u00e3o de forma presencial, com transmiss\u00e3o pela internet, na quarta-feira (19), na capital paulista, \u00e0s 9h, na sede do DER (Departamento de Estrada de Rodagem); na quinta-feira (20), em Guarulhos, \u00e0s 9h30, na sede da OAB (Ordem dos Advogados do Brasil); e na sexta-feira (21), em Mogi das Cruzes, \u00e0s 9h30, no audit\u00f3rio da OAB-Mogi das Cruzes \u2013 <em>veja endere\u00e7os abaixo<\/em>.<\/p>\n<p>Para assistir \u00e0 audi\u00eancia p\u00fablica n\u00e3o \u00e9 necess\u00e1ria a inscri\u00e7\u00e3o pr\u00e9via, respeitando a capacidade de cada local. O link para acessar a transmiss\u00e3o online, juntamente com o regulamento, as formas de participa\u00e7\u00e3o e outras informa\u00e7\u00f5es relevantes ao processo, ser\u00e3o previamente disponibilizados no site da Secretaria de Parcerias em Investimentos na p\u00e1gina <a href=\"https:\/\/www.parceriaseminvestimentos.sp.gov.br\/transparencia\/participacao-social\/\" rel=\"noopener\">https:\/\/www.parceriaseminvestimentos.sp.gov.br\/transparencia\/participacao-social\/<\/a><\/p>\n<h3>LEIA TAMB\u00c9M:<\/h3>\n<h3>PPI CPTM<\/h3>\n<p>O Programa de Parcerias de Investimentos do Estado de S\u00e3o Paulo (PPI-SP) qualificou as linhas 11-Coral, 12-Safira e 13-Jade da CPTM (Companhia Paulista de Trens Metropolitanos) para serem administradas pela iniciativa privada. O escopo prev\u00ea, por exemplo, a extens\u00e3o da Linha 13-Jade at\u00e9 Parque da Mooca e Bonsucesso e a constru\u00e7\u00e3o de 11 novas esta\u00e7\u00f5es e adequa\u00e7\u00e3o das existentes.<\/p>\n<p>O empreendimento tem car\u00e1ter social de atendimento da zona leste, regi\u00e3o com maior d\u00e9ficit de transporte na regi\u00e3o metropolitana de S\u00e3o Paulo, e inclui 10 novas esta\u00e7\u00f5es, adequa\u00e7\u00e3o e reconstru\u00e7\u00e3o de esta\u00e7\u00f5es existentes, al\u00e9m da requalifica\u00e7\u00e3o da infraestrutura e sistemas.<\/p>\n<ul>\n<li>Demanda aproximada de 1 milh\u00e3o de passageiros\/dia<\/li>\n<li>Regi\u00e3o conta com mais de 4,6 milh\u00f5es de habitantes, com deslocamento pendular, ou seja, que se deslocam para outras cidades para trabalhar ou estudar<\/li>\n<\/ul><\/div>\n<p><br \/>\n<br \/><a href=\"https:\/\/www.saopaulo.sp.gov.br\/spnoticias\/ultimas-noticias\/concessao-ppp-da-cptm-audiencias-publicas-comecam-no-dia-19\/\" rel=\"noopener\">Informa\u00e7\u00f5es GOV.SP<\/a><\/p>\n","protected":false},"excerpt":{"rendered":"<p>&#13; &#13; &#13; &#13; &#13; Sess\u00f5es v\u00e3o ocorrer na capital paulista, Guarulhos e Mogi das Cruzes para colher sugest\u00f5es e contribui\u00e7\u00f5es sobre a PPP na CPTM &#13; &#13; &#13; &#13; O Governo de S\u00e3o Paulo, por meio da Secretaria de Parcerias em Investimentos, realizar\u00e1 tr\u00eas audi\u00eancias p\u00fablicas para colher sugest\u00f5es e contribui\u00e7\u00f5es sobre o projeto [&hellip;]<\/p>\n","protected":false},"author":1,"featured_media":238,"comment_status":"open","ping_status":"open","sticky":false,"template":"","format":"standard","meta":{"_jetpack_newsletter_access":"","_jetpack_dont_email_post_to_subs":false,"_jetpack_newsletter_tier_id":0,"_jetpack_memberships_contains_paywalled_content":false,"_mbp_banners":[],"_jetpack_feature_clip_id":0,"_jetpack_memberships_contains_paid_content":false,"footnotes":"","jetpack_publicize_message":"","jetpack_publicize_feature_enabled":true,"jetpack_social_post_already_shared":true,"jetpack_social_options":{"image_generator_settings":{"template":"highway","default_image_id":0,"font":"","enabled":false},"version":2},"jetpack_post_was_ever_published":false},"categories":[21],"tags":[],"class_list":["post-7578","post","type-post","status-publish","format-standard","has-post-thumbnail","category-sp-news"],"jetpack_publicize_connections":[],"jetpack-related-posts":[],"jetpack_shortlink":"https:\/\/wp.me\/p7Eq1F-1Ye","jetpack_sharing_enabled":true,"jetpack_featured_media_url":"https:\/\/i0.wp.com\/guialimeira.com.br\/news\/wp-content\/uploads\/2024\/03\/cover.png?fit=650%2C650&ssl=1","_links":{"self":[{"href":"https:\/\/guialimeira.com.br\/news\/wp-json\/wp\/v2\/posts\/7578","targetHints":{"allow":["GET"]}}],"collection":[{"href":"https:\/\/guialimeira.com.br\/news\/wp-json\/wp\/v2\/posts"}],"about":[{"href":"https:\/\/guialimeira.com.br\/news\/wp-json\/wp\/v2\/types\/post"}],"author":[{"embeddable":true,"href":"https:\/\/guialimeira.com.br\/news\/wp-json\/wp\/v2\/users\/1"}],"replies":[{"embeddable":true,"href":"https:\/\/guialimeira.com.br\/news\/wp-json\/wp\/v2\/comments?post=7578"}],"version-history":[{"count":0,"href":"https:\/\/guialimeira.com.br\/news\/wp-json\/wp\/v2\/posts\/7578\/revisions"}],"wp:featuredmedia":[{"embeddable":true,"href":"https:\/\/guialimeira.com.br\/news\/wp-json\/wp\/v2\/media\/238"}],"wp:attachment":[{"href":"https:\/\/guialimeira.com.br\/news\/wp-json\/wp\/v2\/media?parent=7578"}],"wp:term":[{"taxonomy":"category","embeddable":true,"href":"https:\/\/guialimeira.com.br\/news\/wp-json\/wp\/v2\/categories?post=7578"},{"taxonomy":"post_tag","embeddable":true,"href":"https:\/\/guialimeira.com.br\/news\/wp-json\/wp\/v2\/tags?post=7578"}],"curies":[{"name":"wp","href":"https:\/\/api.w.org\/{rel}","templated":true}]}}