{"id":75778,"date":"2026-08-31T22:45:21","date_gmt":"2026-09-01T01:45:21","guid":{"rendered":"https:\/\/guialimeira.com.br\/news\/?p=75778"},"modified":"2026-08-31T22:45:21","modified_gmt":"2026-09-01T01:45:21","slug":"confira-como-foi-a-segunda-feira-31-dos-candidatos-a-presidente","status":"publish","type":"post","link":"https:\/\/guialimeira.com.br\/news\/confira-como-foi-a-segunda-feira-31-dos-candidatos-a-presidente\/","title":{"rendered":"Confira como foi a segunda-feira (31) dos candidatos a presidente"},"content":{"rendered":"<p> <br \/>\n<\/p>\n<div>\n<p>Os candidatos \u00e0 Presid\u00eancia da Rep\u00fablica cumpriram agendas de campanha nesta segunda-feira (31) com entrevistas, sabatinas, reuni\u00f5es, panfletagens e encontros com apoiadores e trabalhadores.<img data-recalc-dims=\"1\" decoding=\"async\" src=\"https:\/\/i0.wp.com\/agenciabrasil.ebc.com.br\/ebc.png?w=696&#038;ssl=1\" style=\"width:1px;height:1px;display:inline\" \/><img data-recalc-dims=\"1\" decoding=\"async\" src=\"https:\/\/i0.wp.com\/agenciabrasil.ebc.com.br\/ebc.gif?w=696&#038;ssl=1\" style=\"width:1px;height:1px;display:inline\" \/><\/p>\n<p>Entre os temas abordados estiveram o desenvolvimento econ\u00f4mico, o incentivo aos pequenos neg\u00f3cios, a defesa dos Correios como empresa p\u00fablica e o combate \u00e0 corrup\u00e7\u00e3o. Candidatos tamb\u00e9m se reuniram com representantes dos setores automotivo e da constru\u00e7\u00e3o civil. As atividades foram realizadas principalmente em Curitiba, Porto Alegre e S\u00e3o Paulo.\u00a0<\/p>\n<h2>&gt;&gt; Veja como foi o dia dos candidatos a presidente:\u00a0<\/h2>\n<p><strong>Augusto Cury (Avante)<\/strong><br \/>Em Curitiba (PR), Cury defendeu uma mudan\u00e7a no modelo de desenvolvimento econ\u00f4mico brasileiro, com maior incentivo \u00e0 produ\u00e7\u00e3o, \u00e0 agrega\u00e7\u00e3o de valor e ao fortalecimento dos empreendedores. \u201cPrecisamos mostrar o Brasil como um supermercado do mundo, e n\u00e3o apenas como uma fazenda do mundo\u201d, afirmou.<\/p>\n<p>Cury tamb\u00e9m defendeu a amplia\u00e7\u00e3o do acesso ao financiamento para os pequenos neg\u00f3cios.\u00a0\u00a0<\/p>\n<p>Em Gravata\u00ed (RS), participou da inaugura\u00e7\u00e3o do Comit\u00ea do Avante.\u00a0<\/p>\n<p><strong>Clariana Bar\u00e3o (Democracia Crist\u00e3)<\/strong><br \/>A candidata foi entrevistada pela R\u00e1dio Pinel, no Rio Grande do Sul.<\/p>\n<p><strong>Hertz Dias (PSTU)<\/strong><br \/>Em Porto Alegre (RS), participou de panfletagem e conversa com trabalhadores dos Correios. Durante o di\u00e1logo, Dias reafirmou sua defesa de uma empresa p\u00fablica, estatal e voltada ao atendimento das necessidades da popula\u00e7\u00e3o.\u00a0<\/p>\n<p>Segundo o candidato, os Correios cumprem uma fun\u00e7\u00e3o estrat\u00e9gica para a integra\u00e7\u00e3o.\u00a0&#8220;Os Correios s\u00e3o patrim\u00f4nio do povo brasileiro. \u00c9 uma empresa que chega aos lugares mais distantes do pa\u00eds, presta servi\u00e7os essenciais e garante a integra\u00e7\u00e3o nacional. Somos contra qualquer tentativa de privatiza\u00e7\u00e3o&#8221;, afirmou.<\/p>\n<p>O candidato tamb\u00e9m teve atividades no centro da cidade, na Universidade Federal do Rio Grande do Sul (Ufrgs), em sindicatos e no Hospital de Cl\u00ednicas<\/p>\n<p><strong>Renan Santos (Miss\u00e3o)<\/strong><br \/>Participou de entrevista no jornal O Estado de S\u00e3o Paulo e, mais tarde, de uma sabatina na Gazeta do Povo.<\/p>\n<p>\u00c0 tarde, Renan Santos convocou uma coletiva de imprensa para falar sobre a <a href=\"https:\/\/agenciabrasil.ebc.com.br\/politica\/noticia\/2026-08\/renan-santos-diz-que-vai-pedir-liminar-contra-suspensao-de-candidatura\" rel=\"noopener\">suspens\u00e3o de sua propaganda eleitoral<\/a>, decis\u00e3o tomada pelo ministro Dias Toffoli, do Tribunal Superior Eleitoral (TSE).<\/p>\n<p>\u201cFoi uma inflex\u00e3o autorit\u00e1ria. N\u00e3o d\u00e1 para justificar de maneira racional\u201d, declarou Renan.\u00a0O partido Miss\u00e3o pretende entrar com recurso contra a decis\u00e3o do TSE.<\/p>\n<p><strong>Romeu Zema (Novo)<\/strong><br \/>Pela manh\u00e3, o candidato esteve em frente \u00e0 sede da Pol\u00edcia Federal, em Curitiba (PR), para conversar com apoiadores e integrantes de movimentos ligados \u00e0 Lava Jato. \u00c0 tarde, se reuniu com moradores do bairro Santa C\u00e2ndida, na capital paranaense, para conversar sobre corrup\u00e7\u00e3o.<\/p>\n<p><strong>Ronaldo Caiado (PSD)<\/strong><br \/>Pela manh\u00e3, participou de sabatina na r\u00e1dio Jovem Pan, em S\u00e3o Paulo (SP). Em seguida reuniu-se com a diretoria da Associa\u00e7\u00e3o Nacional dos Fabricantes de Ve\u00edculos Automotores (Anfavea). Em outro compromisso, esteve com membros do Sindicato da Ind\u00fastria da Constru\u00e7\u00e3o Civil do Estado de S\u00e3o Paulo (SindusCon-SP).\u00a0<\/p>\n<p>Na reuni\u00e3o, Caiado disse que os empres\u00e1rios n\u00e3o t\u00eam dificuldade com rela\u00e7\u00e3o \u00e0 quest\u00e3o da escala 6X1 e sim com a maneira como a mat\u00e9ria foi discutida, segundo ele, n\u00e3o permitindo que os empres\u00e1rios pudessem adapt\u00e1-la \u00e0 condi\u00e7\u00e3o de trabalho do setor.\u00a0<\/p>\n<p>\u201cEu pretendo dar viabilidade para a ind\u00fastria, para o com\u00e9rcio, para os varejistas e para o pequeno e microempres\u00e1rio. L\u00f3gico que ningu\u00e9m vai insistir em situa\u00e7\u00f5es que amanh\u00e3 possam provocar o colapso do setor industrial brasileiro\u201d, disse.<\/p>\n<p><strong>Wilson Grassi (Democrata)<\/strong><br \/>O candidato participou pela manh\u00e3 de reuni\u00e3o de alinhamento com comit\u00ea de campanha. No per\u00edodo da tarde, gravou v\u00eddeos para campanha com a \u00e1rea de marketing.<\/p>\n<p>Os candidatos <strong>Edmilson Costa (PCB), Fl\u00e1vio Bolsonaro (PL), Luiz In\u00e1cio Lula da Silva (PT), Samara Martins (UP) <\/strong>e <strong>Rui Costa Pimenta (PCO) <\/strong>n\u00e3o tiveram agenda p\u00fablica de campanha nesta segunda-feira.<\/p>\n<p>A ordem de apresenta\u00e7\u00e3o da cobertura da agenda dos candidatos a presidente segue rod\u00edzio di\u00e1rio em ordem alfab\u00e9tica.<\/p>\n<p>      <!-- Relacionada --><\/p>\n<p>            <!-- Relacionada -->\n    <\/div>\n<p><br \/>\n<br \/><a href=\"https:\/\/agenciabrasil.ebc.com.br\/politica\/noticia\/2026-08\/confira-como-foi-segunda-feira-31-dos-candidatos-presidente\" rel=\"noopener\">Informa\u00e7\u00f5es com a Ag\u00eancia Brasil<\/a><\/p>\n","protected":false},"excerpt":{"rendered":"<p>Os candidatos \u00e0 Presid\u00eancia da Rep\u00fablica cumpriram agendas de campanha nesta segunda-feira (31) com entrevistas, sabatinas, reuni\u00f5es, panfletagens e encontros com apoiadores e trabalhadores. Entre os temas abordados estiveram o desenvolvimento econ\u00f4mico, o incentivo aos pequenos neg\u00f3cios, a defesa dos Correios como empresa p\u00fablica e o combate \u00e0 corrup\u00e7\u00e3o. Candidatos tamb\u00e9m se reuniram com representantes [&hellip;]<\/p>\n","protected":false},"author":1,"featured_media":73550,"comment_status":"closed","ping_status":"open","sticky":false,"template":"","format":"standard","meta":{"_jetpack_newsletter_access":"","_jetpack_dont_email_post_to_subs":false,"_jetpack_newsletter_tier_id":0,"_jetpack_memberships_contains_paywalled_content":false,"_mbp_banners":[],"_jetpack_feature_clip_id":0,"_jetpack_memberships_contains_paid_content":false,"footnotes":"","jetpack_publicize_message":"","jetpack_publicize_feature_enabled":true,"jetpack_social_post_already_shared":true,"jetpack_social_options":{"image_generator_settings":{"template":"highway","default_image_id":0,"font":"","enabled":false},"version":2},"jetpack_post_was_ever_published":false},"categories":[22],"tags":[],"class_list":["post-75778","post","type-post","status-publish","format-standard","has-post-thumbnail","category-nacional"],"jetpack_publicize_connections":[],"jetpack-related-posts":[],"jetpack_shortlink":"https:\/\/wp.me\/p7Eq1F-jIe","jetpack_sharing_enabled":true,"jetpack_featured_media_url":"https:\/\/i0.wp.com\/guialimeira.com.br\/news\/wp-content\/uploads\/2026\/08\/eleicoes-2026-banner.png?fit=1600%2C800&ssl=1","_links":{"self":[{"href":"https:\/\/guialimeira.com.br\/news\/wp-json\/wp\/v2\/posts\/75778","targetHints":{"allow":["GET"]}}],"collection":[{"href":"https:\/\/guialimeira.com.br\/news\/wp-json\/wp\/v2\/posts"}],"about":[{"href":"https:\/\/guialimeira.com.br\/news\/wp-json\/wp\/v2\/types\/post"}],"author":[{"embeddable":true,"href":"https:\/\/guialimeira.com.br\/news\/wp-json\/wp\/v2\/users\/1"}],"replies":[{"embeddable":true,"href":"https:\/\/guialimeira.com.br\/news\/wp-json\/wp\/v2\/comments?post=75778"}],"version-history":[{"count":1,"href":"https:\/\/guialimeira.com.br\/news\/wp-json\/wp\/v2\/posts\/75778\/revisions"}],"predecessor-version":[{"id":75779,"href":"https:\/\/guialimeira.com.br\/news\/wp-json\/wp\/v2\/posts\/75778\/revisions\/75779"}],"wp:featuredmedia":[{"embeddable":true,"href":"https:\/\/guialimeira.com.br\/news\/wp-json\/wp\/v2\/media\/73550"}],"wp:attachment":[{"href":"https:\/\/guialimeira.com.br\/news\/wp-json\/wp\/v2\/media?parent=75778"}],"wp:term":[{"taxonomy":"category","embeddable":true,"href":"https:\/\/guialimeira.com.br\/news\/wp-json\/wp\/v2\/categories?post=75778"},{"taxonomy":"post_tag","embeddable":true,"href":"https:\/\/guialimeira.com.br\/news\/wp-json\/wp\/v2\/tags?post=75778"}],"curies":[{"name":"wp","href":"https:\/\/api.w.org\/{rel}","templated":true}]}}