{"id":75761,"date":"2026-08-31T19:42:23","date_gmt":"2026-08-31T22:42:23","guid":{"rendered":"https:\/\/guialimeira.com.br\/news\/?p=75761"},"modified":"2026-08-31T19:42:23","modified_gmt":"2026-08-31T22:42:23","slug":"aos-19-anos-jose-antonio-santos-e-campeao-mundial-de-bocha-em-seul","status":"publish","type":"post","link":"https:\/\/guialimeira.com.br\/news\/aos-19-anos-jose-antonio-santos-e-campeao-mundial-de-bocha-em-seul\/","title":{"rendered":"Aos 19 anos, Jos\u00e9 Ant\u00f4nio Santos \u00e9 campe\u00e3o mundial de bocha em Seul"},"content":{"rendered":"<p> <br \/>\n<\/p>\n<div>\n<p>O Brasil subiu ao p\u00f3dio tr\u00eas vezes no Mundial de Bocha em Seul (Coreia do Sul) nesta segunda-feira (31), om medalhas de ouro, prata e bronze nas disputas individuais. Aos 19 anos, o potiguar Jos\u00e9 Ant\u00f4nio Santos foi campe\u00e3o na classe BC4 (defici\u00eancias severas sem op\u00e7\u00e3o de aux\u00edlio).<img data-recalc-dims=\"1\" decoding=\"async\" src=\"https:\/\/i0.wp.com\/agenciabrasil.ebc.com.br\/ebc.png?w=696&#038;ssl=1\" style=\"width:1px;height:1px;display:inline\" \/><img data-recalc-dims=\"1\" decoding=\"async\" src=\"https:\/\/i0.wp.com\/agenciabrasil.ebc.com.br\/ebc.gif?w=696&#038;ssl=1\" style=\"width:1px;height:1px;display:inline\" \/><\/p>\n<p>O dia tamb\u00e9m foi bom para o mineiro Mateus Carvalho, que faturou prata na classe BC3 (atletas que t\u00eam aux\u00edlio de um calheiro) e para o medalhista paral\u00edmpico Maciel Santos, bronze na classe BC2 (atletas sem op\u00e7\u00e3o de aux\u00edlio).<\/p>\n<p>Jos\u00e9 Ant\u00f4nio garantiu o topo do p\u00f3dio ao vencer por 6 a 1 a final contra Yuk Wing Leung, atleta de Hong Kong. O jovem potiguar j\u00e1 brilhara no ano passado com o t\u00edtulo in\u00e9dito para o pa\u00eds no Mundial de Jovens, em Curitiba. Ele tem distrofia muscular de Duchenne, doen\u00e7a gen\u00e9tica que causa degenera\u00e7\u00e3o progressiva dos m\u00fasculos. Entre adultos, e Jos\u00e9 Ant\u00f4nio\u00a0tamb\u00e9m foi campe\u00e3o da Copa Am\u00e9rica, na Col\u00f4mbia, em outubro.<\/p>\n<blockquote class=\"instagram-media\" data-instgrm-captioned=\"\" data-instgrm-permalink=\"https:\/\/www.instagram.com\/p\/DctW7xNDg_I\/?utm_source=ig_embed&amp;utm_campaign=loading\" data-instgrm-version=\"14\" style=\"background:#FFF;border:0;border-radius:3px;margin: 1px;max-width:540px;min-width:326px;padding:0;width:99.375%;width:-webkit-calc(100% - 2px);width:calc(100% - 2px)\">\n<\/blockquote>\n<p>O segundo p\u00f3dio do dia foi assegurado por Mateus Carvalho, que chegou \u00e0 final da classe BC3, ao derrotar na semi o franc\u00eas Jules Menard por 5 a 0. Na decis\u00e3o valendo o ouro, o mineiro foi superado pelo australiano Daniel Michel por 3 a 2 e ficou com a prata.<\/p>\n<p>J\u00e1 o cearense Maciel Santos faturou o bronze ap\u00f3s cravar 10 a 0 contra o chin\u00eas Zhiqiang Yan na disputa pelo terceiro lugar na classe BC2. Maciel foi campe\u00e3o paral\u00edmpico individual nos Jogos de Londres 2012 e T\u00f3quio 2020, e tamb\u00e9m faturou prata na disputa de pares da Rio 2016.<\/p>\n<p>O desempenho brasileiro nos embates individuais de Seul superou o registrado h\u00e1 quatro anos na edi\u00e7\u00e3o do Rio de Janeiro (um ouro). A competi\u00e7\u00e3o prossegue at\u00e9 a pr\u00f3xima quinta (3), com as disputas de pares e equipes.<\/p>\n<p>      <!-- Relacionada --><\/p>\n<p>            <!-- Relacionada -->\n    <\/div>\n<p><a href=\"\/\/www.instagram.com\/embed.js\">\/\/www.instagram.com\/embed.js<\/a><br \/>\n<br \/><br \/>\n<br \/><a href=\"https:\/\/agenciabrasil.ebc.com.br\/esportes\/noticia\/2026-08\/aos-19-anos-jose-antonio-santos-e-campeao-mundial-de-bocha-em-seul\" rel=\"noopener\">Informa\u00e7\u00f5es com a Ag\u00eancia Brasil<\/a><\/p>\n","protected":false},"excerpt":{"rendered":"<p>O Brasil subiu ao p\u00f3dio tr\u00eas vezes no Mundial de Bocha em Seul (Coreia do Sul) nesta segunda-feira (31), om medalhas de ouro, prata e bronze nas disputas individuais. Aos 19 anos, o potiguar Jos\u00e9 Ant\u00f4nio Santos foi campe\u00e3o na classe BC4 (defici\u00eancias severas sem op\u00e7\u00e3o de aux\u00edlio). O dia tamb\u00e9m foi bom para o [&hellip;]<\/p>\n","protected":false},"author":1,"featured_media":75762,"comment_status":"closed","ping_status":"open","sticky":false,"template":"","format":"standard","meta":{"_jetpack_newsletter_access":"","_jetpack_dont_email_post_to_subs":false,"_jetpack_newsletter_tier_id":0,"_jetpack_memberships_contains_paywalled_content":false,"_mbp_banners":[],"_jetpack_feature_clip_id":0,"_jetpack_memberships_contains_paid_content":false,"footnotes":"","jetpack_publicize_message":"","jetpack_publicize_feature_enabled":true,"jetpack_social_post_already_shared":true,"jetpack_social_options":{"image_generator_settings":{"template":"highway","default_image_id":0,"font":"","enabled":false},"version":2},"jetpack_post_was_ever_published":false},"categories":[22],"tags":[],"class_list":["post-75761","post","type-post","status-publish","format-standard","has-post-thumbnail","category-nacional"],"jetpack_publicize_connections":[],"jetpack-related-posts":[],"jetpack_shortlink":"https:\/\/wp.me\/p7Eq1F-jHX","jetpack_sharing_enabled":true,"jetpack_featured_media_url":"https:\/\/i0.wp.com\/guialimeira.com.br\/news\/wp-content\/uploads\/2026\/08\/jose_antonio_santos_bocha_2025.jpg?fit=1600%2C800&ssl=1","_links":{"self":[{"href":"https:\/\/guialimeira.com.br\/news\/wp-json\/wp\/v2\/posts\/75761","targetHints":{"allow":["GET"]}}],"collection":[{"href":"https:\/\/guialimeira.com.br\/news\/wp-json\/wp\/v2\/posts"}],"about":[{"href":"https:\/\/guialimeira.com.br\/news\/wp-json\/wp\/v2\/types\/post"}],"author":[{"embeddable":true,"href":"https:\/\/guialimeira.com.br\/news\/wp-json\/wp\/v2\/users\/1"}],"replies":[{"embeddable":true,"href":"https:\/\/guialimeira.com.br\/news\/wp-json\/wp\/v2\/comments?post=75761"}],"version-history":[{"count":1,"href":"https:\/\/guialimeira.com.br\/news\/wp-json\/wp\/v2\/posts\/75761\/revisions"}],"predecessor-version":[{"id":75763,"href":"https:\/\/guialimeira.com.br\/news\/wp-json\/wp\/v2\/posts\/75761\/revisions\/75763"}],"wp:featuredmedia":[{"embeddable":true,"href":"https:\/\/guialimeira.com.br\/news\/wp-json\/wp\/v2\/media\/75762"}],"wp:attachment":[{"href":"https:\/\/guialimeira.com.br\/news\/wp-json\/wp\/v2\/media?parent=75761"}],"wp:term":[{"taxonomy":"category","embeddable":true,"href":"https:\/\/guialimeira.com.br\/news\/wp-json\/wp\/v2\/categories?post=75761"},{"taxonomy":"post_tag","embeddable":true,"href":"https:\/\/guialimeira.com.br\/news\/wp-json\/wp\/v2\/tags?post=75761"}],"curies":[{"name":"wp","href":"https:\/\/api.w.org\/{rel}","templated":true}]}}