{"id":75759,"date":"2026-08-31T18:41:28","date_gmt":"2026-08-31T21:41:28","guid":{"rendered":"https:\/\/guialimeira.com.br\/news\/?p=75759"},"modified":"2026-08-31T18:41:28","modified_gmt":"2026-08-31T21:41:28","slug":"orcamento-de-2027-preve-salario-minimo-de-r-1-741","status":"publish","type":"post","link":"https:\/\/guialimeira.com.br\/news\/orcamento-de-2027-preve-salario-minimo-de-r-1-741\/","title":{"rendered":"Or\u00e7amento de 2027 prev\u00ea sal\u00e1rio m\u00ednimo de R$ 1.741"},"content":{"rendered":"<p> <br \/>\n<\/p>\n<div>\n<p>A nova regra de corre\u00e7\u00e3o fez o governo elevar a previs\u00e3o para o sal\u00e1rio m\u00ednimo no pr\u00f3ximo ano. O projeto da Lei Or\u00e7ament\u00e1ria de 2027, enviado na noite desta segunda-feira (31) ao Congresso, prev\u00ea m\u00ednimo de R$ 1.741, R$ 24 mais alto que <a href=\"https:\/\/agenciabrasil.ebc.com.br\/economia\/noticia\/2026-04\/governo-propoe-salario-minimo-de-r-1717-em-2027\" target=\"_blank\" rel=\"noopener\">o valor de R$ 1.717 proposto na Lei de Diretrizes Or\u00e7ament\u00e1rias (LDO)<\/a>.<img data-recalc-dims=\"1\" decoding=\"async\" src=\"https:\/\/i0.wp.com\/agenciabrasil.ebc.com.br\/ebc.png?w=696&#038;ssl=1\" style=\"width:1px;height:1px;display:inline\" \/><img data-recalc-dims=\"1\" decoding=\"async\" src=\"https:\/\/i0.wp.com\/agenciabrasil.ebc.com.br\/ebc.gif?w=696&#038;ssl=1\" style=\"width:1px;height:1px;display:inline\" \/><\/p>\n<p><a href=\"https:\/\/agenciabrasil.ebc.com.br\/economia\/noticia\/2026-08\/salario-minimo-devera-subir-para-r-1741-em-2027\" target=\"_blank\" rel=\"noopener\">Adiantado na semana passada pelo ministro da Fazenda, Dario Durigan<\/a>,\u00a0o valor representa aumento nominal de 7,4% em rela\u00e7\u00e3o ao sal\u00e1rio m\u00ednimo de R$ 1.621 que est\u00e1 em vigor.<\/p>\n<p>A alta obedece \u00e0 regra aprovada no fim do ano passado, que limita o crescimento do sal\u00e1rio m\u00ednimo a 2,5% acima da infla\u00e7\u00e3o do ano anterior.<\/p>\n<p>O valor final do sal\u00e1rio m\u00ednimo em 2027 pode ficar ainda maior, caso o\u00a0\u00cdndice Nacional de Pre\u00e7os ao Consumidor\u00a0(INPC) suba mais que o esperado at\u00e9 novembro. O indicador \u00e9 uma das medidas de infla\u00e7\u00e3o calculadas pelo Instituto Brasileiro de Geografia e Estat\u00edstica.<\/p>\n<p>Com base na infla\u00e7\u00e3o acumulada entre dezembro de 2025 e novembro de 2026, o governo enviar\u00e1 uma mensagem modificativa ao Congresso no in\u00edcio de dezembro.<\/p>\n<p>      <!-- Relacionada --><\/p>\n<p>            <!-- Relacionada -->\n    <\/div>\n<p><br \/>\n<br \/><a href=\"https:\/\/agenciabrasil.ebc.com.br\/economia\/noticia\/2026-08\/orcamento-de-2027-preve-salario-minimo-de-r-1741\" rel=\"noopener\">Informa\u00e7\u00f5es com a Ag\u00eancia Brasil<\/a><\/p>\n","protected":false},"excerpt":{"rendered":"<p>A nova regra de corre\u00e7\u00e3o fez o governo elevar a previs\u00e3o para o sal\u00e1rio m\u00ednimo no pr\u00f3ximo ano. O projeto da Lei Or\u00e7ament\u00e1ria de 2027, enviado na noite desta segunda-feira (31) ao Congresso, prev\u00ea m\u00ednimo de R$ 1.741, R$ 24 mais alto que o valor de R$ 1.717 proposto na Lei de Diretrizes Or\u00e7ament\u00e1rias (LDO). [&hellip;]<\/p>\n","protected":false},"author":1,"featured_media":73297,"comment_status":"closed","ping_status":"open","sticky":false,"template":"","format":"standard","meta":{"_jetpack_newsletter_access":"","_jetpack_dont_email_post_to_subs":false,"_jetpack_newsletter_tier_id":0,"_jetpack_memberships_contains_paywalled_content":false,"_mbp_banners":[],"_jetpack_feature_clip_id":0,"_jetpack_memberships_contains_paid_content":false,"footnotes":"","jetpack_publicize_message":"","jetpack_publicize_feature_enabled":true,"jetpack_social_post_already_shared":true,"jetpack_social_options":{"image_generator_settings":{"template":"highway","default_image_id":0,"font":"","enabled":false},"version":2},"jetpack_post_was_ever_published":false},"categories":[22],"tags":[],"class_list":["post-75759","post","type-post","status-publish","format-standard","has-post-thumbnail","category-nacional"],"jetpack_publicize_connections":[],"jetpack-related-posts":[],"jetpack_shortlink":"https:\/\/wp.me\/p7Eq1F-jHV","jetpack_sharing_enabled":true,"jetpack_featured_media_url":"https:\/\/i0.wp.com\/guialimeira.com.br\/news\/wp-content\/uploads\/2026\/07\/1785322215_raf1006_1.jpg?fit=1600%2C800&ssl=1","_links":{"self":[{"href":"https:\/\/guialimeira.com.br\/news\/wp-json\/wp\/v2\/posts\/75759","targetHints":{"allow":["GET"]}}],"collection":[{"href":"https:\/\/guialimeira.com.br\/news\/wp-json\/wp\/v2\/posts"}],"about":[{"href":"https:\/\/guialimeira.com.br\/news\/wp-json\/wp\/v2\/types\/post"}],"author":[{"embeddable":true,"href":"https:\/\/guialimeira.com.br\/news\/wp-json\/wp\/v2\/users\/1"}],"replies":[{"embeddable":true,"href":"https:\/\/guialimeira.com.br\/news\/wp-json\/wp\/v2\/comments?post=75759"}],"version-history":[{"count":1,"href":"https:\/\/guialimeira.com.br\/news\/wp-json\/wp\/v2\/posts\/75759\/revisions"}],"predecessor-version":[{"id":75760,"href":"https:\/\/guialimeira.com.br\/news\/wp-json\/wp\/v2\/posts\/75759\/revisions\/75760"}],"wp:featuredmedia":[{"embeddable":true,"href":"https:\/\/guialimeira.com.br\/news\/wp-json\/wp\/v2\/media\/73297"}],"wp:attachment":[{"href":"https:\/\/guialimeira.com.br\/news\/wp-json\/wp\/v2\/media?parent=75759"}],"wp:term":[{"taxonomy":"category","embeddable":true,"href":"https:\/\/guialimeira.com.br\/news\/wp-json\/wp\/v2\/categories?post=75759"},{"taxonomy":"post_tag","embeddable":true,"href":"https:\/\/guialimeira.com.br\/news\/wp-json\/wp\/v2\/tags?post=75759"}],"curies":[{"name":"wp","href":"https:\/\/api.w.org\/{rel}","templated":true}]}}