{"id":75757,"date":"2026-08-31T17:40:17","date_gmt":"2026-08-31T20:40:17","guid":{"rendered":"https:\/\/guialimeira.com.br\/news\/?p=75757"},"modified":"2026-08-31T17:40:17","modified_gmt":"2026-08-31T20:40:17","slug":"brasil-aponta-tratamento-discriminatorio-em-tarifas-dos-estados-unidos","status":"publish","type":"post","link":"https:\/\/guialimeira.com.br\/news\/brasil-aponta-tratamento-discriminatorio-em-tarifas-dos-estados-unidos\/","title":{"rendered":"Brasil aponta tratamento discriminat\u00f3rio em tarifas dos Estados Unidos"},"content":{"rendered":"<p> <br \/>\n<\/p>\n<div>\n<p>O Brasil reiterou nesta segunda-feira (31) a insatisfa\u00e7\u00e3o com as tarifas impostas pelos Estados Unidos e afirmou que as medidas adotadas por Washington s\u00e3o\u00a0discriminat\u00f3rias e incompat\u00edveis com as regras internacionais de com\u00e9rcio.<img data-recalc-dims=\"1\" decoding=\"async\" src=\"https:\/\/i0.wp.com\/agenciabrasil.ebc.com.br\/ebc.png?w=696&#038;ssl=1\" style=\"width:1px;height:1px;display:inline\" \/><img data-recalc-dims=\"1\" decoding=\"async\" src=\"https:\/\/i0.wp.com\/agenciabrasil.ebc.com.br\/ebc.gif?w=696&#038;ssl=1\" style=\"width:1px;height:1px;display:inline\" \/><\/p>\n<p>A posi\u00e7\u00e3o foi apresentada pelos ministros das Rela\u00e7\u00f5es Exteriores, Mauro Vieira, e do Desenvolvimento, Ind\u00fastria, Com\u00e9rcio e Servi\u00e7os, M\u00e1rcio Elias Rosa,\u00a0em <a href=\"https:\/\/agenciabrasil.ebc.com.br\/internacional\/noticia\/2026-08\/brasil-e-eua-retomam-negociacao-apos-tarifacos-de-25-e-125\" target=\"_blank\" rel=\"noopener\">reuni\u00e3o virtual com o representante de Com\u00e9rcio dos Estados Unidos, Jamieson Greer, realizada no in\u00edcio da tarde<\/a>.<\/p>\n<p><strong>Em nota conjunta, os minist\u00e9rios\u00a0consideraram injusto o tratamento dado ao Brasil e disseram que as justificativas apresentadas nas investiga\u00e7\u00f5es americanas n\u00e3o correspondem \u00e0s efetivas pr\u00e1ticas brasileiras<\/strong>.<\/p>\n<p>&#8220;Uma vez mais, [os ministros Mauro Vieira e M\u00e1rcio Elias Rosa] indicaram que as justificativas apresentadas pelo Governo dos Estados Unidos, nas conclus\u00f5es das investiga\u00e7\u00f5es conduzidas ao amparo da Se\u00e7\u00e3o 301 da Lei de Com\u00e9rcio norte-americana, n\u00e3o correspondem \u00e0s efetivas pr\u00e1ticas brasileiras, sendo injusto o tratamento discriminat\u00f3rio adotado contra o Brasil&#8221;, destacaram os dois minist\u00e9rios em nota conjunta.<\/p>\n<h2>Di\u00e1logo continua<\/h2>\n<p>Apesar das diverg\u00eancias, os dois pa\u00edses decidiram manter as negocia\u00e7\u00f5es. Reuni\u00f5es t\u00e9cnicas ser\u00e3o realizadas nas pr\u00f3ximas semanas, virtuais ou presenciais, seguidas de novo encontro ministerial para avaliar os avan\u00e7os.<\/p>\n<p><strong>O governo brasileiro afirmou que continuar\u00e1 buscando \u201cum acordo equilibrado e mutuamente ben\u00e9fico\u201d com os Estados Unidos<\/strong>, com respeito ao di\u00e1logo e \u00e0 soberania nacional.<\/p>\n<h2>Entenda a disputa<\/h2>\n<p>A retomada das conversas ocorre ap\u00f3s <a href=\"https:\/\/agenciabrasil.ebc.com.br\/internacional\/noticia\/2026-08\/lula-liga-para-trump-e-diz-que-alegacoes-para-tarifaco-sao-infundadas\" target=\"_top\" rel=\"noopener\">o telefonema entre os presidentes Luiz In\u00e1cio Lula da Silva e Donald Trump, em 21 de agosto<\/a>. Na ocasi\u00e3o, Lula voltou a contestar as tarifas, e Trump prop\u00f4s a retomada das negocia\u00e7\u00f5es.<\/p>\n<p>O Brasil est\u00e1 sujeito a uma tarifa adicional de 25% aplicada especificamente pelo governo americano e a outra sobretaxa de 12,5%, justificada por Washington por quest\u00f5es relacionadas ao combate ao trabalho for\u00e7ado.<\/p>\n<p>A primeira medida foi baseada em investiga\u00e7\u00e3o do Escrit\u00f3rio do Representante Comercial dos EUA (USTR), que apontou supostas pr\u00e1ticas comerciais desleais do Brasil, <a href=\"https:\/\/agenciabrasil.ebc.com.br\/economia\/noticia\/2026-07\/modelo-do-pix-desafia-controle-financeiro-dos-eua-sobre-o-brasil\" target=\"_blank\" rel=\"noopener\">em temas como pagamentos eletr\u00f4nicos (Pix)<\/a> e acesso ao mercado de etanol. O governo brasileiro rejeita os argumentos e considera a medida injustificada.<\/p>\n<p>A disputa ocorre ainda em meio \u00e0 <a href=\"https:\/\/agenciabrasil.ebc.com.br\/internacional\/noticia\/2025-12\/eua-afirmam-proeminencia-na-america-latina-em-recado-china\" target=\"_blank\" rel=\"noopener\">crescente competi\u00e7\u00e3o econ\u00f4mica entre Estados Unidos e China pela influ\u00eancia na Am\u00e9rica Latina<\/a>, adicionando uma dimens\u00e3o geopol\u00edtica \u00e0s negocia\u00e7\u00f5es entre Bras\u00edlia e Washington.<\/p>\n<p>      <!-- Relacionada --><\/p>\n<p>            <!-- Relacionada -->\n    <\/div>\n<p><br \/>\n<br \/><a href=\"https:\/\/agenciabrasil.ebc.com.br\/internacional\/noticia\/2026-08\/brasil-aponta-tratamento-discriminatorio-em-tarifas-dos-estados-unidos\" rel=\"noopener\">Informa\u00e7\u00f5es com a Ag\u00eancia Brasil<\/a><\/p>\n","protected":false},"excerpt":{"rendered":"<p>O Brasil reiterou nesta segunda-feira (31) a insatisfa\u00e7\u00e3o com as tarifas impostas pelos Estados Unidos e afirmou que as medidas adotadas por Washington s\u00e3o\u00a0discriminat\u00f3rias e incompat\u00edveis com as regras internacionais de com\u00e9rcio. A posi\u00e7\u00e3o foi apresentada pelos ministros das Rela\u00e7\u00f5es Exteriores, Mauro Vieira, e do Desenvolvimento, Ind\u00fastria, Com\u00e9rcio e Servi\u00e7os, M\u00e1rcio Elias Rosa,\u00a0em reuni\u00e3o virtual [&hellip;]<\/p>\n","protected":false},"author":1,"featured_media":72206,"comment_status":"closed","ping_status":"open","sticky":false,"template":"","format":"standard","meta":{"_jetpack_newsletter_access":"","_jetpack_dont_email_post_to_subs":false,"_jetpack_newsletter_tier_id":0,"_jetpack_memberships_contains_paywalled_content":false,"_mbp_banners":[],"_jetpack_feature_clip_id":0,"_jetpack_memberships_contains_paid_content":false,"footnotes":"","jetpack_publicize_message":"","jetpack_publicize_feature_enabled":true,"jetpack_social_post_already_shared":true,"jetpack_social_options":{"image_generator_settings":{"template":"highway","default_image_id":0,"font":"","enabled":false},"version":2},"jetpack_post_was_ever_published":false},"categories":[22],"tags":[],"class_list":["post-75757","post","type-post","status-publish","format-standard","has-post-thumbnail","category-nacional"],"jetpack_publicize_connections":[],"jetpack-related-posts":[],"jetpack_shortlink":"https:\/\/wp.me\/p7Eq1F-jHT","jetpack_sharing_enabled":true,"jetpack_featured_media_url":"https:\/\/i0.wp.com\/guialimeira.com.br\/news\/wp-content\/uploads\/2026\/07\/adobestock_386665695_0.jpeg?fit=1600%2C800&ssl=1","_links":{"self":[{"href":"https:\/\/guialimeira.com.br\/news\/wp-json\/wp\/v2\/posts\/75757","targetHints":{"allow":["GET"]}}],"collection":[{"href":"https:\/\/guialimeira.com.br\/news\/wp-json\/wp\/v2\/posts"}],"about":[{"href":"https:\/\/guialimeira.com.br\/news\/wp-json\/wp\/v2\/types\/post"}],"author":[{"embeddable":true,"href":"https:\/\/guialimeira.com.br\/news\/wp-json\/wp\/v2\/users\/1"}],"replies":[{"embeddable":true,"href":"https:\/\/guialimeira.com.br\/news\/wp-json\/wp\/v2\/comments?post=75757"}],"version-history":[{"count":1,"href":"https:\/\/guialimeira.com.br\/news\/wp-json\/wp\/v2\/posts\/75757\/revisions"}],"predecessor-version":[{"id":75758,"href":"https:\/\/guialimeira.com.br\/news\/wp-json\/wp\/v2\/posts\/75757\/revisions\/75758"}],"wp:featuredmedia":[{"embeddable":true,"href":"https:\/\/guialimeira.com.br\/news\/wp-json\/wp\/v2\/media\/72206"}],"wp:attachment":[{"href":"https:\/\/guialimeira.com.br\/news\/wp-json\/wp\/v2\/media?parent=75757"}],"wp:term":[{"taxonomy":"category","embeddable":true,"href":"https:\/\/guialimeira.com.br\/news\/wp-json\/wp\/v2\/categories?post=75757"},{"taxonomy":"post_tag","embeddable":true,"href":"https:\/\/guialimeira.com.br\/news\/wp-json\/wp\/v2\/tags?post=75757"}],"curies":[{"name":"wp","href":"https:\/\/api.w.org\/{rel}","templated":true}]}}