{"id":75753,"date":"2026-08-31T16:39:23","date_gmt":"2026-08-31T19:39:23","guid":{"rendered":"https:\/\/guialimeira.com.br\/news\/?p=75753"},"modified":"2026-08-31T16:39:23","modified_gmt":"2026-08-31T19:39:23","slug":"orcamento-de-2027-tera-aporte-de-r-6-bilhoes-aos-correios","status":"publish","type":"post","link":"https:\/\/guialimeira.com.br\/news\/orcamento-de-2027-tera-aporte-de-r-6-bilhoes-aos-correios\/","title":{"rendered":"Or\u00e7amento de 2027 ter\u00e1 aporte de R$ 6 bilh\u00f5es aos Correios"},"content":{"rendered":"<p> <br \/>\n<\/p>\n<div>\n<p><strong>O governo federal vai prever um aporte de R$ 6 bilh\u00f5es no caixa dos Correios em 2027, como parte do acordo de financiamento firmado pela estatal no fim de 2025 e do plano de reestrutura\u00e7\u00e3o da empresa. <\/strong><img data-recalc-dims=\"1\" decoding=\"async\" src=\"https:\/\/i0.wp.com\/agenciabrasil.ebc.com.br\/ebc.png?w=696&#038;ssl=1\" style=\"width:1px;height:1px;display:inline\" \/><img data-recalc-dims=\"1\" decoding=\"async\" src=\"https:\/\/i0.wp.com\/agenciabrasil.ebc.com.br\/ebc.gif?w=696&#038;ssl=1\" style=\"width:1px;height:1px;display:inline\" \/><\/p>\n<p>O valor ser\u00e1 inclu\u00eddo no Projeto de Lei Or\u00e7ament\u00e1ria Anual (PLOA) de 2027, que ser\u00e1 encaminhado ao Congresso Nacional nesta segunda-feira (31). A medida ocorre ap\u00f3s a estatal registrar preju\u00edzo l\u00edquido de R$ 2,4 bilh\u00f5es no segundo trimestre de 2026.<\/p>\n<p>A previs\u00e3o do aporte foi confirmada em nota conjunta dos minist\u00e9rios das Comunica\u00e7\u00f5es, da Gest\u00e3o e Inova\u00e7\u00e3o em Servi\u00e7os P\u00fablicos e do Planejamento e Or\u00e7amento.<\/p>\n<p><strong>Segundo a nota, a previs\u00e3o de R$ 6 bilh\u00f5es est\u00e1 relacionada \u00e0s condi\u00e7\u00f5es estabelecidas no contrato do empr\u00e9stimo de R$ 12 bilh\u00f5es firmado pelos Correios com cinco bancos em dezembro de 2025.<\/strong><\/p>\n<p>O acordo prev\u00ea que a Uni\u00e3o dever\u00e1 injetar pelo menos R$ 6 bilh\u00f5es para apoiar a execu\u00e7\u00e3o do plano de reequil\u00edbrio da estatal. O contrato estabelece que o recurso precisa estar dispon\u00edvel at\u00e9 o fim de 2027, mas permite que o governo defina o momento e a forma de distribui\u00e7\u00e3o do montante.<\/p>\n<p><strong>A opera\u00e7\u00e3o de cr\u00e9dito foi realizada com garantia do Tesouro Nacional. Isso significa que, caso os Correios n\u00e3o cumpram as obriga\u00e7\u00f5es financeiras, a Uni\u00e3o poder\u00e1 ser acionada para honrar a d\u00edvida com as institui\u00e7\u00f5es credoras.<\/strong><\/p>\n<p>A inclus\u00e3o do valor no PLOA representa a previs\u00e3o or\u00e7ament\u00e1ria do recurso, mas n\u00e3o significa que os R$ 6 bilh\u00f5es ser\u00e3o necessariamente transferidos de uma s\u00f3 vez no in\u00edcio de 2027.<\/p>\n<h2>Balan\u00e7o<\/h2>\n<p>No s\u00e1bado (29), os Correios divulgaram um balan\u00e7o que apontou preju\u00edzo l\u00edquido de R$ 2,4 bilh\u00f5es no segundo trimestre e de R$ 5,5 bilh\u00f5es de janeiro a junho.\u00a0 <strong>Apesar de inferior em rela\u00e7\u00e3o ao mesmo per\u00edodo de 2025,\u00a0 o preju\u00edzo \u00e9 cerca de 30% maior que o resultado negativo acumulado do primeiro semestre.<\/strong><\/p>\n<h2>Principais n\u00fameros<\/h2>\n<ul>\n<li>R$ 2,4 bilh\u00f5es: preju\u00edzo l\u00edquido no segundo trimestre de 2026<\/li>\n<li>Redu\u00e7\u00e3o de 5,5% do preju\u00edzo do segundo trimestre ante o mesmo per\u00edodo de 2025<\/li>\n<li>R$ 5,5 bilh\u00f5es: preju\u00edzo acumulado no primeiro semestre<\/li>\n<li>Alta de 30,4% do preju\u00edzo semestral em rela\u00e7\u00e3o a 2025<\/li>\n<li>R$ 7,9 bilh\u00f5es: receita no primeiro semestre<\/li>\n<li>R$ 274,5 milh\u00f5es: margem bruta no semestre<\/li>\n<li>Queda de 4,2% nos gastos com pessoal no semestre<\/li>\n<li>R$ 233,7 milh\u00f5es: economia com despesas de pessoal<\/li>\n<li>6.545: empregados desligados pelo PDV, dos quais 2.767 no primeiro semestre<\/li>\n<li>R$ 322 milh\u00f5es: economia com a regulariza\u00e7\u00e3o de passivos vencidos<\/li>\n<li>R$ 1,8 bilh\u00e3o: d\u00edvida banc\u00e1ria quitada antecipadamente<\/li>\n<li>R$ 460,4 milh\u00f5es: queda nas receitas do segmento internacional<\/li>\n<\/ul>\n<h2>Crise financeira<\/h2>\n<p>Os Correios atravessam uma crise financeira marcada por sucessivos preju\u00edzos, queda nas receitas e aumento das despesas. A empresa lan\u00e7ou, em dezembro de 2025, um plano de reestrutura\u00e7\u00e3o com medidas destinadas a melhorar o caixa e recuperar os resultados.<\/p>\n<p>Entre as a\u00e7\u00f5es est\u00e3o o Programa de Demiss\u00e3o Volunt\u00e1ria (PDV), redu\u00e7\u00e3o de custos, venda de im\u00f3veis ociosos, renegocia\u00e7\u00e3o de contratos, mudan\u00e7as na jornada de trabalho, altera\u00e7\u00f5es nos planos de sa\u00fade, retorno ao trabalho presencial e cria\u00e7\u00e3o de um marketplace pr\u00f3prio.<\/p>\n<p>No segundo trimestre de 2026, a estatal registrou preju\u00edzo l\u00edquido de R$ 2,4 bilh\u00f5es. Segundo os Correios, entre os fatores que pressionam as contas est\u00e3o a redu\u00e7\u00e3o das receitas dos servi\u00e7os postais tradicionais, o aumento dos custos operacionais, passivos judiciais, maior concorr\u00eancia no setor de log\u00edstica e as despesas relacionadas \u00e0 manuten\u00e7\u00e3o da rede necess\u00e1ria para garantir o servi\u00e7o postal universal.<\/p>\n<h2>D\u00edvida alongada<\/h2>\n<p><strong>Apesar do resultado negativo, o governo destacou mudan\u00e7as no perfil da d\u00edvida da estatal no primeiro semestre.<\/strong><\/p>\n<p>Os Correios encerraram o per\u00edodo sem empr\u00e9stimos com vencimento no curto prazo, quitaram uma opera\u00e7\u00e3o considerada mais onerosa e conseguiram ampliar o prazo de parte da d\u00edvida de 18 para 180 meses.<\/p>\n<p>A empresa tamb\u00e9m concluiu <a href=\"https:\/\/agenciabrasil.ebc.com.br\/economia\/noticia\/2025-12\/tesouro-aprova-emprestimo-de-r-12-bilhoes-para-os-correios\" target=\"_blank\" rel=\"noopener\">capta\u00e7\u00f5es de R$ 12 bilh\u00f5es com garantia da Uni\u00e3o<\/a>\u00a0e negocia uma nova opera\u00e7\u00e3o de cr\u00e9dito de aproximadamente R$ 7 bilh\u00f5es, tamb\u00e9m com aval do governo federal. Segundo os Correios, as tratativas est\u00e3o em est\u00e1gio avan\u00e7ado.<\/p>\n<h2>Custos sob controle<\/h2>\n<p>O governo tamb\u00e9m destacou a redu\u00e7\u00e3o das despesas operacionais durante o primeiro semestre.<\/p>\n<p><strong>Os custos dos servi\u00e7os dos Correios somaram R$ 7,6 bilh\u00f5es no per\u00edodo, 14% abaixo do valor previsto no or\u00e7amento para os primeiros seis meses do ano. Os gastos com pessoal recuaram cerca de 4%, em parte como resultado do programa de demiss\u00e3o volunt\u00e1ria.<\/strong><\/p>\n<p><strong>O desempenho do Ebitda, indicador utilizado para medir o resultado operacional antes de juros, impostos, deprecia\u00e7\u00e3o e amortiza\u00e7\u00e3o, tamb\u00e9m ficou acima do esperado. O resultado foi R$ 910 milh\u00f5es, ou 18%, melhor que a previs\u00e3o para o per\u00edodo.<\/strong><\/p>\n<p>Para o governo, os n\u00fameros indicam avan\u00e7o na recupera\u00e7\u00e3o operacional, embora a situa\u00e7\u00e3o financeira da empresa ainda exija medidas de reestrutura\u00e7\u00e3o e refor\u00e7o de liquidez.<\/p>\n<h2>Garantia do Tesouro<\/h2>\n<p>O empr\u00e9stimo de R$ 12 bilh\u00f5es contratado em 2025 foi concedido por Banco do Brasil, Caixa Econ\u00f4mica Federal, Bradesco, Ita\u00fa e Santander, com garantia da Uni\u00e3o.<\/p>\n<p>O contrato prev\u00ea consequ\u00eancias caso o aporte m\u00ednimo estabelecido n\u00e3o seja realizado. Nessa situa\u00e7\u00e3o, os bancos podem exigir o vencimento antecipado da d\u00edvida, levando \u00e0 necessidade de quita\u00e7\u00e3o dos R$ 12 bilh\u00f5es pela Uni\u00e3o, al\u00e9m dos encargos previstos.<\/p>\n<p>Em maio, o Tribunal de Contas da Uni\u00e3o (TCU) determinou ao governo\u00a0a <a href=\"https:\/\/agenciabrasil.ebc.com.br\/economia\/noticia\/2026-07\/tcu-cita-risco-fiscal-dos-correios-e-defende-compensacao-de-custos\" target=\"_blank\" rel=\"noopener\">ado\u00e7\u00e3o de medidas<\/a> para viabilizar o cumprimento da obriga\u00e7\u00e3o dentro do prazo previsto.<\/p>\n<p>      <!-- Relacionada --><\/p>\n<p>            <!-- Relacionada -->\n    <\/div>\n<p><br \/>\n<br \/><a href=\"https:\/\/agenciabrasil.ebc.com.br\/economia\/noticia\/2026-08\/orcamento-de-2027-tera-aporte-de-r-6-bilhoes-aos-correios\" rel=\"noopener\">Informa\u00e7\u00f5es com a Ag\u00eancia Brasil<\/a><\/p>\n","protected":false},"excerpt":{"rendered":"<p>O governo federal vai prever um aporte de R$ 6 bilh\u00f5es no caixa dos Correios em 2027, como parte do acordo de financiamento firmado pela estatal no fim de 2025 e do plano de reestrutura\u00e7\u00e3o da empresa. O valor ser\u00e1 inclu\u00eddo no Projeto de Lei Or\u00e7ament\u00e1ria Anual (PLOA) de 2027, que ser\u00e1 encaminhado ao Congresso [&hellip;]<\/p>\n","protected":false},"author":1,"featured_media":67044,"comment_status":"closed","ping_status":"open","sticky":false,"template":"","format":"standard","meta":{"_jetpack_newsletter_access":"","_jetpack_dont_email_post_to_subs":false,"_jetpack_newsletter_tier_id":0,"_jetpack_memberships_contains_paywalled_content":false,"_mbp_banners":[],"_jetpack_feature_clip_id":0,"_jetpack_memberships_contains_paid_content":false,"footnotes":"","jetpack_publicize_message":"","jetpack_publicize_feature_enabled":true,"jetpack_social_post_already_shared":true,"jetpack_social_options":{"image_generator_settings":{"template":"highway","default_image_id":0,"font":"","enabled":false},"version":2},"jetpack_post_was_ever_published":false},"categories":[22],"tags":[],"class_list":["post-75753","post","type-post","status-publish","format-standard","has-post-thumbnail","category-nacional"],"jetpack_publicize_connections":[],"jetpack-related-posts":[],"jetpack_shortlink":"https:\/\/wp.me\/p7Eq1F-jHP","jetpack_sharing_enabled":true,"jetpack_featured_media_url":"https:\/\/i0.wp.com\/guialimeira.com.br\/news\/wp-content\/uploads\/2026\/05\/pzzb6151.jpg?fit=1600%2C800&ssl=1","_links":{"self":[{"href":"https:\/\/guialimeira.com.br\/news\/wp-json\/wp\/v2\/posts\/75753","targetHints":{"allow":["GET"]}}],"collection":[{"href":"https:\/\/guialimeira.com.br\/news\/wp-json\/wp\/v2\/posts"}],"about":[{"href":"https:\/\/guialimeira.com.br\/news\/wp-json\/wp\/v2\/types\/post"}],"author":[{"embeddable":true,"href":"https:\/\/guialimeira.com.br\/news\/wp-json\/wp\/v2\/users\/1"}],"replies":[{"embeddable":true,"href":"https:\/\/guialimeira.com.br\/news\/wp-json\/wp\/v2\/comments?post=75753"}],"version-history":[{"count":1,"href":"https:\/\/guialimeira.com.br\/news\/wp-json\/wp\/v2\/posts\/75753\/revisions"}],"predecessor-version":[{"id":75754,"href":"https:\/\/guialimeira.com.br\/news\/wp-json\/wp\/v2\/posts\/75753\/revisions\/75754"}],"wp:featuredmedia":[{"embeddable":true,"href":"https:\/\/guialimeira.com.br\/news\/wp-json\/wp\/v2\/media\/67044"}],"wp:attachment":[{"href":"https:\/\/guialimeira.com.br\/news\/wp-json\/wp\/v2\/media?parent=75753"}],"wp:term":[{"taxonomy":"category","embeddable":true,"href":"https:\/\/guialimeira.com.br\/news\/wp-json\/wp\/v2\/categories?post=75753"},{"taxonomy":"post_tag","embeddable":true,"href":"https:\/\/guialimeira.com.br\/news\/wp-json\/wp\/v2\/tags?post=75753"}],"curies":[{"name":"wp","href":"https:\/\/api.w.org\/{rel}","templated":true}]}}