{"id":75748,"date":"2026-08-31T14:37:19","date_gmt":"2026-08-31T17:37:19","guid":{"rendered":"https:\/\/guialimeira.com.br\/news\/?p=75748"},"modified":"2026-08-31T14:37:19","modified_gmt":"2026-08-31T17:37:19","slug":"jogadores-do-vasco-e-do-vila-nova-sao-alvos-de-mandados-de-busca","status":"publish","type":"post","link":"https:\/\/guialimeira.com.br\/news\/jogadores-do-vasco-e-do-vila-nova-sao-alvos-de-mandados-de-busca\/","title":{"rendered":"Jogadores do Vasco e do Vila Nova s\u00e3o alvos de mandados de busca"},"content":{"rendered":"<p> <br \/>\n<\/p>\n<div>\n<p>Os jogadores de futebol David Corr\u00eaa, do Vasco da Gama (RJ), e Hayner Cordeiro, do Vila Nova (GO), foram alvos de mandados de busca e apreens\u00e3o nesta segunda-feira (31), em uma a\u00e7\u00e3o liderada pela\u00a0Pol\u00edcia Civil do Esp\u00edrito Santo.<img data-recalc-dims=\"1\" decoding=\"async\" src=\"https:\/\/i0.wp.com\/agenciabrasil.ebc.com.br\/ebc.png?w=696&#038;ssl=1\" style=\"width:1px;height:1px;display:inline\" \/><img data-recalc-dims=\"1\" decoding=\"async\" src=\"https:\/\/i0.wp.com\/agenciabrasil.ebc.com.br\/ebc.gif?w=696&#038;ssl=1\" style=\"width:1px;height:1px;display:inline\" \/><\/p>\n<p>A opera\u00e7\u00e3o A Tropa apura supostos crimes de tr\u00e1fico de drogas e de armas, al\u00e9m de lavagem de dinheiro, por uma organiza\u00e7\u00e3o criminosa de atua\u00e7\u00e3o interestadual.<\/p>\n<p>De acordo com a Pol\u00edcia Civil capixaba, <strong>s\u00e3o cumpridos nesta segunda quatro mandados de pris\u00e3o tempor\u00e1ria e 15 mandados de busca e apreens\u00e3o.<\/strong> A opera\u00e7\u00e3o segue em andamento.<\/p>\n<p>As dilig\u00eancias s\u00e3o realizadas em munic\u00edpios da Grande Vit\u00f3ria e tamb\u00e9m em Afonso Cl\u00e1udio, no Esp\u00edrito Santo. Tamb\u00e9m h\u00e1 alvos localizados no Rio de Janeiro, em\u00a0Goi\u00e1s e no Distrito Federal.<\/p>\n<p>O objetivo dos agentes \u00e9 esclarecer os crimes e promover a desarticula\u00e7\u00e3o da estrutura criminosa em quest\u00e3o. O nome da opera\u00e7\u00e3o faz refer\u00eancia ao nome\u00a0usado pelos pr\u00f3prios investigados para se referirem ao grupo.\u00a0<\/p>\n<p>A <strong>Ag\u00eancia Brasil<\/strong> n\u00e3o conseguiu contato com as defesas dos jogadores citados e mant\u00e9m o espa\u00e7o aberto para que suas manifesta\u00e7\u00f5es sejam acrescentadas nesta reportagem.<\/p>\n<h2>Vasco e Vila Nova\u00a0<\/h2>\n<p>Por meio de sua assessoria de imprensa, o Vasco da Gama disse que est\u00e1 colaborando com as autoridades e aguarda a conclus\u00e3o das investiga\u00e7\u00f5es.\u00a0<\/p>\n<p>Segundo a Pol\u00edcia Civil do Rio de Janeiro, o atleta do clube \u00e9 o \u00fanico alvo da opera\u00e7\u00e3o na capital fluminense. <strong>Os mandados contra David Corr\u00eaa foram cumpridos na resid\u00eancia do jogador e no Centro de Treinamento do Vasco.<\/strong><\/p>\n<p>Em nota oficial, o Vila Nova Futebol Clube tamb\u00e9m se manifestou sobre a opera\u00e7\u00e3o e disse que Hayner afirmou n\u00e3o ter envolvimento com atividades il\u00edcitas. O clube comunicou que aguarda os desdobramentos da opera\u00e7\u00e3o e, \u201ca partir dos fatos que forem efetivamente apurados pelas autoridades competentes, tomar\u00e1 as medidas que se fizerem necess\u00e1rias\u201d.<\/p>\n<p><strong>O Vila Nova informou que os mandados de busca e apreens\u00e3o foram cumpridos na resid\u00eancia do atleta Hayner e no Centro de Treinamento Vila do Tigre, \u201cexclusivamente em seu arm\u00e1rio pessoal, para averigua\u00e7\u00e3o\u201d, diz a nota<\/strong>.<\/p>\n<p>\u201cHayner acredita que tenha sido inclu\u00eddo entre os alvos da medida judicial em raz\u00e3o de uma amizade de inf\u00e2ncia com um dos investigados por tr\u00e1fico de drogas, que \u00e9 oriundo da mesma comunidade onde o jogador cresceu, no Esp\u00edrito Santo, local tamb\u00e9m relacionado a outros atletas que foram alvo da opera\u00e7\u00e3o\u201d, acrescentou o texto divulgado.<\/p>\n<p>O clube afirmou ainda que Hayner colaborou integralmente com as autoridades e se colocou \u00e0 disposi\u00e7\u00e3o para prestar todos os esclarecimentos necess\u00e1rios. \u201cAt\u00e9 o momento, Hayner continua exercendo suas atividades profissionais normalmente\u201d.<\/p>\n<h2>A\u00e7\u00e3o coordenada<\/h2>\n<p>No territ\u00f3rio fluminense, os mandados foram cumpridos pela Pol\u00edcia Civil do Rio de Janeiro, contra alvos na Barra da Tijuca e em Vargem Grande, na zona sudoeste da capital. As investiga\u00e7\u00f5es apuram poss\u00edveis envolvimentos n\u00e3o s\u00f3 de atletas profissionais, mas tamb\u00e9m de empres\u00e1rios com a organiza\u00e7\u00e3o criminosa.<\/p>\n<p>No Rio de Janeiro, a a\u00e7\u00e3o \u00e9 coordenada pela 14\u00aa DP (Leblon), com apoio da Delegacia de Repress\u00e3o a Armas e Explosivos (Desarme) e de outras unidades do Departamento-Geral de Pol\u00edcia da Capital (DGPC).<\/p>\n<p>No Esp\u00edrito Santo, participam da opera\u00e7\u00e3o cerca de 100 policiais civis, com apoio operacional da Superintend\u00eancia de Pol\u00edcia Especializada (SPE), da Coordenadoria de Recursos Especiais (Core) e do N\u00facleo de Opera\u00e7\u00f5es e Transporte A\u00e9reo (Notaer).\u00a0<\/p>\n<p>Em nota, a Pol\u00edcia Civil de Goi\u00e1s (PCGO) informou ter prestado apoio operacional \u00e0 a\u00e7\u00e3o coordenada pela Pol\u00edcia Civil do Estado do Esp\u00edrito Santo (PCES).<\/p>\n<p>      <!-- Relacionada --><\/p>\n<p>            <!-- Relacionada -->\n    <\/div>\n<p><br \/>\n<br \/><a href=\"https:\/\/agenciabrasil.ebc.com.br\/justica\/noticia\/2026-08\/jogadores-do-vasco-e-do-vila-nova-sao-alvos-de-mandados-de-busca\" rel=\"noopener\">Informa\u00e7\u00f5es com a Ag\u00eancia Brasil<\/a><\/p>\n","protected":false},"excerpt":{"rendered":"<p>Os jogadores de futebol David Corr\u00eaa, do Vasco da Gama (RJ), e Hayner Cordeiro, do Vila Nova (GO), foram alvos de mandados de busca e apreens\u00e3o nesta segunda-feira (31), em uma a\u00e7\u00e3o liderada pela\u00a0Pol\u00edcia Civil do Esp\u00edrito Santo. A opera\u00e7\u00e3o A Tropa apura supostos crimes de tr\u00e1fico de drogas e de armas, al\u00e9m de lavagem [&hellip;]<\/p>\n","protected":false},"author":1,"featured_media":75749,"comment_status":"closed","ping_status":"open","sticky":false,"template":"","format":"standard","meta":{"_jetpack_newsletter_access":"","_jetpack_dont_email_post_to_subs":false,"_jetpack_newsletter_tier_id":0,"_jetpack_memberships_contains_paywalled_content":false,"_mbp_banners":[],"_jetpack_feature_clip_id":0,"_jetpack_memberships_contains_paid_content":false,"footnotes":"","jetpack_publicize_message":"","jetpack_publicize_feature_enabled":true,"jetpack_social_post_already_shared":true,"jetpack_social_options":{"image_generator_settings":{"template":"highway","default_image_id":0,"font":"","enabled":false},"version":2},"jetpack_post_was_ever_published":false},"categories":[22],"tags":[],"class_list":["post-75748","post","type-post","status-publish","format-standard","has-post-thumbnail","category-nacional"],"jetpack_publicize_connections":[],"jetpack-related-posts":[],"jetpack_shortlink":"https:\/\/wp.me\/p7Eq1F-jHK","jetpack_sharing_enabled":true,"jetpack_featured_media_url":"https:\/\/i0.wp.com\/guialimeira.com.br\/news\/wp-content\/uploads\/2026\/08\/operacao-vasco_copy.jpg?fit=1600%2C800&ssl=1","_links":{"self":[{"href":"https:\/\/guialimeira.com.br\/news\/wp-json\/wp\/v2\/posts\/75748","targetHints":{"allow":["GET"]}}],"collection":[{"href":"https:\/\/guialimeira.com.br\/news\/wp-json\/wp\/v2\/posts"}],"about":[{"href":"https:\/\/guialimeira.com.br\/news\/wp-json\/wp\/v2\/types\/post"}],"author":[{"embeddable":true,"href":"https:\/\/guialimeira.com.br\/news\/wp-json\/wp\/v2\/users\/1"}],"replies":[{"embeddable":true,"href":"https:\/\/guialimeira.com.br\/news\/wp-json\/wp\/v2\/comments?post=75748"}],"version-history":[{"count":1,"href":"https:\/\/guialimeira.com.br\/news\/wp-json\/wp\/v2\/posts\/75748\/revisions"}],"predecessor-version":[{"id":75750,"href":"https:\/\/guialimeira.com.br\/news\/wp-json\/wp\/v2\/posts\/75748\/revisions\/75750"}],"wp:featuredmedia":[{"embeddable":true,"href":"https:\/\/guialimeira.com.br\/news\/wp-json\/wp\/v2\/media\/75749"}],"wp:attachment":[{"href":"https:\/\/guialimeira.com.br\/news\/wp-json\/wp\/v2\/media?parent=75748"}],"wp:term":[{"taxonomy":"category","embeddable":true,"href":"https:\/\/guialimeira.com.br\/news\/wp-json\/wp\/v2\/categories?post=75748"},{"taxonomy":"post_tag","embeddable":true,"href":"https:\/\/guialimeira.com.br\/news\/wp-json\/wp\/v2\/tags?post=75748"}],"curies":[{"name":"wp","href":"https:\/\/api.w.org\/{rel}","templated":true}]}}