{"id":75746,"date":"2026-08-31T13:36:22","date_gmt":"2026-08-31T16:36:22","guid":{"rendered":"https:\/\/guialimeira.com.br\/news\/?p=75746"},"modified":"2026-08-31T13:36:22","modified_gmt":"2026-08-31T16:36:22","slug":"camara-deve-decidir-sobre-taxa-das-blusinhas-nesta-segunda","status":"publish","type":"post","link":"https:\/\/guialimeira.com.br\/news\/camara-deve-decidir-sobre-taxa-das-blusinhas-nesta-segunda\/","title":{"rendered":"C\u00e2mara deve decidir sobre &#8220;taxa das blusinhas&#8221; nesta segunda"},"content":{"rendered":"<p> <br \/>\n<\/p>\n<div>\n<p><strong>A <a href=\"https:\/\/www.camara.leg.br\/\" target=\"_blank\" rel=\"noopener\">C\u00e2mara dos Deputados<\/a> pautou para esta segunda-feira (31) a vota\u00e7\u00e3o da <a href=\"https:\/\/agenciabrasil.ebc.com.br\/tags\/taxa-das-blusinhas\" target=\"_blank\" rel=\"noopener\">medida provis\u00f3ria (MP) apelidada de \u201ctaxa das blusinhas\u201d<\/a>. De <a href=\"https:\/\/agenciabrasil.ebc.com.br\/economia\/noticia\/2026-08\/governo-fara-esforco-por-fim-da-taxa-das-blusinhas-diz-durigan\" target=\"_blank\" rel=\"noopener\">autoria do Executivo<\/a>, a MP 1.357 de 2026 zera o imposto de importa\u00e7\u00e3o de 20% para compras internacionais de at\u00e9 US$ 50 feitas pela internet.<\/strong><img data-recalc-dims=\"1\" decoding=\"async\" src=\"https:\/\/i0.wp.com\/agenciabrasil.ebc.com.br\/ebc.png?w=696&#038;ssl=1\" style=\"width:1px;height:1px;display:inline\" \/><img data-recalc-dims=\"1\" decoding=\"async\" src=\"https:\/\/i0.wp.com\/agenciabrasil.ebc.com.br\/ebc.gif?w=696&#038;ssl=1\" style=\"width:1px;height:1px;display:inline\" \/><\/p>\n<p>Se aprovado na C\u00e2mara, o dispositivo segue para an\u00e1lise do plen\u00e1rio do Senado. A sess\u00e3o deliberativa dos deputados federais est\u00e1 marcada para come\u00e7ar \u00e0s 18h. <strong>Antes, por\u00e9m, o texto precisa ser aprovado na Comiss\u00e3o Mista, que se re\u00fane \u00e0s 16h para votar relat\u00f3rio da <a href=\"https:\/\/www25.senado.leg.br\/web\/senadores\/senador\/-\/perfil\/5979\" target=\"_blank\" rel=\"noopener\">senadora Leila Barros (PDT-DF)<\/a>, que \u00e9 favor\u00e1vel ao projeto.<\/strong><\/p>\n<p>O presidente do Congresso, senador Davi Alcolumbre (Uni\u00e3o-AP), chegou a segurar a instala\u00e7\u00e3o da comiss\u00e3o mista respons\u00e1vel pela an\u00e1lise da MP das blusinhas, que perde a validade no dia 8 de setembro se n\u00e3o for votada nas duas casas legislativas.\u00a0<\/p>\n<p>A comiss\u00e3o mista da MP das blusinhas avan\u00e7ou <a href=\"https:\/\/agenciabrasil.ebc.com.br\/politica\/noticia\/2026-08\/governo-e-congresso-acertam-pautas-para-esforco-concentrado-de-votacao\" target=\"_blank\" rel=\"noopener\">ap\u00f3s conversas<\/a> entre o presidente Luiz In\u00e1cio Lula da Silva e o senador Alcolumbre.\u00a0<\/p>\n<p>O fim da taxa das blusinhas sofre <a href=\"https:\/\/agenciabrasil.ebc.com.br\/economia\/noticia\/2026-04\/taxa-das-blusinhas-preservou-135-mil-empregos-estima-cni\" target=\"_blank\" rel=\"noopener\">oposi\u00e7\u00e3o de empres\u00e1rios brasileiros<\/a>. A <a href=\"https:\/\/cni.portaldaindustria.com.br\/home\" target=\"_blank\" rel=\"noopener\">Confedera\u00e7\u00e3o Nacional da Ind\u00fastria (CNI)<\/a> argumenta que a tarifa reduz a concorr\u00eancia \u201cdesleal\u201d de produtos importados, em especial da China. Por outro lado, o governo sustenta que a redu\u00e7\u00e3o da tarifa favorece o consumo popular.<\/p>\n<p>Outras pautas de interesse do governo federal tamb\u00e9m est\u00e3o previstas para serem analisadas nesta semana de <a href=\"https:\/\/agenciabrasil.ebc.com.br\/politica\/noticia\/2026-08\/ccj-do-senado-preve-votacao-da-pec-da-seguranca-proxima-semana\" target=\"_blank\" rel=\"noopener\">\u201cesfor\u00e7o concentrado\u201d do Congresso Nacional<\/a>, como as propostas de emenda \u00e0 Constitui\u00e7\u00e3o (PECs) do fim da escala 6&#215;1 e da seguran\u00e7a p\u00fablica.<\/p>\n<h2>Fim da escala 6&#215;1<\/h2>\n<p><strong>O texto que prev\u00ea o fim da jornada de trabalho de seis dias para um de descanso deve ser analisado na quarta-feira (2) pela Comiss\u00e3o de Constitui\u00e7\u00e3o e Justi\u00e7a (CCJ) do Senado.<\/strong><\/p>\n<p>O relator da proposta, senador Omar Aziz (PSD-AM), apresentou na \u00faltima quinta-feira (27) <a href=\"https:\/\/agenciabrasil.ebc.com.br\/politica\/noticia\/2026-08\/relator-da-ccj-do-senado-vota-favor-da-pec-do-fim-da-escala-6x1\" target=\"_blank\" rel=\"noopener\">parecer favor\u00e1vel <\/a>e rejeitou as 12 emendas apresentadas pelos senadores. A estrat\u00e9gia \u00e9 manter o texto aprovado pela C\u00e2mara e, assim, evitar que a proposta retorne para an\u00e1lise dos deputados.<\/p>\n<h2>Mototaxistas e entregadores de aplicativo<\/h2>\n<p><strong>A C\u00e2mara ainda pode votar nesta semana outras duas medidas provis\u00f3rias ligadas aos trabalhadores de aplicativos: uma simplifica as regras para mototaxistas e profissionais de motofrete (MP 1360 de 2026) e outra cria linha de financiamento para entregadores comprarem motos e bicicletas el\u00e9tricas (MP 1.366 de 2026).<\/strong><\/p>\n<p>Entre os outros projetos que podem ser analisados pelos deputados est\u00e3o a manuten\u00e7\u00e3o dos incentivos fiscais para doa\u00e7\u00f5es aos programas de aten\u00e7\u00e3o oncol\u00f3gica e de sa\u00fade da pessoa com defici\u00eancia, a Pol\u00edtica Nacional de Agroecologia e Produ\u00e7\u00e3o Org\u00e2nica e o Plano Nacional de Cultura para os pr\u00f3ximos 10 anos.<br \/>\u00a0<\/p>\n<p>      <!-- Relacionada --><\/p>\n<p>            <!-- Relacionada -->\n    <\/div>\n<p><br \/>\n<br \/><a href=\"https:\/\/agenciabrasil.ebc.com.br\/politica\/noticia\/2026-08\/camara-deve-decidir-sobre-taxa-das-blusinhas-nesta-segunda\" rel=\"noopener\">Informa\u00e7\u00f5es com a Ag\u00eancia Brasil<\/a><\/p>\n","protected":false},"excerpt":{"rendered":"<p>A C\u00e2mara dos Deputados pautou para esta segunda-feira (31) a vota\u00e7\u00e3o da medida provis\u00f3ria (MP) apelidada de \u201ctaxa das blusinhas\u201d. De autoria do Executivo, a MP 1.357 de 2026 zera o imposto de importa\u00e7\u00e3o de 20% para compras internacionais de at\u00e9 US$ 50 feitas pela internet. Se aprovado na C\u00e2mara, o dispositivo segue para an\u00e1lise [&hellip;]<\/p>\n","protected":false},"author":1,"featured_media":73011,"comment_status":"closed","ping_status":"open","sticky":false,"template":"","format":"standard","meta":{"_jetpack_newsletter_access":"","_jetpack_dont_email_post_to_subs":false,"_jetpack_newsletter_tier_id":0,"_jetpack_memberships_contains_paywalled_content":false,"_mbp_banners":[],"_jetpack_feature_clip_id":0,"_jetpack_memberships_contains_paid_content":false,"footnotes":"","jetpack_publicize_message":"","jetpack_publicize_feature_enabled":true,"jetpack_social_post_already_shared":true,"jetpack_social_options":{"image_generator_settings":{"template":"highway","default_image_id":0,"font":"","enabled":false},"version":2},"jetpack_post_was_ever_published":false},"categories":[22],"tags":[],"class_list":["post-75746","post","type-post","status-publish","format-standard","has-post-thumbnail","category-nacional"],"jetpack_publicize_connections":[],"jetpack-related-posts":[],"jetpack_shortlink":"https:\/\/wp.me\/p7Eq1F-jHI","jetpack_sharing_enabled":true,"jetpack_featured_media_url":"https:\/\/i0.wp.com\/guialimeira.com.br\/news\/wp-content\/uploads\/2026\/07\/pzzb8314.jpg?fit=1600%2C800&ssl=1","_links":{"self":[{"href":"https:\/\/guialimeira.com.br\/news\/wp-json\/wp\/v2\/posts\/75746","targetHints":{"allow":["GET"]}}],"collection":[{"href":"https:\/\/guialimeira.com.br\/news\/wp-json\/wp\/v2\/posts"}],"about":[{"href":"https:\/\/guialimeira.com.br\/news\/wp-json\/wp\/v2\/types\/post"}],"author":[{"embeddable":true,"href":"https:\/\/guialimeira.com.br\/news\/wp-json\/wp\/v2\/users\/1"}],"replies":[{"embeddable":true,"href":"https:\/\/guialimeira.com.br\/news\/wp-json\/wp\/v2\/comments?post=75746"}],"version-history":[{"count":1,"href":"https:\/\/guialimeira.com.br\/news\/wp-json\/wp\/v2\/posts\/75746\/revisions"}],"predecessor-version":[{"id":75747,"href":"https:\/\/guialimeira.com.br\/news\/wp-json\/wp\/v2\/posts\/75746\/revisions\/75747"}],"wp:featuredmedia":[{"embeddable":true,"href":"https:\/\/guialimeira.com.br\/news\/wp-json\/wp\/v2\/media\/73011"}],"wp:attachment":[{"href":"https:\/\/guialimeira.com.br\/news\/wp-json\/wp\/v2\/media?parent=75746"}],"wp:term":[{"taxonomy":"category","embeddable":true,"href":"https:\/\/guialimeira.com.br\/news\/wp-json\/wp\/v2\/categories?post=75746"},{"taxonomy":"post_tag","embeddable":true,"href":"https:\/\/guialimeira.com.br\/news\/wp-json\/wp\/v2\/tags?post=75746"}],"curies":[{"name":"wp","href":"https:\/\/api.w.org\/{rel}","templated":true}]}}