{"id":75744,"date":"2026-08-31T12:35:20","date_gmt":"2026-08-31T15:35:20","guid":{"rendered":"https:\/\/guialimeira.com.br\/news\/?p=75744"},"modified":"2026-08-31T12:35:20","modified_gmt":"2026-08-31T15:35:20","slug":"boletim-focus-mercado-preve-reducao-da-inflacao-e-do-pib-de-2026","status":"publish","type":"post","link":"https:\/\/guialimeira.com.br\/news\/boletim-focus-mercado-preve-reducao-da-inflacao-e-do-pib-de-2026\/","title":{"rendered":"Boletim Focus: mercado prev\u00ea redu\u00e7\u00e3o da infla\u00e7\u00e3o e do PIB de 2026"},"content":{"rendered":"<p> <br \/>\n<\/p>\n<div>\n<p>O mercado financeiro rebaixou a proje\u00e7\u00e3o de infla\u00e7\u00e3o e prev\u00ea menor crescimento do Produto Interno Bruto (PIB) brasileiro para 2026, enquanto o c\u00e2mbio do d\u00f3lar e a taxa Selic permanecem inalterados nas previs\u00f5es do ano.<img data-recalc-dims=\"1\" decoding=\"async\" src=\"https:\/\/i0.wp.com\/agenciabrasil.ebc.com.br\/ebc.png?w=696&#038;ssl=1\" style=\"width:1px;height:1px;display:inline\" \/><img data-recalc-dims=\"1\" decoding=\"async\" src=\"https:\/\/i0.wp.com\/agenciabrasil.ebc.com.br\/ebc.gif?w=696&#038;ssl=1\" style=\"width:1px;height:1px;display:inline\" \/><\/p>\n<p>As informa\u00e7\u00f5es constam no <a href=\"https:\/\/www.bcb.gov.br\/content\/focus\/focus\/R20260828.pdf\" target=\"_blank\" rel=\"noopener\">Boletim Focus<\/a>, divulgado nesta segunda-feira (31) pelo Banco Central (BC), em Bras\u00edlia.<\/p>\n<p>A publica\u00e7\u00e3o semanal traz a estimativa m\u00e9dia de institui\u00e7\u00f5es financeiras \u2013 como bancos, corretoras e consultorias \u2013 para a economia do pa\u00eds em 2026 e, tamb\u00e9m, para os pr\u00f3ximos tr\u00eas anos.<\/p>\n<h2>Infla\u00e7\u00e3o<\/h2>\n<p><strong>Segundo o Focus desta semana, o \u00cdndice Nacional de Pre\u00e7os ao Consumidor Amplo (IPCA), considerado o \u00edndice oficial de infla\u00e7\u00e3o do pa\u00eds,<\/strong> <strong>caiu de 5,02%, na semana passada para 5,01%, hoje.<\/strong><\/p>\n<p>A proje\u00e7\u00e3o de infla\u00e7\u00e3o para 2027 mostra uma leve alta na infla\u00e7\u00e3o de 4,25% para 4,28% e estabilidade nos anos de 2028 e 2029, com estimativa de 3,80% e 3,50%, respectivamente.<\/p>\n<p>Atualmente, o <a href=\"https:\/\/agenciabrasil.ebc.com.br\/economia\/noticia\/2026-08\/inflacao-recua-para-007-em-julho-e-volta-para-meta-do-governo\" target=\"_blank\" rel=\"noopener\">IPCA acumulado em 12 meses \u00e9 4,44%<\/a>, trazendo o indicador de volta para a meta do governo, conforme os dados oficiais de julho divulgados pelo Instituto Brasileiro de Geografia e Estat\u00edstica (IBGE).<\/p>\n<h2>PIB<\/h2>\n<p><strong>As institui\u00e7\u00f5es ouvidas pelo Boletim Focus projetam queda para este ano do PIB, conjunto de todos os bens e servi\u00e7os produzidos no pa\u00eds, de 1,95%, h\u00e1 uma semana, para 1,92%, atualmente.<\/strong><\/p>\n<p>Para os tr\u00eas pr\u00f3ximos anos, a expectativa do mercado n\u00e3o se alterou, com previs\u00e3o de crescimento de 1,50%, para 2027; 1,98% para 2028; e 2% para 2029.<\/p>\n<h2>D\u00f3lar<\/h2>\n<p><strong>A previs\u00e3o do mercado financeiro para o c\u00e2mbio brasileiro \u00e9 que o d\u00f3lar terminar\u00e1 o ano de 2026 cotado a R$ 5,20. A previs\u00e3o de cota\u00e7\u00e3o atual repete a que foi divulgada h\u00e1 quatro semanas.<\/strong><\/p>\n<p>De acordo com os analistas, o valor da moeda norte-americana ter\u00e1 uma alta para R$ 5,30, em 2027. Valor mantido para chegar no fim de 2028. <strong>Em 2029, o c\u00e2mbio deve subir mais uma vez para R$ 5,36.<\/strong><\/p>\n<p>O comportamento do d\u00f3lar frente ao real influencia diretamente o desempenho da economia brasileira. Com o c\u00e2mbio desvalorizado, ou seja, alta da moeda estrangeira, bens importados ficam mais caros, o que pressiona a infla\u00e7\u00e3o para cima. No entanto, favorece as exporta\u00e7\u00f5es porque deixa os produtos brasileiros mais em conta no exterior.<\/p>\n<p>Por outro lado, a moeda valorizada \u2013 queda na taxa \u2013 faz com que produtos importados fiquem mais baratos no pa\u00eds, o que pode refletir em menos press\u00e3o sobre a infla\u00e7\u00e3o. Mas pode ser prejudicial \u00e0 ind\u00fastria nacional, que precisa concorrer com produtos estrangeiros que ficam com os pre\u00e7os mais competitivos.<\/p>\n<h2>Juros<\/h2>\n<p><strong>As institui\u00e7\u00f5es financeiras mantiveram a estimativa para a taxa b\u00e1sica de juros (Selic) da economia brasileira em R$ 13,75. <\/strong>A Selic serve de refer\u00eancia para todas as demais opera\u00e7\u00f5es de cr\u00e9dito, como a d\u00edvida p\u00fablica.<\/p>\n<p>A Selic \u00e9 decidida pelo Comit\u00ea de Pol\u00edtica Monet\u00e1ria (Copom) do Banco Central do Brasil, em reuni\u00f5es realizadas a cada 45 dias.<\/p>\n<p><strong>O mercado acredita que, em 2027, a Selic terminar\u00e1 o ano em 12%. Para 2028, o Focus mant\u00e9m, h\u00e1 quatro semanas, a proje\u00e7\u00e3o em 10,5% e para 2029, deve alcan\u00e7ar 10%.<\/strong><\/p>\n<p>Atualmente, a <a href=\"https:\/\/agenciabrasil.ebc.com.br\/economia\/noticia\/2026-08\/em-nova-reducao-copom-baixa-taxa-selic-para-14-ao-ano\" target=\"_blank\" rel=\"noopener\">Selic est\u00e1 em 14% ao ano<\/a>. A \u00faltima reuni\u00e3o foi em 5 de agosto, quando o <a href=\"https:\/\/agenciabrasil.ebc.com.br\/economia\/noticia\/2026-08\/bc-aponta-desaceleracao-da-inflacao-mas-mantem-alerta-sobre-riscos\" target=\"_blank\" rel=\"noopener\">Copom ajustou a Selic em um ambiente de desacelera\u00e7\u00e3o da infla\u00e7\u00e3o,<\/a> mas ainda marcado por incertezas o que exige prud\u00eancia, conforme a \u00faltima ata da reuni\u00e3o publicada\u200b\u200b\u200b.<\/p>\n<p>O n\u00edvel da Selic influencia o desempenho da economia. Quando a taxa est\u00e1 em patamar elevado, pode deixar as opera\u00e7\u00f5es de cr\u00e9dito com maior custo, o que pode desestimular o consumo interno. J\u00e1 a taxa em n\u00edveis reduzidos \u00e9 um incentivo para a obten\u00e7\u00e3o de cr\u00e9dito e favorece o investimento. A aten\u00e7\u00e3o \u00e9 para n\u00e3o haver press\u00e3o inflacion\u00e1ria.<\/p>\n<p>\u00a0<\/p>\n<p>      <!-- Relacionada --><\/p>\n<p>            <!-- Relacionada -->\n    <\/div>\n<p><br \/>\n<br \/><a href=\"https:\/\/agenciabrasil.ebc.com.br\/economia\/noticia\/2026-08\/boletim-focus-mercado-preve-reducao-da-inflacao-e-do-pib-de-2026\" rel=\"noopener\">Informa\u00e7\u00f5es com a Ag\u00eancia Brasil<\/a><\/p>\n","protected":false},"excerpt":{"rendered":"<p>O mercado financeiro rebaixou a proje\u00e7\u00e3o de infla\u00e7\u00e3o e prev\u00ea menor crescimento do Produto Interno Bruto (PIB) brasileiro para 2026, enquanto o c\u00e2mbio do d\u00f3lar e a taxa Selic permanecem inalterados nas previs\u00f5es do ano. As informa\u00e7\u00f5es constam no Boletim Focus, divulgado nesta segunda-feira (31) pelo Banco Central (BC), em Bras\u00edlia. A publica\u00e7\u00e3o semanal traz [&hellip;]<\/p>\n","protected":false},"author":1,"featured_media":74718,"comment_status":"closed","ping_status":"open","sticky":false,"template":"","format":"standard","meta":{"_jetpack_newsletter_access":"","_jetpack_dont_email_post_to_subs":false,"_jetpack_newsletter_tier_id":0,"_jetpack_memberships_contains_paywalled_content":false,"_mbp_banners":[],"_jetpack_feature_clip_id":0,"_jetpack_memberships_contains_paid_content":false,"footnotes":"","jetpack_publicize_message":"","jetpack_publicize_feature_enabled":true,"jetpack_social_post_already_shared":true,"jetpack_social_options":{"image_generator_settings":{"template":"highway","default_image_id":0,"font":"","enabled":false},"version":2},"jetpack_post_was_ever_published":false},"categories":[22],"tags":[],"class_list":["post-75744","post","type-post","status-publish","format-standard","has-post-thumbnail","category-nacional"],"jetpack_publicize_connections":[],"jetpack-related-posts":[],"jetpack_shortlink":"https:\/\/wp.me\/p7Eq1F-jHG","jetpack_sharing_enabled":true,"jetpack_featured_media_url":"https:\/\/i0.wp.com\/guialimeira.com.br\/news\/wp-content\/uploads\/2026\/08\/raf1037_1.jpg?fit=1600%2C800&ssl=1","_links":{"self":[{"href":"https:\/\/guialimeira.com.br\/news\/wp-json\/wp\/v2\/posts\/75744","targetHints":{"allow":["GET"]}}],"collection":[{"href":"https:\/\/guialimeira.com.br\/news\/wp-json\/wp\/v2\/posts"}],"about":[{"href":"https:\/\/guialimeira.com.br\/news\/wp-json\/wp\/v2\/types\/post"}],"author":[{"embeddable":true,"href":"https:\/\/guialimeira.com.br\/news\/wp-json\/wp\/v2\/users\/1"}],"replies":[{"embeddable":true,"href":"https:\/\/guialimeira.com.br\/news\/wp-json\/wp\/v2\/comments?post=75744"}],"version-history":[{"count":1,"href":"https:\/\/guialimeira.com.br\/news\/wp-json\/wp\/v2\/posts\/75744\/revisions"}],"predecessor-version":[{"id":75745,"href":"https:\/\/guialimeira.com.br\/news\/wp-json\/wp\/v2\/posts\/75744\/revisions\/75745"}],"wp:featuredmedia":[{"embeddable":true,"href":"https:\/\/guialimeira.com.br\/news\/wp-json\/wp\/v2\/media\/74718"}],"wp:attachment":[{"href":"https:\/\/guialimeira.com.br\/news\/wp-json\/wp\/v2\/media?parent=75744"}],"wp:term":[{"taxonomy":"category","embeddable":true,"href":"https:\/\/guialimeira.com.br\/news\/wp-json\/wp\/v2\/categories?post=75744"},{"taxonomy":"post_tag","embeddable":true,"href":"https:\/\/guialimeira.com.br\/news\/wp-json\/wp\/v2\/tags?post=75744"}],"curies":[{"name":"wp","href":"https:\/\/api.w.org\/{rel}","templated":true}]}}