{"id":75741,"date":"2026-08-31T11:33:20","date_gmt":"2026-08-31T14:33:20","guid":{"rendered":"https:\/\/guialimeira.com.br\/news\/?p=75741"},"modified":"2026-08-31T11:33:20","modified_gmt":"2026-08-31T14:33:20","slug":"brasil-e-eua-retomam-negociacao-apos-tarifacos-de-25-e-125","status":"publish","type":"post","link":"https:\/\/guialimeira.com.br\/news\/brasil-e-eua-retomam-negociacao-apos-tarifacos-de-25-e-125\/","title":{"rendered":"Brasil e EUA retomam negocia\u00e7\u00e3o ap\u00f3s tarifa\u00e7os de 25% e 12,5%"},"content":{"rendered":"<p> <br \/>\n<\/p>\n<div>\n<p><strong>Os governos do Brasil e dos Estados Unidos (EUA) <a href=\"https:\/\/agenciabrasil.ebc.com.br\/economia\/noticia\/2026-07\/tarifaco-de-25-dos-eua-sobre-o-brasil-comeca-valer-nesta-quarta\" target=\"_blank\" rel=\"noopener\">retomam<\/a>\u00a0nesta segunda-feira (31)\u00a0as negocia\u00e7\u00f5es sobre o com\u00e9rcio entre os dois pa\u00edses ap\u00f3s a Casa Branca aplicar, unilateralmente, a tarifa de 25% sobre parte das importa\u00e7\u00f5es brasileiras no final de julho.\u00a0<\/strong><img data-recalc-dims=\"1\" decoding=\"async\" src=\"https:\/\/i0.wp.com\/agenciabrasil.ebc.com.br\/ebc.png?w=696&#038;ssl=1\" style=\"width:1px;height:1px;display:inline\" \/><img data-recalc-dims=\"1\" decoding=\"async\" src=\"https:\/\/i0.wp.com\/agenciabrasil.ebc.com.br\/ebc.gif?w=696&#038;ssl=1\" style=\"width:1px;height:1px;display:inline\" \/><\/p>\n<p>A volta \u00e0s negocia\u00e7\u00f5es ocorre ap\u00f3s o telefonema entre os presidentes Luiz In\u00e1cio Lula de Silva e Donald Trump, no dia 21 de agosto. Na ocasi\u00e3o, Lula refor\u00e7ou a posi\u00e7\u00e3o do Brasil de que as tarifas s\u00e3o infundadas. Trump, ent\u00e3o, prop\u00f4s <a href=\"https:\/\/agenciabrasil.ebc.com.br\/internacional\/noticia\/2026-08\/lula-liga-para-trump-e-diz-que-alegacoes-para-tarifaco-sao-infundadas\" target=\"_blank\" rel=\"noopener\">retomar as conversas entre as equipes dos dois pa\u00edses<\/a>.<\/p>\n<p><strong>Ap\u00f3s a tarifa de 25%, o Brasil ainda foi alvo de outro tarifa\u00e7o de 12,5% dos EUA sob a justificativa de falhas no combate ao trabalho for\u00e7ado. Essa justificativa foi usada por Washington para taxar 59 pa\u00edses e a Uni\u00e3o Europeia (UE).<\/strong><\/p>\n<p>Na avalia\u00e7\u00e3o do governo brasileiro, a justificativa para tarifa de 12,5% foi elaborada para substituir o tarifa\u00e7o dos EUA que foi derrubado pela Suprema Corte do pa\u00eds em fevereiro deste ano. Ou seja, o governo Trump teria elaborado uma nova justificativa legal para retomar as tarifas derrubadas no Judici\u00e1rio.<\/p>\n<p>No caso do tarifa\u00e7o de 25% destinado exclusivamente ao Brasil, o governo Trump se baseou na investiga\u00e7\u00e3o conduzida pelo Escrit\u00f3rio do Representante Comercial dos EUA (USTR, na sigla em ingl\u00eas), que alega que o Brasil adota pr\u00e1ticas \u201cdesleais\u201d no com\u00e9rcio com os EUA em temas como<a href=\"https:\/\/agenciabrasil.ebc.com.br\/economia\/noticia\/2026-07\/modelo-do-pix-desafia-controle-financeiro-dos-eua-sobre-o-brasil\" target=\"_blank\" rel=\"noopener\"> pagamentos eletr\u00f4nicos (Pix) e acesso ao mercado de etanol.<\/a>\u00a0<\/p>\n<p><strong>O governo brasileiro argumenta que o tarifa\u00e7o de 25% tem motiva\u00e7\u00e3o pol\u00edtica e que as justificativas n\u00e3o condizem com a realidade.<\/strong> Segundo o ministro das rela\u00e7\u00f5es exteriores, Mauro Vieira, os negociadores dos EUA pediam a abertura total de mercados do Brasil sem apresentar <a href=\"http:\/\/\u00a0https:\/\/agenciabrasil.ebc.com.br\/internacional\/noticia\/2026-07\/mauro-vieira-afirma-que-eua-queriam-abertura-total-sem-contrapartida\" target=\"_blank\">contrapartida<\/a>.\u00a0<\/p>\n<p>O tarifa\u00e7o do governo Trump contra o Brasil ocorre em meio a ofensiva da Casa Branca para reafirmar a <a href=\"https:\/\/agenciabrasil.ebc.com.br\/internacional\/noticia\/2025-12\/eua-afirmam-proeminencia-na-america-latina-em-recado-china\" target=\"_blank\" rel=\"noopener\">\u201cproemin\u00eancia\u201d sobre a Am\u00e9rica Latina<\/a> em meio ao crescimento da influ\u00eancia econ\u00f4mica chinesa na Am\u00e9rica Latina das \u00faltimas d\u00e9cadas. Bras\u00edlia v\u00ea ainda uma tentativa de influenciar as elei\u00e7\u00f5es gerais de outubro no Brasil.<\/p>\n<p>      <!-- Relacionada --><\/p>\n<p>            <!-- Relacionada -->\n    <\/div>\n<p><br \/>\n<br \/><a href=\"https:\/\/agenciabrasil.ebc.com.br\/internacional\/noticia\/2026-08\/brasil-e-eua-retomam-negociacao-apos-tarifacos-de-25-e-125\" rel=\"noopener\">Informa\u00e7\u00f5es com a Ag\u00eancia Brasil<\/a><\/p>\n","protected":false},"excerpt":{"rendered":"<p>Os governos do Brasil e dos Estados Unidos (EUA) retomam\u00a0nesta segunda-feira (31)\u00a0as negocia\u00e7\u00f5es sobre o com\u00e9rcio entre os dois pa\u00edses ap\u00f3s a Casa Branca aplicar, unilateralmente, a tarifa de 25% sobre parte das importa\u00e7\u00f5es brasileiras no final de julho.\u00a0 A volta \u00e0s negocia\u00e7\u00f5es ocorre ap\u00f3s o telefonema entre os presidentes Luiz In\u00e1cio Lula de Silva [&hellip;]<\/p>\n","protected":false},"author":1,"featured_media":75742,"comment_status":"closed","ping_status":"open","sticky":false,"template":"","format":"standard","meta":{"_jetpack_newsletter_access":"","_jetpack_dont_email_post_to_subs":false,"_jetpack_newsletter_tier_id":0,"_jetpack_memberships_contains_paywalled_content":false,"_mbp_banners":[],"_jetpack_feature_clip_id":0,"_jetpack_memberships_contains_paid_content":false,"footnotes":"","jetpack_publicize_message":"","jetpack_publicize_feature_enabled":true,"jetpack_social_post_already_shared":true,"jetpack_social_options":{"image_generator_settings":{"template":"highway","default_image_id":0,"font":"","enabled":false},"version":2},"jetpack_post_was_ever_published":false},"categories":[22],"tags":[],"class_list":["post-75741","post","type-post","status-publish","format-standard","has-post-thumbnail","category-nacional"],"jetpack_publicize_connections":[],"jetpack-related-posts":[],"jetpack_shortlink":"https:\/\/wp.me\/p7Eq1F-jHD","jetpack_sharing_enabled":true,"jetpack_featured_media_url":"https:\/\/i0.wp.com\/guialimeira.com.br\/news\/wp-content\/uploads\/2026\/08\/mca_abr_24041914609.jpg?fit=1600%2C800&ssl=1","_links":{"self":[{"href":"https:\/\/guialimeira.com.br\/news\/wp-json\/wp\/v2\/posts\/75741","targetHints":{"allow":["GET"]}}],"collection":[{"href":"https:\/\/guialimeira.com.br\/news\/wp-json\/wp\/v2\/posts"}],"about":[{"href":"https:\/\/guialimeira.com.br\/news\/wp-json\/wp\/v2\/types\/post"}],"author":[{"embeddable":true,"href":"https:\/\/guialimeira.com.br\/news\/wp-json\/wp\/v2\/users\/1"}],"replies":[{"embeddable":true,"href":"https:\/\/guialimeira.com.br\/news\/wp-json\/wp\/v2\/comments?post=75741"}],"version-history":[{"count":1,"href":"https:\/\/guialimeira.com.br\/news\/wp-json\/wp\/v2\/posts\/75741\/revisions"}],"predecessor-version":[{"id":75743,"href":"https:\/\/guialimeira.com.br\/news\/wp-json\/wp\/v2\/posts\/75741\/revisions\/75743"}],"wp:featuredmedia":[{"embeddable":true,"href":"https:\/\/guialimeira.com.br\/news\/wp-json\/wp\/v2\/media\/75742"}],"wp:attachment":[{"href":"https:\/\/guialimeira.com.br\/news\/wp-json\/wp\/v2\/media?parent=75741"}],"wp:term":[{"taxonomy":"category","embeddable":true,"href":"https:\/\/guialimeira.com.br\/news\/wp-json\/wp\/v2\/categories?post=75741"},{"taxonomy":"post_tag","embeddable":true,"href":"https:\/\/guialimeira.com.br\/news\/wp-json\/wp\/v2\/tags?post=75741"}],"curies":[{"name":"wp","href":"https:\/\/api.w.org\/{rel}","templated":true}]}}