{"id":75739,"date":"2026-08-31T10:32:22","date_gmt":"2026-08-31T13:32:22","guid":{"rendered":"https:\/\/guialimeira.com.br\/news\/?p=75739"},"modified":"2026-08-31T10:32:22","modified_gmt":"2026-08-31T13:32:22","slug":"confira-a-agenda-dos-presidenciaveis-nesta-segunda-feira-31","status":"publish","type":"post","link":"https:\/\/guialimeira.com.br\/news\/confira-a-agenda-dos-presidenciaveis-nesta-segunda-feira-31\/","title":{"rendered":"Confira a agenda dos presidenci\u00e1veis nesta segunda-feira (31)"},"content":{"rendered":"<p> <br \/>\n<\/p>\n<div>\n<p>A agenda dos candidatos \u00e0 Presid\u00eancia da Rep\u00fablica nesta segunda-feira (31) inclui sabatinas e debates, al\u00e9m de caminhadas e a\u00e7\u00f5es de campanha em diferentes cidades.<img data-recalc-dims=\"1\" decoding=\"async\" src=\"https:\/\/i0.wp.com\/agenciabrasil.ebc.com.br\/ebc.png?w=696&#038;ssl=1\" style=\"width:1px;height:1px;display:inline\" \/><img data-recalc-dims=\"1\" decoding=\"async\" src=\"https:\/\/i0.wp.com\/agenciabrasil.ebc.com.br\/ebc.gif?w=696&#038;ssl=1\" style=\"width:1px;height:1px;display:inline\" \/><\/p>\n<p>Os concorrentes ao Pal\u00e1cio do Planalto tamb\u00e9m participam de panfletagens e\u00a0encontros com apoiadores e empres\u00e1rios locais.\u00a0<\/p>\n<p><strong>Ronaldo Caiado<\/strong><br \/>\u00c0s 8h, participa de sabatina na r\u00e1dio Jovem Pan, no\u00a0<em>Jornal da Manh\u00e3<\/em>, S\u00e3o Paulo. \u00c0s 10h, tem reuni\u00e3o com a diretoria da Associa\u00e7\u00e3o Nacional dos Fabricantes de Ve\u00edculos Automotores (Anfavea)\u00a0tamb\u00e9m em S\u00e3o Paulo. \u00c0s 12h30, re\u00fane-se\u00a0com Sindicato da Ind\u00fastria da Constru\u00e7\u00e3o Civil do Estado de S\u00e3o Paulo (SindusCon-SP).<\/p>\n<p><strong>Wilson Grassi (Democrata)<\/strong><br \/>\u00c0s 9h, participa de reuni\u00e3o de alinhamento com comit\u00ea de campanha. \u00c0s 15h, tem grava\u00e7\u00e3o de v\u00eddeos para campanha com a \u00e1rea de marketing.<\/p>\n<p><strong>Augusto Cury (Avante)<\/strong><br \/>\u00c0s 10h30, tem reuni\u00e3o com equipe do Sebrae Paran\u00e1. \u00c0s 15h45, tem reuni\u00e3o com membros da Associa\u00e7\u00e3o Catarinense de Tecnologia (Acate). \u00c0s\u00a017h, participa de encontro com apoiadores em Florian\u00f3polis. \u00c0s 19h, tem jantar com empres\u00e1rios e l\u00edderes setoriais tamb\u00e9m em Florian\u00f3polis.<\/p>\n<p><strong>Clariana Bar\u00e3o<\/strong><br \/>\u00c0s 21h, participa de entrevista na R\u00e1dio Pinel, no Rio Grande do Sul.<\/p>\n<p><strong>Hertz Dias (PSTU)<\/strong><br \/>\u00c0s 7h30, faz\u00a0panfletagem e conversa com os trabalhadores dos Correios em Porto Alegre. \u00c0s\u00a09h30, participa de\u00a0caminhada no centro de Porto Alegre. \u00c0s 11h30, visita o campus do Vale da UFRGS. \u00c0s 15h, tem reuni\u00e3o com sindicalistas no Simpe. \u00c0s 17h, faz panfletagem no Hospital de Cl\u00ednicas. \u00c0s 19h, tem reuni\u00e3o com apoiadores na sede do PSTU.<\/p>\n<p><strong>Renan Santos (Miss\u00e3o)<\/strong><br \/>\u00c0s 7h30, participa do <em>Estad\u00e3o Entrevista &#8211; Presidenci\u00e1veis,\u00a0<\/em>em S\u00e3o Paulo. \u00c0s 11h, tem sabatina no jornal\u00a0Gazeta do Povo. \u00c0s 19h, estar\u00e1 na sabatina da Veja em Foco.\u00a0<\/p>\n<p><strong>Romeu Zema (Novo)\u00a0<\/strong><br \/>\u00c0s\u00a012h30, re\u00fane-se com moradores para conversar sobre corrup\u00e7\u00e3o em Santa C\u00e2ndida, Curitiba.<\/p>\n<p>Os candidatos\u00a0<strong>Rui Costa Pimenta (PCO)<\/strong>, <strong>Samara Martins (UP)<\/strong>,\u00a0<strong>Edmilson Costa (PCB)<\/strong>, <strong>Fl\u00e1vio Bolsonaro (PL)<\/strong> e\u00a0<strong>Luiz In\u00e1cio Lula da Silva (PT)\u00a0<\/strong>n\u00e3o divulgaram agenda de campanha at\u00e9 o momento desta publica\u00e7\u00e3o.\u00a0<\/p>\n<p>A ordem de apresenta\u00e7\u00e3o da cobertura da agenda dos candidatos a presidente segue rod\u00edzio di\u00e1rio em ordem alfab\u00e9tica.<\/p>\n<p><em>*Colaborou Paula Laboissi\u00e8re.<\/em><\/p>\n<p>      <!-- Relacionada --><\/p>\n<p>            <!-- Relacionada -->\n    <\/div>\n<p><br \/>\n<br \/><a href=\"https:\/\/agenciabrasil.ebc.com.br\/politica\/noticia\/2026-08\/confira-agenda-dos-presidenciaveis-nesta-segunda-feira-31\" rel=\"noopener\">Informa\u00e7\u00f5es com a Ag\u00eancia Brasil<\/a><\/p>\n","protected":false},"excerpt":{"rendered":"<p>A agenda dos candidatos \u00e0 Presid\u00eancia da Rep\u00fablica nesta segunda-feira (31) inclui sabatinas e debates, al\u00e9m de caminhadas e a\u00e7\u00f5es de campanha em diferentes cidades. Os concorrentes ao Pal\u00e1cio do Planalto tamb\u00e9m participam de panfletagens e\u00a0encontros com apoiadores e empres\u00e1rios locais.\u00a0 Ronaldo Caiado\u00c0s 8h, participa de sabatina na r\u00e1dio Jovem Pan, no\u00a0Jornal da Manh\u00e3, S\u00e3o [&hellip;]<\/p>\n","protected":false},"author":1,"featured_media":74965,"comment_status":"closed","ping_status":"open","sticky":false,"template":"","format":"standard","meta":{"_jetpack_newsletter_access":"","_jetpack_dont_email_post_to_subs":false,"_jetpack_newsletter_tier_id":0,"_jetpack_memberships_contains_paywalled_content":false,"_mbp_banners":[],"_jetpack_feature_clip_id":0,"_jetpack_memberships_contains_paid_content":false,"footnotes":"","jetpack_publicize_message":"","jetpack_publicize_feature_enabled":true,"jetpack_social_post_already_shared":true,"jetpack_social_options":{"image_generator_settings":{"template":"highway","default_image_id":0,"font":"","enabled":false},"version":2},"jetpack_post_was_ever_published":false},"categories":[22],"tags":[],"class_list":["post-75739","post","type-post","status-publish","format-standard","has-post-thumbnail","category-nacional"],"jetpack_publicize_connections":[],"jetpack-related-posts":[],"jetpack_shortlink":"https:\/\/wp.me\/p7Eq1F-jHB","jetpack_sharing_enabled":true,"jetpack_featured_media_url":"https:\/\/i0.wp.com\/guialimeira.com.br\/news\/wp-content\/uploads\/2026\/08\/banner_agenda_-_1170x700.png?fit=1600%2C800&ssl=1","_links":{"self":[{"href":"https:\/\/guialimeira.com.br\/news\/wp-json\/wp\/v2\/posts\/75739","targetHints":{"allow":["GET"]}}],"collection":[{"href":"https:\/\/guialimeira.com.br\/news\/wp-json\/wp\/v2\/posts"}],"about":[{"href":"https:\/\/guialimeira.com.br\/news\/wp-json\/wp\/v2\/types\/post"}],"author":[{"embeddable":true,"href":"https:\/\/guialimeira.com.br\/news\/wp-json\/wp\/v2\/users\/1"}],"replies":[{"embeddable":true,"href":"https:\/\/guialimeira.com.br\/news\/wp-json\/wp\/v2\/comments?post=75739"}],"version-history":[{"count":1,"href":"https:\/\/guialimeira.com.br\/news\/wp-json\/wp\/v2\/posts\/75739\/revisions"}],"predecessor-version":[{"id":75740,"href":"https:\/\/guialimeira.com.br\/news\/wp-json\/wp\/v2\/posts\/75739\/revisions\/75740"}],"wp:featuredmedia":[{"embeddable":true,"href":"https:\/\/guialimeira.com.br\/news\/wp-json\/wp\/v2\/media\/74965"}],"wp:attachment":[{"href":"https:\/\/guialimeira.com.br\/news\/wp-json\/wp\/v2\/media?parent=75739"}],"wp:term":[{"taxonomy":"category","embeddable":true,"href":"https:\/\/guialimeira.com.br\/news\/wp-json\/wp\/v2\/categories?post=75739"},{"taxonomy":"post_tag","embeddable":true,"href":"https:\/\/guialimeira.com.br\/news\/wp-json\/wp\/v2\/tags?post=75739"}],"curies":[{"name":"wp","href":"https:\/\/api.w.org\/{rel}","templated":true}]}}