{"id":75732,"date":"2026-08-31T02:21:18","date_gmt":"2026-08-31T05:21:18","guid":{"rendered":"https:\/\/guialimeira.com.br\/news\/?p=75732"},"modified":"2026-08-31T02:21:18","modified_gmt":"2026-08-31T05:21:18","slug":"brasileiro-feminino-planalto-go-larga-em-vantagem-na-final-da-a3","status":"publish","type":"post","link":"https:\/\/guialimeira.com.br\/news\/brasileiro-feminino-planalto-go-larga-em-vantagem-na-final-da-a3\/","title":{"rendered":"Brasileiro Feminino: Planalto (GO) larga em vantagem na final da A3"},"content":{"rendered":"<p> <br \/>\n<\/p>\n<div>\n<p>O Planalto (GO) abriu vantagem na decis\u00e3o da S\u00e9rie A3 do Brasileir\u00e3o Feminino. Jogando no Anibal Batista de Toledo, em Aparecida de Goi\u00e2nia (GO), com transmiss\u00e3o ao vivo pela <strong>TV Brasil,<\/strong> o time da casa fez 1 a 0 no Juventude (SE).<img data-recalc-dims=\"1\" decoding=\"async\" src=\"https:\/\/i0.wp.com\/agenciabrasil.ebc.com.br\/ebc.png?w=696&#038;ssl=1\" style=\"width:1px;height:1px;display:inline\" \/><img data-recalc-dims=\"1\" decoding=\"async\" src=\"https:\/\/i0.wp.com\/agenciabrasil.ebc.com.br\/ebc.gif?w=696&#038;ssl=1\" style=\"width:1px;height:1px;display:inline\" \/><\/p>\n<p><strong>O gol da vit\u00f3ria foi marcado logo no in\u00edcio do jogo.<\/strong> Marcelly recebeu um passe no escanteio curto e levantou na \u00e1rea. A goleira Monique, do Juventude (SE), acabou falhando e a bola balan\u00e7ou as redes sergipanas.<\/p>\n<p>No final, j\u00e1 aos 51 minutos da etapa final, depois de muita confus\u00e3o e um p\u00eanalti marcado, com aux\u00edlio do VAR, para o Juventude (SE), foi a vez da goleira Lescaut se tornar a heroina da partida.<\/p>\n<p>Ela defendeu a penalidade cobrada pela Manu e a bola ainda bateu na trave antes de sair. E o placar ficou mesmo em 1 a 0 para as donas da casa.<\/p>\n<p><strong>A segunda e decisiva partida ser\u00e1 realizada \u00e0s 21h30 (de Bras\u00edlia) de 5 de setembro, no Batist\u00e3o, em Aracaju (SE).<\/strong> O mando de campo pertence ao Juventude, pela melhor campanha durante toda a competi\u00e7\u00e3o.<\/p>\n<p>Apesar disso, n\u00e3o h\u00e1 vantagem al\u00e9m do mando de campo. Dois resultados iguais levam a decis\u00e3o aos p\u00eanaltis. Os dois times brigam pelo t\u00edtulo in\u00e9dito.<\/p>\n<p><strong>Acesso \u00e0 S\u00e9rie A2<\/strong>\u00a0<\/p>\n<p>O torneio come\u00e7ou com 32 clubes em oito grupos, com quatro equipes cada. Na primeira fase, a competi\u00e7\u00e3o foi disputada em dois turnos. Avan\u00e7aram para as oitavas de final os dois melhores de cada grupo para o in\u00edcio dos mata-matas.<\/p>\n<p><strong>Os quatro da semifinal estavam garantidos na S\u00e9rie A2 em 2027. A Portuguesa (AP) perdeu por 3 a 0 no placar agregado para o Juventude (SE) e acabou fora das finais do torneio. <\/strong><\/p>\n<p>Mas, se tornou o primeiro clube do Amap\u00e1 a conquistar uma vaga em uma divis\u00e3o nacional, entrando para a hist\u00f3ria do futebol do Amap\u00e1.<\/p>\n<p>A outra semifinalista, Realidade Jovem (SP), perdeu os dois jogos para o Planalto (GO) por 2 a 0 e 2 a 1, mas tamb\u00e9m garantiu o acesso.<\/p>\n<p>      <!-- Relacionada --><\/p>\n<p>            <!-- Relacionada -->\n    <\/div>\n<p><br \/>\n<br \/><a href=\"https:\/\/agenciabrasil.ebc.com.br\/esportes\/noticia\/2026-08\/brasileiro-feminino-planalto-go-larga-em-vantagem-na-final-da-a3\" rel=\"noopener\">Informa\u00e7\u00f5es com a Ag\u00eancia Brasil<\/a><\/p>\n","protected":false},"excerpt":{"rendered":"<p>O Planalto (GO) abriu vantagem na decis\u00e3o da S\u00e9rie A3 do Brasileir\u00e3o Feminino. Jogando no Anibal Batista de Toledo, em Aparecida de Goi\u00e2nia (GO), com transmiss\u00e3o ao vivo pela TV Brasil, o time da casa fez 1 a 0 no Juventude (SE). O gol da vit\u00f3ria foi marcado logo no in\u00edcio do jogo. Marcelly recebeu [&hellip;]<\/p>\n","protected":false},"author":1,"featured_media":75733,"comment_status":"closed","ping_status":"open","sticky":false,"template":"","format":"standard","meta":{"_jetpack_newsletter_access":"","_jetpack_dont_email_post_to_subs":false,"_jetpack_newsletter_tier_id":0,"_jetpack_memberships_contains_paywalled_content":false,"_mbp_banners":[],"_jetpack_feature_clip_id":0,"_jetpack_memberships_contains_paid_content":false,"footnotes":"","jetpack_publicize_message":"","jetpack_publicize_feature_enabled":true,"jetpack_social_post_already_shared":true,"jetpack_social_options":{"image_generator_settings":{"template":"highway","default_image_id":0,"font":"","enabled":false},"version":2},"jetpack_post_was_ever_published":false},"categories":[22],"tags":[],"class_list":["post-75732","post","type-post","status-publish","format-standard","has-post-thumbnail","category-nacional"],"jetpack_publicize_connections":[],"jetpack-related-posts":[],"jetpack_shortlink":"https:\/\/wp.me\/p7Eq1F-jHu","jetpack_sharing_enabled":true,"jetpack_featured_media_url":"https:\/\/i0.wp.com\/guialimeira.com.br\/news\/wp-content\/uploads\/2026\/08\/53885402241_d20f2aceae_o.jpg?fit=1600%2C800&ssl=1","_links":{"self":[{"href":"https:\/\/guialimeira.com.br\/news\/wp-json\/wp\/v2\/posts\/75732","targetHints":{"allow":["GET"]}}],"collection":[{"href":"https:\/\/guialimeira.com.br\/news\/wp-json\/wp\/v2\/posts"}],"about":[{"href":"https:\/\/guialimeira.com.br\/news\/wp-json\/wp\/v2\/types\/post"}],"author":[{"embeddable":true,"href":"https:\/\/guialimeira.com.br\/news\/wp-json\/wp\/v2\/users\/1"}],"replies":[{"embeddable":true,"href":"https:\/\/guialimeira.com.br\/news\/wp-json\/wp\/v2\/comments?post=75732"}],"version-history":[{"count":1,"href":"https:\/\/guialimeira.com.br\/news\/wp-json\/wp\/v2\/posts\/75732\/revisions"}],"predecessor-version":[{"id":75734,"href":"https:\/\/guialimeira.com.br\/news\/wp-json\/wp\/v2\/posts\/75732\/revisions\/75734"}],"wp:featuredmedia":[{"embeddable":true,"href":"https:\/\/guialimeira.com.br\/news\/wp-json\/wp\/v2\/media\/75733"}],"wp:attachment":[{"href":"https:\/\/guialimeira.com.br\/news\/wp-json\/wp\/v2\/media?parent=75732"}],"wp:term":[{"taxonomy":"category","embeddable":true,"href":"https:\/\/guialimeira.com.br\/news\/wp-json\/wp\/v2\/categories?post=75732"},{"taxonomy":"post_tag","embeddable":true,"href":"https:\/\/guialimeira.com.br\/news\/wp-json\/wp\/v2\/tags?post=75732"}],"curies":[{"name":"wp","href":"https:\/\/api.w.org\/{rel}","templated":true}]}}