{"id":7573,"date":"2024-06-05T13:22:42","date_gmt":"2024-06-05T16:22:42","guid":{"rendered":"https:\/\/guialimeira.com.br\/2024\/06\/05\/comissao-de-constituicao-justica-e-redacao-elabora-parecer-favoravel-a-15-proposituras\/"},"modified":"2024-06-05T13:22:42","modified_gmt":"2024-06-05T16:22:42","slug":"comissao-de-constituicao-justica-e-redacao-elabora-parecer-favoravel-a-15-proposituras","status":"publish","type":"post","link":"https:\/\/guialimeira.com.br\/news\/comissao-de-constituicao-justica-e-redacao-elabora-parecer-favoravel-a-15-proposituras\/","title":{"rendered":"Comiss\u00e3o de Constitui\u00e7\u00e3o, Justi\u00e7a e Reda\u00e7\u00e3o elabora parecer favor\u00e1vel a 15 proposituras"},"content":{"rendered":"<p> <br \/>\n<\/p>\n<div>\n<p>Durante a reuni\u00e3o desta quarta-feira, 5 de junho, da Comiss\u00e3o de Constitui\u00e7\u00e3o, Justi\u00e7a e Reda\u00e7\u00e3o (CCJR), das 33 propostas que estavam na<a href=\"http:\/\/consulta.limeira.sp.leg.br\/Sessoes\/Documento\/347732\" rel=\"noopener\"> pauta<\/a>; 15 receberam parecer favor\u00e1vel e uma recebeu parecer contr\u00e1rio. As demais proposituras seguem em estudo ou foram encaminhadas para a Procuradoria Legislativa para elabora\u00e7\u00e3o de parecer, conforme a <a href=\"http:\/\/consulta.limeira.sp.leg.br\/Sessoes\/Documento\/347892\" rel=\"noopener\">ata<\/a>.<\/p>\n<p>A CCJR se manifesta sobre o aspecto constitucional, legal, regimental, gramatical e l\u00f3gico de todas as proposi\u00e7\u00f5es que tramitam na C\u00e2mara.\u00a0 Fazem parte do colegiado os vereadores Jorge de Freitas (PRD), presidente; Mariana Calsa (MDB), vice-presidente; e Anderson Pereira (PSD), secret\u00e1rio. As reuni\u00f5es acontecem regimentalmente \u00e0s quartas-feiras, \u00e0s 9h.<\/p>\n<p><strong>Proposi\u00e7\u00f5es que receberam pareceres favor\u00e1veis:<\/strong><\/p>\n<p><a href=\"http:\/\/consulta.limeira.sp.leg.br\/Documentos\/Documento\/347055\" rel=\"noopener\">Projeto de Lei N\u00b0 79\/2024<\/a>, do vereador Farid Zaine (PL), que institui no Calend\u00e1rio Oficial de Eventos do Munic\u00edpio o Festival de Hamb\u00farguer de Limeira.<\/p>\n<p><a href=\"http:\/\/consulta.limeira.sp.leg.br\/Documentos\/Documento\/347078\" rel=\"noopener\">Projeto de Lei N\u00b0 80\/2024<\/a>, do vereador Marco Xavier (PP) perpetua o nome de Jos\u00e9 Am\u00e9rico Sobrinho na Rua Projetada 20, no loteamento Jardim Colinas do Engenho II.<\/p>\n<p><a href=\"http:\/\/consulta.limeira.sp.leg.br\/Documentos\/Documento\/347045\" rel=\"noopener\">Projeto de Decreto Legislativo N\u00b0 16\/2024<\/a>, do vereador Farid Zaine (PL), que concede o Diploma de Gratid\u00e3o da Cidade de Limeira e a Medalha de M\u00e9rito C\u00edvico XV de setembro Ordem Tatuiby \u00e0 fam\u00edlia Gianotto pelo legado deixado em 100 anos da sua chegada ao Brasil.<\/p>\n<p><a href=\"http:\/\/consulta.limeira.sp.leg.br\/Documentos\/Documento\/347806\" rel=\"noopener\">Projeto de Decreto Legislativo N\u00b0 17\/2024<\/a>, do vereador Jorge de Freitas (PRD), concede o Diploma de Gratid\u00e3o da Cidade de Limeira e a Medalha de M\u00e9rito C\u00edvico XV de setembro Ordem Tatuiby \u00e0 empresa Calc\u00e1rio Cruzeiro.<\/p>\n<p><a href=\"http:\/\/consulta.limeira.sp.leg.br\/Documentos\/Documento\/347809\" rel=\"noopener\">Projeto de Decreto Legislativo N\u00b0 18\/2024<\/a>, do vereador Helder do T\u00e1xi (PSD), concede o Diploma de Gratid\u00e3o da Cidade de Limeira e a Medalha de M\u00e9rito C\u00edvico XV de setembro Ordem Tatuiby ao Grupo Ter\u00e7o dos Homens da Diocese de Limeira.<\/p>\n<p><a href=\"http:\/\/consulta.limeira.sp.leg.br\/Documentos\/Documento\/344685\" rel=\"noopener\">Projeto de Decreto Legislativo 11\/2024<\/a>, do vereador Betinho Neves (MDB), concede o T\u00edtulo de Cidad\u00e3o Limeirense a Frederico Fernandes Garbuio.<\/p>\n<p><a href=\"http:\/\/consulta.limeira.sp.leg.br\/Documentos\/Documento\/344680\" rel=\"noopener\">Projeto de Lei N\u00b053\/2024<\/a> + <a href=\"http:\/\/consulta.limeira.sp.leg.br\/Documentos\/Documento\/345375\" rel=\"noopener\">Substitutivo N\u00b013<\/a>, da vereadora Const\u00e2ncia F\u00e9lix (AGIR), Perpetua o nome de Ac\u00e1cio Silv\u00e9rio, a Rua 03 do loteamento Ch\u00e1cara Morro Alto.<\/p>\n<p><a href=\"http:\/\/consulta.limeira.sp.leg.br\/Documentos\/Documento\/343769\" rel=\"noopener\">Projeto de Lei N\u00b0 43\/2024<\/a>, do vereador Farid Zaine (PL), institui a Pol\u00edtica Municipal de Combate ao Etarismo.<\/p>\n<p><a href=\"http:\/\/consulta.limeira.sp.leg.br\/Documentos\/Documento\/343814\" rel=\"noopener\">Projeto de Lei N\u00b0 44\/2024<\/a>, do vereador Dr. J\u00falio (MDB), disp\u00f5e sobre a utiliza\u00e7\u00e3o de espa\u00e7os p\u00fablicos por estabelecimentos comerciais.<\/p>\n<p><a href=\"http:\/\/consulta.limeira.sp.leg.br\/Documentos\/Documento\/344568\" rel=\"noopener\">Projeto de Lei N\u00b0 51\/2024<\/a>, do vereador Farid Zaine (PL), disp\u00f5e sobre a obrigatoriedade de divulga\u00e7\u00e3o no site oficial da Prefeitura Municipal de todas as vacinas do calend\u00e1rio anual de vacina\u00e7\u00e3o, recomendadas pelo Minist\u00e9rio da Sa\u00fade, orienta\u00e7\u00f5es quanto \u00e0s doses, idades, p\u00fablico recomendado e documentos necess\u00e1rios para o acesso \u00e0s vacinas.<\/p>\n<p><a href=\"http:\/\/consulta.limeira.sp.leg.br\/Documentos\/Documento\/344767\" rel=\"noopener\">Projeto de Lei N\u00b0 55\/2024<\/a>, da Prefeitura, altera reda\u00e7\u00e3o do artigo 38 da<a href=\"http:\/\/legislacao.limeira.sp.leg.br\/Limeira-SP\/LeisOrdinarias\/5745-2016\" rel=\"noopener\"> Lei N\u00ba 5.745\/2016<\/a>, que disp\u00f5e sobre o servi\u00e7o de transporte escolar do munic\u00edpio.<\/p>\n<p><a href=\"http:\/\/consulta.limeira.sp.leg.br\/Documentos\/Documento\/333001\" rel=\"noopener\">Projeto de Lei N\u00b0 198\/2023<\/a> + <a href=\"http:\/\/consulta.limeira.sp.leg.br\/Documentos\/Documento\/343130\" rel=\"noopener\">Emenda N\u00b0 9<\/a>, da vereadora Lu Bogo (PL), inclui o \u00a71\u00ba e renumera o par\u00e1grafo \u00fanico no art. 16 da <a href=\"http:\/\/legislacao.limeira.sp.leg.br\/Limeira-SP\/LeisOrdinarias\/5593-2015\" rel=\"noopener\">Lei N\u00ba 5.593\/2015<\/a>, que disp\u00f5e sobre a institui\u00e7\u00e3o do Programa Assistencial de Benef\u00edcios Eventuais no munic\u00edpio.\u00a0<\/p>\n<p><a href=\"http:\/\/consulta.limeira.sp.leg.br\/Documentos\/Documento\/343774\" rel=\"noopener\">Substitutivo N\u00b0 9 <\/a>ao<a href=\"http:\/\/consulta.limeira.sp.leg.br\/Documentos\/Documento\/325586\" rel=\"noopener\"> Projeto de Lei N\u00b0 148\/2023<\/a>, da vereadora Lu Bogo (PL), que institui no munic\u00edpio a obrigatoriedade da utiliza\u00e7\u00e3o de faixas refletoras em selas utilizadas por animais e ve\u00edculos de tra\u00e7\u00e3o animal, bem como nos vestu\u00e1rios de seus condutores.<\/p>\n<p><a href=\"http:\/\/consulta.limeira.sp.leg.br\/Documentos\/Documento\/345385\" rel=\"noopener\">Projeto de Lei N\u00b0 62\/2024<\/a>, da vereadora Isabelly Carvalho (PT), acrescenta o Art.1-B \u00e0 <a href=\"http:\/\/legislacao.limeira.sp.leg.br\/Limeira-SP\/LeisOrdinarias\/2893-1998\" rel=\"noopener\">Lei N\u00b0 2.893\/1998<\/a>, alterada pela <a href=\"http:\/\/legislacao.limeira.sp.leg.br\/Limeira-SP\/LeisOrdinarias\/4646-2010\" rel=\"noopener\">Lei N\u00ba 4.646\/2010<\/a>, e estabelece a obrigatoriedade da instala\u00e7\u00e3o de placas informativas em obras paralisadas, contendo de forma resumida a exposi\u00e7\u00e3o dos motivos que levaram \u00e0 sua paralisa\u00e7\u00e3o, bem como, informa\u00e7\u00f5es acerca da previs\u00e3o de continuidade.<\/p>\n<p><a href=\"http:\/\/consulta.limeira.sp.leg.br\/Documentos\/Documento\/345386\" rel=\"noopener\">Projeto de Lei N\u00b0 63\/2024<\/a>, da vereadora Isabelly Carvalho (PT), assegura o direito a avalia\u00e7\u00e3o peri\u00f3dica das vias p\u00fablicas urbanas e rurais do munic\u00edpio.<\/p>\n<p><strong>Proposi\u00e7\u00e3o que recebeu parecer contr\u00e1rio:<\/strong><\/p>\n<p><a href=\"http:\/\/consulta.limeira.sp.leg.br\/Documentos\/Documento\/344717\" rel=\"noopener\">Projeto de Lei N\u00b054\/2024<\/a>, do vereador Nilton Santos (Republicanos), pro\u00edbe a utiliza\u00e7\u00e3o de verba p\u00fablica no \u00e2mbito do Munic\u00edpio de Limeira em eventos e servi\u00e7os que promovam e\/ou estimulem a sexualidade de crian\u00e7as e adolescentes.<\/p>\n<\/p><\/div>\n<p><br \/>\n<br \/><a href=\"https:\/\/www.limeira.sp.leg.br\/noticias\/view\/2024-06-05_comissao-de-constituicao-justica-e-redacao-elabora-parecer-favoravel-a-15-proposituras\" rel=\"noopener\">Informa\u00e7\u00f5es CML<\/a><\/p>\n","protected":false},"excerpt":{"rendered":"<p>Durante a reuni\u00e3o desta quarta-feira, 5 de junho, da Comiss\u00e3o de Constitui\u00e7\u00e3o, Justi\u00e7a e Reda\u00e7\u00e3o (CCJR), das 33 propostas que estavam na pauta; 15 receberam parecer favor\u00e1vel e uma recebeu parecer contr\u00e1rio. As demais proposituras seguem em estudo ou foram encaminhadas para a Procuradoria Legislativa para elabora\u00e7\u00e3o de parecer, conforme a ata. A CCJR se [&hellip;]<\/p>\n","protected":false},"author":1,"featured_media":0,"comment_status":"open","ping_status":"open","sticky":false,"template":"","format":"standard","meta":{"_jetpack_newsletter_access":"","_jetpack_dont_email_post_to_subs":false,"_jetpack_newsletter_tier_id":0,"_jetpack_memberships_contains_paywalled_content":false,"_mbp_banners":[],"_jetpack_feature_clip_id":0,"_jetpack_memberships_contains_paid_content":false,"footnotes":"","jetpack_publicize_message":"","jetpack_publicize_feature_enabled":true,"jetpack_social_post_already_shared":true,"jetpack_social_options":{"image_generator_settings":{"template":"highway","default_image_id":0,"font":"","enabled":false},"version":2},"jetpack_post_was_ever_published":false},"categories":[19],"tags":[],"class_list":["post-7573","post","type-post","status-publish","format-standard","category-politica"],"jetpack_publicize_connections":[],"jetpack-related-posts":[],"jetpack_shortlink":"https:\/\/wp.me\/p7Eq1F-1Y9","jetpack_sharing_enabled":true,"jetpack_featured_media_url":"","_links":{"self":[{"href":"https:\/\/guialimeira.com.br\/news\/wp-json\/wp\/v2\/posts\/7573","targetHints":{"allow":["GET"]}}],"collection":[{"href":"https:\/\/guialimeira.com.br\/news\/wp-json\/wp\/v2\/posts"}],"about":[{"href":"https:\/\/guialimeira.com.br\/news\/wp-json\/wp\/v2\/types\/post"}],"author":[{"embeddable":true,"href":"https:\/\/guialimeira.com.br\/news\/wp-json\/wp\/v2\/users\/1"}],"replies":[{"embeddable":true,"href":"https:\/\/guialimeira.com.br\/news\/wp-json\/wp\/v2\/comments?post=7573"}],"version-history":[{"count":0,"href":"https:\/\/guialimeira.com.br\/news\/wp-json\/wp\/v2\/posts\/7573\/revisions"}],"wp:attachment":[{"href":"https:\/\/guialimeira.com.br\/news\/wp-json\/wp\/v2\/media?parent=7573"}],"wp:term":[{"taxonomy":"category","embeddable":true,"href":"https:\/\/guialimeira.com.br\/news\/wp-json\/wp\/v2\/categories?post=7573"},{"taxonomy":"post_tag","embeddable":true,"href":"https:\/\/guialimeira.com.br\/news\/wp-json\/wp\/v2\/tags?post=7573"}],"curies":[{"name":"wp","href":"https:\/\/api.w.org\/{rel}","templated":true}]}}