{"id":75725,"date":"2026-08-30T22:16:36","date_gmt":"2026-08-31T01:16:36","guid":{"rendered":"https:\/\/guialimeira.com.br\/news\/?p=75725"},"modified":"2026-08-30T22:16:36","modified_gmt":"2026-08-31T01:16:36","slug":"consulta-sobre-bens-sustentaveis-no-acordo-mercosul-ue-acaba-na-quarta","status":"publish","type":"post","link":"https:\/\/guialimeira.com.br\/news\/consulta-sobre-bens-sustentaveis-no-acordo-mercosul-ue-acaba-na-quarta\/","title":{"rendered":"Consulta sobre bens sustent\u00e1veis no acordo Mercosul\u2013UE acaba na quarta"},"content":{"rendered":"<p> <br \/>\n<\/p>\n<div>\n<p>As empresas e organiza\u00e7\u00f5es que contribuem com a preserva\u00e7\u00e3o do meio ambiente t\u00eam uma oportunidade de ampliar o com\u00e9rcio com o mercado europeu. <strong>Termina na pr\u00f3xima quarta-feira (2) a consulta p\u00fablica do Minist\u00e9rio do Desenvolvimento, Ind\u00fastria, Com\u00e9rcio e Servi\u00e7os (Mdic) que busca identificar produtos e cadeias produtivas sustent\u00e1veis do Mercosul.<\/strong><img data-recalc-dims=\"1\" decoding=\"async\" src=\"https:\/\/i0.wp.com\/agenciabrasil.ebc.com.br\/ebc.png?w=696&#038;ssl=1\" style=\"width:1px;height:1px;display:inline\" \/><img data-recalc-dims=\"1\" decoding=\"async\" src=\"https:\/\/i0.wp.com\/agenciabrasil.ebc.com.br\/ebc.gif?w=696&#038;ssl=1\" style=\"width:1px;height:1px;display:inline\" \/><\/p>\n<p>O Acordo de Livre Com\u00e9rcio entre o Mercosul e a Uni\u00e3o Europeia, <a href=\"https:\/\/agenciabrasil.ebc.com.br\/economia\/noticia\/2026-03\/congresso-nacional-promulga-acordo-mercosul-uniao-europeia\" rel=\"noopener\">promulgado em mar\u00e7o<\/a>\u00a0garante benef\u00edcios comerciais adicionais para itens sustent\u00e1veis.<\/p>\n<p>A Secretaria de Com\u00e9rcio Exterior (Secex) quer reunir sugest\u00f5es de produtos que contribuam para a conserva\u00e7\u00e3o, recupera\u00e7\u00e3o, utiliza\u00e7\u00e3o e gest\u00e3o sustent\u00e1vel de florestas e outros ecossistemas vulner\u00e1veis.<\/p>\n<h2>Quem pode participar<\/h2>\n<p><strong>A consulta \u00e9 aberta a diferentes segmentos interessados na amplia\u00e7\u00e3o do com\u00e9rcio sustent\u00e1vel com o mercado europeu, incluindo:<\/strong><\/p>\n<ul>\n<li>Setor produtivo;<\/li>\n<li>Universidades e institui\u00e7\u00f5es de pesquisa;<\/li>\n<li>Organiza\u00e7\u00f5es da sociedade civil;<\/li>\n<li>Representantes de cadeias produtivas;<\/li>\n<li>Demais interessados.<\/li>\n<\/ul>\n<p>As contribui\u00e7\u00f5es podem ajudar a identificar produtos da sociobiodiversidade brasileira e cadeias que associem produ\u00e7\u00e3o econ\u00f4mica \u00e0 conserva\u00e7\u00e3o ambiental.<\/p>\n<h2>Poss\u00edveis benef\u00edcios<\/h2>\n<p>Os produtos selecionados para integrar a lista prevista no acordo poder\u00e3o ter acesso preferencial ou adicional ao mercado da Uni\u00e3o Europeia, al\u00e9m de outros incentivos destinados \u00e0 promo\u00e7\u00e3o comercial.<\/p>\n<p><strong>Na pr\u00e1tica, a consulta busca identificar produtos brasileiros que tenham caracter\u00edsticas de sustentabilidade e possam ampliar sua presen\u00e7a no mercado europeu.<\/strong><\/p>\n<p>A participa\u00e7\u00e3o tamb\u00e9m permite que empresas, entidades e representantes de cadeias produtivas apresentem produtos com potencial para receber tratamento comercial diferenciado.<\/p>\n<h2>Como participar<\/h2>\n<p>As manifesta\u00e7\u00f5es devem ser encaminhadas pela plataforma oficial <a href=\"https:\/\/brasilparticipativo.presidencia.gov.br\/processes\/implementacao-paragafo39-mcs-ue?utm_source=chatgpt.com\" rel=\"noopener\">Brasil Participativo<\/a> at\u00e9 2 de setembro de 2026.<\/p>\n<p>Segundo o Mdic, as contribui\u00e7\u00f5es s\u00e3o importantes para a constru\u00e7\u00e3o da lista de produtos prevista no Acordo Mercosul-UE e para a identifica\u00e7\u00e3o de oportunidades comerciais relacionadas \u00e0 sustentabilidade.<\/p>\n<p>Com o prazo pr\u00f3ximo do fim, empresas e entidades interessadas em apresentar produtos ou cadeias produtivas devem enviar suas contribui\u00e7\u00f5es dentro do per\u00edodo estabelecido.<\/p>\n<p>      <!-- Relacionada --><\/p>\n<p>            <!-- Relacionada -->\n    <\/div>\n<p><br \/>\n<br \/><a href=\"https:\/\/agenciabrasil.ebc.com.br\/economia\/noticia\/2026-08\/consulta-sobre-bens-sustentaveis-no-acordo-mercosul-ue-acaba-na-quarta\" rel=\"noopener\">Informa\u00e7\u00f5es com a Ag\u00eancia Brasil<\/a><\/p>\n","protected":false},"excerpt":{"rendered":"<p>As empresas e organiza\u00e7\u00f5es que contribuem com a preserva\u00e7\u00e3o do meio ambiente t\u00eam uma oportunidade de ampliar o com\u00e9rcio com o mercado europeu. Termina na pr\u00f3xima quarta-feira (2) a consulta p\u00fablica do Minist\u00e9rio do Desenvolvimento, Ind\u00fastria, Com\u00e9rcio e Servi\u00e7os (Mdic) que busca identificar produtos e cadeias produtivas sustent\u00e1veis do Mercosul. O Acordo de Livre Com\u00e9rcio [&hellip;]<\/p>\n","protected":false},"author":1,"featured_media":75726,"comment_status":"closed","ping_status":"open","sticky":false,"template":"","format":"standard","meta":{"_jetpack_newsletter_access":"","_jetpack_dont_email_post_to_subs":false,"_jetpack_newsletter_tier_id":0,"_jetpack_memberships_contains_paywalled_content":false,"_mbp_banners":[],"_jetpack_feature_clip_id":0,"_jetpack_memberships_contains_paid_content":false,"footnotes":"","jetpack_publicize_message":"","jetpack_publicize_feature_enabled":true,"jetpack_social_post_already_shared":true,"jetpack_social_options":{"image_generator_settings":{"template":"highway","default_image_id":0,"font":"","enabled":false},"version":2},"jetpack_post_was_ever_published":false},"categories":[22],"tags":[],"class_list":["post-75725","post","type-post","status-publish","format-standard","has-post-thumbnail","category-nacional"],"jetpack_publicize_connections":[],"jetpack-related-posts":[],"jetpack_shortlink":"https:\/\/wp.me\/p7Eq1F-jHn","jetpack_sharing_enabled":true,"jetpack_featured_media_url":"https:\/\/i0.wp.com\/guialimeira.com.br\/news\/wp-content\/uploads\/2026\/08\/1021000-00119.05.2016-21.jpg?fit=1600%2C800&ssl=1","_links":{"self":[{"href":"https:\/\/guialimeira.com.br\/news\/wp-json\/wp\/v2\/posts\/75725","targetHints":{"allow":["GET"]}}],"collection":[{"href":"https:\/\/guialimeira.com.br\/news\/wp-json\/wp\/v2\/posts"}],"about":[{"href":"https:\/\/guialimeira.com.br\/news\/wp-json\/wp\/v2\/types\/post"}],"author":[{"embeddable":true,"href":"https:\/\/guialimeira.com.br\/news\/wp-json\/wp\/v2\/users\/1"}],"replies":[{"embeddable":true,"href":"https:\/\/guialimeira.com.br\/news\/wp-json\/wp\/v2\/comments?post=75725"}],"version-history":[{"count":1,"href":"https:\/\/guialimeira.com.br\/news\/wp-json\/wp\/v2\/posts\/75725\/revisions"}],"predecessor-version":[{"id":75727,"href":"https:\/\/guialimeira.com.br\/news\/wp-json\/wp\/v2\/posts\/75725\/revisions\/75727"}],"wp:featuredmedia":[{"embeddable":true,"href":"https:\/\/guialimeira.com.br\/news\/wp-json\/wp\/v2\/media\/75726"}],"wp:attachment":[{"href":"https:\/\/guialimeira.com.br\/news\/wp-json\/wp\/v2\/media?parent=75725"}],"wp:term":[{"taxonomy":"category","embeddable":true,"href":"https:\/\/guialimeira.com.br\/news\/wp-json\/wp\/v2\/categories?post=75725"},{"taxonomy":"post_tag","embeddable":true,"href":"https:\/\/guialimeira.com.br\/news\/wp-json\/wp\/v2\/tags?post=75725"}],"curies":[{"name":"wp","href":"https:\/\/api.w.org\/{rel}","templated":true}]}}