{"id":7570,"date":"2024-06-05T12:46:52","date_gmt":"2024-06-05T15:46:52","guid":{"rendered":"https:\/\/guialimeira.com.br\/2024\/06\/05\/gestao-paulista-tera-comite-e-conselho-estadual-para-mudancas-climaticas\/"},"modified":"2024-06-05T12:46:52","modified_gmt":"2024-06-05T15:46:52","slug":"gestao-paulista-tera-comite-e-conselho-estadual-para-mudancas-climaticas","status":"publish","type":"post","link":"https:\/\/guialimeira.com.br\/news\/gestao-paulista-tera-comite-e-conselho-estadual-para-mudancas-climaticas\/","title":{"rendered":"Gest\u00e3o paulista ter\u00e1 comit\u00ea e conselho estadual para mudan\u00e7as clim\u00e1ticas"},"content":{"rendered":"<p> <br \/>\n<\/p>\n<div id=\"\">&#13;<br \/>\n                                <!-- Title -->&#13;<br \/>\n                                &#13;<br \/>\n&#13;<br \/>\n                                <!-- Excerpt -->&#13;<\/p>\n<p class=\"excerpt\">Colegiados v\u00e3o discutir e elaborar medidas necess\u00e1rias de mitiga\u00e7\u00e3o e adapta\u00e7\u00e3o \u00e0s mudan\u00e7as clim\u00e1ticas, com foco em resili\u00eancia<\/p>\n<p>&#13;<br \/>\n&#13;<br \/>\n                                &#13;\n                            <\/p><\/div>\n<div id=\"\">&#13;<\/p>\n<p>O planejamento p\u00fablico de curto, m\u00e9dio e longo prazo para prevenir e combater impactos de eventos extremos ganha novo refor\u00e7o em S\u00e3o Paulo. No <a href=\"https:\/\/www.saopaulo.sp.gov.br\/spnoticias\/ultimas-noticias\/governo-de-sp-lanca-ampla-programacao-para-a-semana-do-meio-ambiente\/\" rel=\"noopener\">Dia Mundial do Meio Ambiente<\/a>, o governador Tarc\u00edsio de Freitas formalizou a instaura\u00e7\u00e3o do Comit\u00ea Gestor da pol\u00edtica estadual de mudan\u00e7as clim\u00e1ticas e anunciar a forma\u00e7\u00e3o do Conselho Estadual para temas como resili\u00eancia urbana, rural e natural, redu\u00e7\u00e3o dos gases de efeito estufa na atmosfera e contabiliza\u00e7\u00e3o e sequestro de carbono.<\/p>\n<p>O Comit\u00ea Gestor re\u00fane representantes de oito secretarias do Governo de S\u00e3o Paulo que v\u00e3o atuar sob coordena\u00e7\u00e3o da pasta de Meio Ambiente, Infraestrutura e Log\u00edstica.<\/p>\n<p>Na pr\u00e1tica, os profissionais das Secretarias da Casa Civil; Meio Ambiente, Infraestrutura e Log\u00edstica; Ci\u00eancia, Tecnologia e Inova\u00e7\u00e3o; Desenvolvimento Urbano e Habita\u00e7\u00e3o; Agricultura e Abastecimento; Transportes Metropolitanos; e Fazenda e Planejamento v\u00e3o atuar de forma transversal na implementa\u00e7\u00e3o da estrat\u00e9gia clim\u00e1tica do estado, que conta com os eixos de adapta\u00e7\u00e3o e mitiga\u00e7\u00e3o, em articula\u00e7\u00e3o com o Pal\u00e1cio dos Bandeirantes.<\/p>\n<p>A prioridade \u00e9 reduzir as <a href=\"https:\/\/www.saopaulo.sp.gov.br\/spnoticias\/ultimas-noticias\/dia-mundial-do-meio-ambiente-evento-na-usp-debate-crise-climatica-e-sustentabilidade\/\" rel=\"noopener\">emiss\u00f5es de gases de efeito estufa<\/a> e tornar as cidades paulistas mais resilientes a desastres provocados por grandes inunda\u00e7\u00f5es, deslizamentos, inc\u00eandios florestais e estiagem prolongada, entre outros.<\/p>\n<p>Tamb\u00e9m nesta quarta-feira (5), a administra\u00e7\u00e3o paulista anunciou a cria\u00e7\u00e3o do Conselho Estadual de Mudan\u00e7as Clim\u00e1ticas. De car\u00e1ter consultivo e composi\u00e7\u00e3o tripartite, o grupo ter\u00e1 a miss\u00e3o de acompanhar e monitorar a implementa\u00e7\u00e3o da estrat\u00e9gia clim\u00e1tica da gest\u00e3o estadual.<\/p>\n<p>O conselho ser\u00e1 formado por 18 membros titulares e respectivos suplentes, sendo seis representantes de \u00f3rg\u00e3os e entidades governamentais (Casa Civil; Meio Ambiente, Infraestrutura e Log\u00edstica; Desenvolvimento Econ\u00f4mico; Ci\u00eancia, Tecnologia e Inova\u00e7\u00e3o; Agricultura e Abastecimento; e Transportes Metropolitanos), seis representantes de munic\u00edpios (dois da Associa\u00e7\u00e3o Nacional de Munic\u00edpios e Meio Ambiente, dois da Grande S\u00e3o Paulo e dois da Baixada Santista) e seis da sociedade civil (dois representantes de uma organiza\u00e7\u00e3o socioambiental com atua\u00e7\u00e3o na \u00e1rea de mudan\u00e7as clim\u00e1ticas, dois de universidades p\u00fablicas paulistas e dois da Federa\u00e7\u00e3o das Ind\u00fastrias do Estado de S\u00e3o Paulo). As fun\u00e7\u00f5es de conselheiro n\u00e3o ser\u00e3o remuneradas.<\/p>\n<p>A <a href=\"https:\/\/www.saopaulo.sp.gov.br\/orgaos-e-entidades\/secretarias\/meio-ambiente-infraestrutura-e-logistica\/\" rel=\"noopener\">Secretaria de Meio Ambiente, Infraestrutura e Log\u00edstica<\/a> est\u00e1 com chamamento p\u00fablico aberto at\u00e9 o pr\u00f3ximo dia 16 para selecionar as duas organiza\u00e7\u00f5es da sociedade civil que v\u00e3o integrar o conselho.<\/p>\n<p>As diretrizes e iniciativas definidas pelo grupo tamb\u00e9m v\u00e3o orientar prefeituras e autarquias municipais sobre eventuais prioridades na elabora\u00e7\u00e3o e implementa\u00e7\u00e3o de planos, a\u00e7\u00f5es emergenciais e obras de infraestrutura.<\/p>\n<p>Representantes de outros \u00f3rg\u00e3os, como a Defesa Civil, poder\u00e3o ser convidados para participar das reuni\u00f5es do Comit\u00ea Gestor e do Conselho Estadual conforme a necessidade.<\/p>\n<p>Siga o canal \u201cGoverno de S\u00e3o Paulo\u201d no WhatsApp:<br \/><a href=\"https:\/\/bit.ly\/govspnozap\" target=\"_blank\" rel=\"noopener noreferrer\">https:\/\/bit.ly\/govspnozap<\/a><\/p>\n<\/p><\/div>\n<p><br \/>\n<br \/><a href=\"https:\/\/www.saopaulo.sp.gov.br\/spnoticias\/ultimas-noticias\/gestao-paulista-tera-comite-gestor-e-conselho-estadual-para-mudancas-climaticas\/\" rel=\"noopener\">Informa\u00e7\u00f5es GOV.SP<\/a><\/p>\n","protected":false},"excerpt":{"rendered":"<p>&#13; &#13; &#13; &#13; &#13; Colegiados v\u00e3o discutir e elaborar medidas necess\u00e1rias de mitiga\u00e7\u00e3o e adapta\u00e7\u00e3o \u00e0s mudan\u00e7as clim\u00e1ticas, com foco em resili\u00eancia &#13; &#13; &#13; &#13; O planejamento p\u00fablico de curto, m\u00e9dio e longo prazo para prevenir e combater impactos de eventos extremos ganha novo refor\u00e7o em S\u00e3o Paulo. No Dia Mundial do Meio [&hellip;]<\/p>\n","protected":false},"author":1,"featured_media":238,"comment_status":"open","ping_status":"open","sticky":false,"template":"","format":"standard","meta":{"_jetpack_newsletter_access":"","_jetpack_dont_email_post_to_subs":false,"_jetpack_newsletter_tier_id":0,"_jetpack_memberships_contains_paywalled_content":false,"_mbp_banners":[],"_jetpack_feature_clip_id":0,"_jetpack_memberships_contains_paid_content":false,"footnotes":"","jetpack_publicize_message":"","jetpack_publicize_feature_enabled":true,"jetpack_social_post_already_shared":true,"jetpack_social_options":{"image_generator_settings":{"template":"highway","default_image_id":0,"font":"","enabled":false},"version":2},"jetpack_post_was_ever_published":false},"categories":[21],"tags":[],"class_list":["post-7570","post","type-post","status-publish","format-standard","has-post-thumbnail","category-sp-news"],"jetpack_publicize_connections":[],"jetpack-related-posts":[],"jetpack_shortlink":"https:\/\/wp.me\/p7Eq1F-1Y6","jetpack_sharing_enabled":true,"jetpack_featured_media_url":"https:\/\/i0.wp.com\/guialimeira.com.br\/news\/wp-content\/uploads\/2024\/03\/cover.png?fit=650%2C650&ssl=1","_links":{"self":[{"href":"https:\/\/guialimeira.com.br\/news\/wp-json\/wp\/v2\/posts\/7570","targetHints":{"allow":["GET"]}}],"collection":[{"href":"https:\/\/guialimeira.com.br\/news\/wp-json\/wp\/v2\/posts"}],"about":[{"href":"https:\/\/guialimeira.com.br\/news\/wp-json\/wp\/v2\/types\/post"}],"author":[{"embeddable":true,"href":"https:\/\/guialimeira.com.br\/news\/wp-json\/wp\/v2\/users\/1"}],"replies":[{"embeddable":true,"href":"https:\/\/guialimeira.com.br\/news\/wp-json\/wp\/v2\/comments?post=7570"}],"version-history":[{"count":0,"href":"https:\/\/guialimeira.com.br\/news\/wp-json\/wp\/v2\/posts\/7570\/revisions"}],"wp:featuredmedia":[{"embeddable":true,"href":"https:\/\/guialimeira.com.br\/news\/wp-json\/wp\/v2\/media\/238"}],"wp:attachment":[{"href":"https:\/\/guialimeira.com.br\/news\/wp-json\/wp\/v2\/media?parent=7570"}],"wp:term":[{"taxonomy":"category","embeddable":true,"href":"https:\/\/guialimeira.com.br\/news\/wp-json\/wp\/v2\/categories?post=7570"},{"taxonomy":"post_tag","embeddable":true,"href":"https:\/\/guialimeira.com.br\/news\/wp-json\/wp\/v2\/tags?post=7570"}],"curies":[{"name":"wp","href":"https:\/\/api.w.org\/{rel}","templated":true}]}}