{"id":75671,"date":"2026-08-29T11:10:27","date_gmt":"2026-08-29T14:10:27","guid":{"rendered":"https:\/\/guialimeira.com.br\/?p=75671"},"modified":"2026-08-29T11:10:27","modified_gmt":"2026-08-29T14:10:27","slug":"confira-a-agenda-dos-presidenciaveis-neste-fim-de-semana-29-e-30","status":"publish","type":"post","link":"https:\/\/guialimeira.com.br\/news\/confira-a-agenda-dos-presidenciaveis-neste-fim-de-semana-29-e-30\/","title":{"rendered":"Confira a agenda dos presidenci\u00e1veis neste fim de semana (29 e 30)"},"content":{"rendered":"<p> <br \/>\n<\/p>\n<div>\n<p>A agenda dos presidenci\u00e1veis neste fim de semana inclui sabatina, atos pol\u00edticos, caminhadas, carreatas e encontros com apoiadores. Tamb\u00e9m est\u00e3o previstas visitas a eventos e locais afetados por problemas de infraestrutura.<img data-recalc-dims=\"1\" decoding=\"async\" src=\"https:\/\/i0.wp.com\/agenciabrasil.ebc.com.br\/ebc.png?w=696&#038;ssl=1\" style=\"width:1px;height:1px;display:inline\" \/><img data-recalc-dims=\"1\" decoding=\"async\" src=\"https:\/\/i0.wp.com\/agenciabrasil.ebc.com.br\/ebc.gif?w=696&#038;ssl=1\" style=\"width:1px;height:1px;display:inline\" \/><\/p>\n<p>Os candidatos participam ainda de atividades voltadas \u00e0s mulheres, rodas de conversa sobre cultura e arte e lan\u00e7amento de candidatura.\u00a0<\/p>\n<p><strong>Romeu Zema (Novo)\u00a0<\/strong><br \/>Vai a Feliz (RS) observar o local onde a ponte caiu duas vezes e apresentar propostas sobre o El Nino e infraestruturas. Em Canoas (RS), participa de encontro com as mulheres do partido Novo.\u00a0<\/p>\n<p><strong>Ronaldo Caiado (PSD)<\/strong><br \/>Visita a Festa do Pe\u00e3o em Barretos (SP), no s\u00e1bado. \u00a0<\/p>\n<p><strong>Rui Costa Pimenta (PCO)<\/strong><br \/>Participa de evento de lan\u00e7amento da candidatura no Sindicato dos Metal\u00fargicos da Grande Porto Alegre (RS), no s\u00e1bado.\u00a0<\/p>\n<p><strong>Samara Martins (UP)<\/strong><br \/>No s\u00e1bado, participa de caminhada em Mau\u00e1 (SP) e de caminhada e reuni\u00e3o com Associa\u00e7\u00e3o dos Moradores da Comunidade Spama, na regi\u00e3o Noroeste da capital paulista.\u00a0<\/p>\n<p><strong>Augusto Cury (Avante)<\/strong><br \/>Participa de Sabatina na TV Globo.\u00a0<\/p>\n<p><strong>Fl\u00e1vio Bolsonaro (PL)<\/strong><br \/>Cumpre agenda em Angra dos Reis (RJ) neste s\u00e1bado. \u00c0s 13h,\u00a0concentra\u00e7\u00e3o de carreata no KM\u00a041 da Rodovia Gov. M\u00e1rio Covas. \u00c0s 15h,\u00a0barqueata no\u00a0Marinas do Atl\u00e2ntico.<\/p>\n<p><strong>Hertz Dias (PSTU)<\/strong><br \/>No s\u00e1bado, participa de visita \u00e0 Ocupa\u00e7\u00e3o da Resid\u00eancia Feminina e de roda de conversa sobre cultura e arte na sede do PSTU.\u00a0<\/p>\n<p><strong>Luiz In\u00e1cio Lula da Silva (PT)\u00a0<\/strong><br \/>No s\u00e1bado, participa do ato Mulheres com Lula no centro de Belo Horizonte (MG).<\/p>\n<p><strong>Renan Santos (Miss\u00e3o)<\/strong><br \/>No s\u00e1bado, participa de carreata e adesiva\u00e7o na pra\u00e7a Charles Miller, em S\u00e3o Paulo (SP).\u00a0<\/p>\n<p>A candidata <strong>Clariana Bar\u00e3o (DC) <\/strong>n\u00e3o tem agenda p\u00fablica de campanha neste fim de semana.\u00a0<\/p>\n<p>Os candidatos <strong>Edmilson Costa (PCB)\u00a0<\/strong>e <strong>Wilson Grassi (Democrata) <\/strong>n\u00e3o divulgaram a agenda de campanha at\u00e9 o momento desta publica\u00e7\u00e3o.\u00a0<\/p>\n<p>A ordem de apresenta\u00e7\u00e3o da cobertura da agenda dos candidatos a presidente segue rod\u00edzio di\u00e1rio em ordem alfab\u00e9tica.<\/p>\n<p>      <!-- Relacionada --><\/p>\n<p>            <!-- Relacionada -->\n    <\/div>\n<p><br \/>\n<br \/><a href=\"https:\/\/agenciabrasil.ebc.com.br\/politica\/noticia\/2026-08\/confira-agenda-dos-presidenciaveis-neste-fim-de-semana-29-e-30\" rel=\"noopener\">Informa\u00e7\u00f5es com a Ag\u00eancia Brasil<\/a><\/p>\n","protected":false},"excerpt":{"rendered":"<p>A agenda dos presidenci\u00e1veis neste fim de semana inclui sabatina, atos pol\u00edticos, caminhadas, carreatas e encontros com apoiadores. Tamb\u00e9m est\u00e3o previstas visitas a eventos e locais afetados por problemas de infraestrutura. Os candidatos participam ainda de atividades voltadas \u00e0s mulheres, rodas de conversa sobre cultura e arte e lan\u00e7amento de candidatura.\u00a0 Romeu Zema (Novo)\u00a0Vai a [&hellip;]<\/p>\n","protected":false},"author":1,"featured_media":74965,"comment_status":"closed","ping_status":"open","sticky":false,"template":"","format":"standard","meta":{"_jetpack_newsletter_access":"","_jetpack_dont_email_post_to_subs":false,"_jetpack_newsletter_tier_id":0,"_jetpack_memberships_contains_paywalled_content":false,"_mbp_banners":[],"_jetpack_feature_clip_id":0,"_jetpack_memberships_contains_paid_content":false,"footnotes":"","jetpack_publicize_message":"","jetpack_publicize_feature_enabled":true,"jetpack_social_post_already_shared":true,"jetpack_social_options":{"image_generator_settings":{"template":"highway","default_image_id":0,"font":"","enabled":false},"version":2},"jetpack_post_was_ever_published":false},"categories":[22],"tags":[],"class_list":["post-75671","post","type-post","status-publish","format-standard","has-post-thumbnail","category-nacional"],"jetpack_publicize_connections":[],"jetpack-related-posts":[],"jetpack_shortlink":"https:\/\/wp.me\/p7Eq1F-jGv","jetpack_sharing_enabled":true,"jetpack_featured_media_url":"https:\/\/i0.wp.com\/guialimeira.com.br\/news\/wp-content\/uploads\/2026\/08\/banner_agenda_-_1170x700.png?fit=1600%2C800&ssl=1","_links":{"self":[{"href":"https:\/\/guialimeira.com.br\/news\/wp-json\/wp\/v2\/posts\/75671","targetHints":{"allow":["GET"]}}],"collection":[{"href":"https:\/\/guialimeira.com.br\/news\/wp-json\/wp\/v2\/posts"}],"about":[{"href":"https:\/\/guialimeira.com.br\/news\/wp-json\/wp\/v2\/types\/post"}],"author":[{"embeddable":true,"href":"https:\/\/guialimeira.com.br\/news\/wp-json\/wp\/v2\/users\/1"}],"replies":[{"embeddable":true,"href":"https:\/\/guialimeira.com.br\/news\/wp-json\/wp\/v2\/comments?post=75671"}],"version-history":[{"count":1,"href":"https:\/\/guialimeira.com.br\/news\/wp-json\/wp\/v2\/posts\/75671\/revisions"}],"predecessor-version":[{"id":75672,"href":"https:\/\/guialimeira.com.br\/news\/wp-json\/wp\/v2\/posts\/75671\/revisions\/75672"}],"wp:featuredmedia":[{"embeddable":true,"href":"https:\/\/guialimeira.com.br\/news\/wp-json\/wp\/v2\/media\/74965"}],"wp:attachment":[{"href":"https:\/\/guialimeira.com.br\/news\/wp-json\/wp\/v2\/media?parent=75671"}],"wp:term":[{"taxonomy":"category","embeddable":true,"href":"https:\/\/guialimeira.com.br\/news\/wp-json\/wp\/v2\/categories?post=75671"},{"taxonomy":"post_tag","embeddable":true,"href":"https:\/\/guialimeira.com.br\/news\/wp-json\/wp\/v2\/tags?post=75671"}],"curies":[{"name":"wp","href":"https:\/\/api.w.org\/{rel}","templated":true}]}}