{"id":7566,"date":"2024-06-05T11:45:48","date_gmt":"2024-06-05T14:45:48","guid":{"rendered":"https:\/\/guialimeira.com.br\/2024\/06\/05\/inscricao-para-nova-sede-do-governo-acaba-dia-12\/"},"modified":"2024-06-05T11:45:48","modified_gmt":"2024-06-05T14:45:48","slug":"inscricao-para-nova-sede-do-governo-acaba-dia-12","status":"publish","type":"post","link":"https:\/\/guialimeira.com.br\/news\/inscricao-para-nova-sede-do-governo-acaba-dia-12\/","title":{"rendered":"inscri\u00e7\u00e3o para nova sede do governo acaba dia 12"},"content":{"rendered":"<p> <br \/>\n<\/p>\n<div id=\"\">&#13;<br \/>\n                                <!-- Title -->&#13;<br \/>\n                                &#13;<br \/>\n&#13;<br \/>\n                                <!-- Excerpt -->&#13;<\/p>\n<p class=\"excerpt\">Prazo para arquitetos e urbanistas participarem do processo seletivo termina no dia 12; entrega de propostas foi adiada at\u00e9 10 de julho<\/p>\n<p>&#13;<br \/>\n&#13;<br \/>\n                                &#13;\n                            <\/p><\/div>\n<div id=\"\">&#13;<\/p>\n<figure id=\"attachment_5850777\" style=\"width: 100%;max-width: 772px\" class=\"wp-caption alignnone\"><img data-recalc-dims=\"1\" decoding=\"async\" loading=\"lazy\" class=\"wp-image-5850777\" src=\"https:\/\/i0.wp.com\/www.saopaulo.sp.gov.br\/wp-content\/uploads\/2024\/03\/ab7a036d-19ed-4531-8d08-cb27163c46ff-300x169.jpg?resize=696%2C392&#038;ssl=1\" alt=\"\" width=\"696\" height=\"392\" srcset=\"https:\/\/www.saopaulo.sp.gov.br\/wp-content\/uploads\/2024\/03\/ab7a036d-19ed-4531-8d08-cb27163c46ff-300x169.jpg 300w, https:\/\/www.saopaulo.sp.gov.br\/wp-content\/uploads\/2024\/03\/ab7a036d-19ed-4531-8d08-cb27163c46ff.jpg 602w\" sizes=\"auto, (max-width: 772px) 100vw, 772px\"\/><figcaption class=\"wp-caption-text\">Novo centro administrativo do Governo do Estado de S\u00e3o Paulo<\/figcaption><\/figure>\n<p>As inscri\u00e7\u00f5es para o <a href=\"https:\/\/www.saopaulo.sp.gov.br\/spnoticias\/ultimas-noticias\/sp-promove-concurso-de-arquitetura-para-projeto-de-novo-centro-administrativo\/\" target=\"_blank\" rel=\"noopener noreferrer\">Concurso P\u00fablico Nacional de Arquitetura<\/a> que vai selecionar o projeto da nova sede administrativa do Governo de S\u00e3o Paulo nos Campos El\u00edseos, centro da capital, terminam na pr\u00f3xima quarta-feira (12). Assim, arquitetos e urbanistas de todo o Brasil t\u00eam somente mais uma semana para se candidatar.<\/p>\n<p>O concurso \u00e9 considerado um dos maiores j\u00e1 realizados no pa\u00eds desde a constru\u00e7\u00e3o de Bras\u00edlia, na d\u00e9cada de 1960. A escolha pelo formato teve o objetivo de tornar o processo transparente e aberto ao debate de forma ampla.<\/p>\n<p><strong>LEIA TAMB\u00c9M:<\/strong>\u00a0<a href=\"https:\/\/www.saopaulo.sp.gov.br\/spnoticias\/ultimas-noticias\/sp-promove-concurso-de-arquitetura-para-projeto-de-novo-centro-administrativo\/\" rel=\"noopener\">SP promove concurso de arquitetura para projeto de novo centro administrativo<\/a><\/p>\n<p>\u201cSab\u00edamos que um concurso p\u00fablico n\u00e3o era o caminho mais simples, mas \u00e9 o mais correto. Os arquitetos e urbanistas do pa\u00eds v\u00e3o poder dialogar conosco sobre as solu\u00e7\u00f5es mais adequadas para o centro administrativo\u201d, explica Edgard Benozatti, diretor presidente da Companhia Paulista de Parcerias (CPP). A estatal do governo de S\u00e3o Paulo organiza o concurso em parceria com o Instituto de Arquitetos do Brasil \u2013 Departamento de S\u00e3o Paulo (IAB).<\/p>\n<p>A instala\u00e7\u00e3o da nova estrutura tem amparo nas leis de zoneamento urbano da cidade, e todas as propostas dever\u00e3o considerar obrigatoriamente o Plano Diretor do munic\u00edpio de S\u00e3o Paulo e as resolu\u00e7\u00f5es ligadas aos tombamentos hist\u00f3ricos na \u00e1rea de interven\u00e7\u00e3o.<\/p>\n<p>O <a href=\"https:\/\/www.saopaulo.sp.gov.br\/spnoticias\/ultimas-noticias\/nova-sede-administrativa-entenda-concurso-arquitetonico-da-transferencia-para-o-centro\/\" target=\"_blank\" rel=\"noopener noreferrer\">concurso de arquitetura ser\u00e1 realizado em uma \u00fanica fase<\/a>, que selecionar\u00e1 o projeto vencedor, com pr\u00eamio de R$ 850 mil. O segundo colocado receber\u00e1 R$ 100 mil, enquanto o terceiro colocado ser\u00e1 premiado com R$ 50 mil, al\u00e9m de poss\u00edveis men\u00e7\u00f5es honrosas.<\/p>\n<p>J\u00e1 o per\u00edodo para os concorrentes entregarem as propostas contendo os estudos preliminares foi prorrogado e termina no dia 10 de julho. O julgamento das propostas recebidas vai at\u00e9 5 de agosto, e a data limite para homologa\u00e7\u00e3o e divulga\u00e7\u00e3o do resultado definitivo do concurso \u00e9 em 19 de agosto.<\/p>\n<h3><strong>Veja abaixo o cronograma completo:<\/strong><\/h3>\n<figure id=\"attachment_5896645\" style=\"width: 100%;max-width: 1343px\" class=\"wp-caption alignnone\"><img data-recalc-dims=\"1\" decoding=\"async\" loading=\"lazy\" class=\"wp-image-5896645 size-full\" src=\"https:\/\/i0.wp.com\/www.saopaulo.sp.gov.br\/wp-content\/uploads\/2024\/05\/arquitetos.png?resize=696%2C391&#038;ssl=1\" alt=\"Cronograma do concurso de arquitetura para projeto de novo centro administrativo\" width=\"696\" height=\"391\" srcset=\"https:\/\/www.saopaulo.sp.gov.br\/wp-content\/uploads\/2024\/05\/arquitetos.png 1343w, https:\/\/www.saopaulo.sp.gov.br\/wp-content\/uploads\/2024\/05\/arquitetos-300x169.png 300w, https:\/\/www.saopaulo.sp.gov.br\/wp-content\/uploads\/2024\/05\/arquitetos-1024x576.png 1024w, https:\/\/www.saopaulo.sp.gov.br\/wp-content\/uploads\/2024\/05\/arquitetos-768x432.png 768w\" sizes=\"auto, (max-width: 1343px) 100vw, 1343px\"\/><figcaption class=\"wp-caption-text\">Cronograma do concurso de arquitetura para projeto de novo centro administrativo<\/figcaption><\/figure>\n<p>Todo o processo para inscri\u00e7\u00e3o e entrega das propostas ser\u00e1 por meio eletr\u00f4nico. Instru\u00e7\u00f5es e formul\u00e1rios est\u00e3o dispon\u00edveis no site oficial do concurso (<a href=\"https:\/\/concursogovspnocentro.org.br\" rel=\"noopener\">https:\/\/concursogovspnocentro.org.br<\/a>).<\/p>\n<p>A participa\u00e7\u00e3o \u00e9 aberta exclusivamente a arquitetos e urbanistas residentes no Brasil. O profissional precisa ser legalmente habilitado, com registro profissional regularizado e adimplente junto ao Conselho de Arquitetura e Urbanismo (CAU). No ato da inscri\u00e7\u00e3o, o respons\u00e1vel t\u00e9cnico dever\u00e1 indicar a pessoa jur\u00eddica \u00e0 qual \u00e9 vinculado, que ser\u00e1 a empresa que poder\u00e1 ser contratada para o desenvolvimento do projeto executivo de arquitetura, caso sua proposta seja a vencedora. A Pessoa Jur\u00eddica dever\u00e1 estar registrada e adimplente junto ao CAU.<\/p>\n<p>Para este concurso, ser\u00e3o aceitos cons\u00f3rcios de pessoas jur\u00eddicas, permitindo que diferentes empresas se associem para participar. N\u00e3o ser\u00e1 cobrada qualquer taxa de participa\u00e7\u00e3o.<\/p>\n<figure id=\"attachment_5850777\" style=\"width: 100%;max-width: 772px\" class=\"wp-caption alignnone\"><img data-recalc-dims=\"1\" decoding=\"async\" loading=\"lazy\" class=\"wp-image-5850777\" src=\"https:\/\/i0.wp.com\/www.saopaulo.sp.gov.br\/wp-content\/uploads\/2024\/03\/ab7a036d-19ed-4531-8d08-cb27163c46ff-300x169.jpg?resize=696%2C392&#038;ssl=1\" alt=\"\" width=\"696\" height=\"392\" srcset=\"https:\/\/www.saopaulo.sp.gov.br\/wp-content\/uploads\/2024\/03\/ab7a036d-19ed-4531-8d08-cb27163c46ff-300x169.jpg 300w, https:\/\/www.saopaulo.sp.gov.br\/wp-content\/uploads\/2024\/03\/ab7a036d-19ed-4531-8d08-cb27163c46ff.jpg 602w\" sizes=\"auto, (max-width: 772px) 100vw, 772px\"\/><figcaption class=\"wp-caption-text\">Novo centro administrativo do Governo do Estado de S\u00e3o Paulo<\/figcaption><\/figure>\n<h3><strong>Sobre o projeto<\/strong><\/h3>\n<p>A pra\u00e7a Princesa Isabel e seu entorno v\u00e3o se tornar uma esplanada com novos edif\u00edcios para reunir todas as secretarias, funda\u00e7\u00f5es e autarquias estaduais. O Governo de S\u00e3o Paulo estima que ao menos 22 mil servidores p\u00fablicos passar\u00e3o a atuar no novo complexo com a mudan\u00e7a.<\/p>\n<p>A \u00e1rea disponibilizada para os projetos a serem apresentados abrange quatro quadras no entorno da pra\u00e7a Princesa Isabel, em que poder\u00e3o ser projetados edif\u00edcios que contemplem \u00e1rea constru\u00edda total de at\u00e9 450 mil m\u00b2. Os espa\u00e7os a serem projetados devem incluir \u00e1reas constru\u00eddas de edif\u00edcios e suas instala\u00e7\u00f5es \u2013 inclusive subsolos, \u00e1reas verdes e espa\u00e7os comuns.<\/p>\n<\/p><\/div>\n<p><br \/>\n<br \/><a href=\"https:\/\/www.saopaulo.sp.gov.br\/spnoticias\/ultimas-noticias\/nova-sede-do-governo-de-sp-reta-final-de-inscricao-do-concurso-arquitetonico\/\" rel=\"noopener\">Informa\u00e7\u00f5es GOV.SP<\/a><\/p>\n","protected":false},"excerpt":{"rendered":"<p>&#13; &#13; &#13; &#13; &#13; Prazo para arquitetos e urbanistas participarem do processo seletivo termina no dia 12; entrega de propostas foi adiada at\u00e9 10 de julho &#13; &#13; &#13; &#13; Novo centro administrativo do Governo do Estado de S\u00e3o Paulo As inscri\u00e7\u00f5es para o Concurso P\u00fablico Nacional de Arquitetura que vai selecionar o projeto [&hellip;]<\/p>\n","protected":false},"author":1,"featured_media":7552,"comment_status":"open","ping_status":"open","sticky":false,"template":"","format":"standard","meta":{"_jetpack_newsletter_access":"","_jetpack_dont_email_post_to_subs":false,"_jetpack_newsletter_tier_id":0,"_jetpack_memberships_contains_paywalled_content":false,"_mbp_banners":[],"_jetpack_feature_clip_id":0,"_jetpack_memberships_contains_paid_content":false,"footnotes":"","jetpack_publicize_message":"","jetpack_publicize_feature_enabled":true,"jetpack_social_post_already_shared":true,"jetpack_social_options":{"image_generator_settings":{"template":"highway","default_image_id":0,"font":"","enabled":false},"version":2},"jetpack_post_was_ever_published":false},"categories":[21],"tags":[],"class_list":["post-7566","post","type-post","status-publish","format-standard","has-post-thumbnail","category-sp-news"],"jetpack_publicize_connections":[],"jetpack-related-posts":[],"jetpack_shortlink":"https:\/\/wp.me\/p7Eq1F-1Y2","jetpack_sharing_enabled":true,"jetpack_featured_media_url":"https:\/\/i0.wp.com\/guialimeira.com.br\/news\/wp-content\/uploads\/2024\/06\/Nova-sede-do-Governo-de-SP-inscricao-para-concurso-arquitetonico.jpg?fit=300%2C169&ssl=1","_links":{"self":[{"href":"https:\/\/guialimeira.com.br\/news\/wp-json\/wp\/v2\/posts\/7566","targetHints":{"allow":["GET"]}}],"collection":[{"href":"https:\/\/guialimeira.com.br\/news\/wp-json\/wp\/v2\/posts"}],"about":[{"href":"https:\/\/guialimeira.com.br\/news\/wp-json\/wp\/v2\/types\/post"}],"author":[{"embeddable":true,"href":"https:\/\/guialimeira.com.br\/news\/wp-json\/wp\/v2\/users\/1"}],"replies":[{"embeddable":true,"href":"https:\/\/guialimeira.com.br\/news\/wp-json\/wp\/v2\/comments?post=7566"}],"version-history":[{"count":0,"href":"https:\/\/guialimeira.com.br\/news\/wp-json\/wp\/v2\/posts\/7566\/revisions"}],"wp:featuredmedia":[{"embeddable":true,"href":"https:\/\/guialimeira.com.br\/news\/wp-json\/wp\/v2\/media\/7552"}],"wp:attachment":[{"href":"https:\/\/guialimeira.com.br\/news\/wp-json\/wp\/v2\/media?parent=7566"}],"wp:term":[{"taxonomy":"category","embeddable":true,"href":"https:\/\/guialimeira.com.br\/news\/wp-json\/wp\/v2\/categories?post=7566"},{"taxonomy":"post_tag","embeddable":true,"href":"https:\/\/guialimeira.com.br\/news\/wp-json\/wp\/v2\/tags?post=7566"}],"curies":[{"name":"wp","href":"https:\/\/api.w.org\/{rel}","templated":true}]}}