{"id":75653,"date":"2026-08-29T02:59:57","date_gmt":"2026-08-29T05:59:57","guid":{"rendered":"https:\/\/guialimeira.com.br\/?p=75653"},"modified":"2026-08-29T02:59:57","modified_gmt":"2026-08-29T05:59:57","slug":"rock-in-rio-seguranca-tera-mais-de-7-mil-agentes-alem-de-drones","status":"publish","type":"post","link":"https:\/\/guialimeira.com.br\/news\/rock-in-rio-seguranca-tera-mais-de-7-mil-agentes-alem-de-drones\/","title":{"rendered":"Rock in Rio: seguran\u00e7a ter\u00e1 mais de 7 mil agentes, al\u00e9m de drones"},"content":{"rendered":"<p> <br \/>\n<\/p>\n<div>\n<p><strong>O\u00a0esquema de seguran\u00e7a para o Rock in Rio 2026 contar\u00e1 com\u00a07.680 agentes das pol\u00edcias Militar, Civil, Lei Seca e militares do Corpo de Bombeiros, em a\u00e7\u00f5es no entorno da Cidade do Rock, na Barra da Tijuca. A expectativa de p\u00fablico \u00e9 de mais de 700 mil pessoas.<\/strong><img data-recalc-dims=\"1\" decoding=\"async\" src=\"https:\/\/i0.wp.com\/agenciabrasil.ebc.com.br\/ebc.png?w=696&#038;ssl=1\" style=\"width:1px;height:1px;display:inline\" \/><img data-recalc-dims=\"1\" decoding=\"async\" src=\"https:\/\/i0.wp.com\/agenciabrasil.ebc.com.br\/ebc.gif?w=696&#038;ssl=1\" style=\"width:1px;height:1px;display:inline\" \/><\/p>\n<p>O governo do Estado do Rio de Janeiro divulgou, nesta sexta-feira (28), informa\u00e7\u00f5es relativas \u00e0 seguran\u00e7a do evento\u00a0que ocorrer\u00e1 nos dias 4, 5, 6, 7, 11, 12 e 13 de setembro.<\/p>\n<p><strong>Pela primeira vez, a Secretaria de Estado de Seguran\u00e7a P\u00fablica vai empregar drones e c\u00e2meras com sistemas de reconhecimento facial e identifica\u00e7\u00e3o de placas de ve\u00edculos. <\/strong><\/p>\n<p>O espa\u00e7o a\u00e9reo sobre a \u00e1rea do evento ser\u00e1 monitorado. A a\u00e7\u00e3o de drones em desacordo com as regras aplic\u00e1veis poder\u00e1 resultar em responsabiliza\u00e7\u00e3o dos operadores, conforme a legisla\u00e7\u00e3o.<\/p>\n<h2>Pol\u00edcia Militar<\/h2>\n<p>A Pol\u00edcia Militar mobilizar\u00e1 4,5 mil agentes e contar\u00e1 com 177 viaturas terrestres e oito torres de observa\u00e7\u00e3o. Para o controle de acesso e a seguran\u00e7a no entorno da Cidade do Rock, ser\u00e3o instalados seis pontos de bloqueio nas principais vias de acesso ao local.<\/p>\n<p>A corpora\u00e7\u00e3o tamb\u00e9m utilizar\u00e1 c\u00e2meras de monitoramento, sistemas de reconhecimento facial e identifica\u00e7\u00e3o de placas veiculares. O Centro Integrado de Comando e Controle M\u00f3vel ficar\u00e1 instalado no BRT Parque Ol\u00edmpico.<\/p>\n<p>Em nota, a Pol\u00edcia Militar informou que o planejamento para o Festival Rock in Rio em nada compromete a atua\u00e7\u00e3o da corpora\u00e7\u00e3o em outras frentes de atua\u00e7\u00e3o.<\/p>\n<p>\u201cAs comunidades da\u00a0Cidade de Deus, Gard\u00eania Azul, Muzema, Morro do Banco e as demais da regi\u00e3o seguir\u00e3o recebendo policiamento e sendo contempladas pelas estrat\u00e9gias de seguran\u00e7a pr\u00e9-definidas\u201d. Tanto os batalh\u00f5es de \u00e1rea quanto as\u00a0for\u00e7as\u00a0especiais participar\u00e3o desse trabalho.<\/p>\n<p>      <!-- Relacionada --><\/p>\n<p>            <!-- Relacionada -->\n    <\/div>\n<p><br \/>\n<br \/><a href=\"https:\/\/agenciabrasil.ebc.com.br\/cultura\/noticia\/2026-08\/rock-rio-seguranca-tera-mais-de-7-mil-agentes-alem-de-drones\" rel=\"noopener\">Informa\u00e7\u00f5es com a Ag\u00eancia Brasil<\/a><\/p>\n","protected":false},"excerpt":{"rendered":"<p>O\u00a0esquema de seguran\u00e7a para o Rock in Rio 2026 contar\u00e1 com\u00a07.680 agentes das pol\u00edcias Militar, Civil, Lei Seca e militares do Corpo de Bombeiros, em a\u00e7\u00f5es no entorno da Cidade do Rock, na Barra da Tijuca. A expectativa de p\u00fablico \u00e9 de mais de 700 mil pessoas. O governo do Estado do Rio de Janeiro [&hellip;]<\/p>\n","protected":false},"author":1,"featured_media":75654,"comment_status":"closed","ping_status":"open","sticky":false,"template":"","format":"standard","meta":{"_jetpack_newsletter_access":"","_jetpack_dont_email_post_to_subs":false,"_jetpack_newsletter_tier_id":0,"_jetpack_memberships_contains_paywalled_content":false,"_mbp_banners":[],"_jetpack_feature_clip_id":0,"_jetpack_memberships_contains_paid_content":false,"footnotes":"","jetpack_publicize_message":"","jetpack_publicize_feature_enabled":true,"jetpack_social_post_already_shared":true,"jetpack_social_options":{"image_generator_settings":{"template":"highway","default_image_id":0,"font":"","enabled":false},"version":2},"jetpack_post_was_ever_published":false},"categories":[22],"tags":[],"class_list":["post-75653","post","type-post","status-publish","format-standard","has-post-thumbnail","category-nacional"],"jetpack_publicize_connections":[],"jetpack-related-posts":[],"jetpack_shortlink":"https:\/\/wp.me\/p7Eq1F-jGd","jetpack_sharing_enabled":true,"jetpack_featured_media_url":"https:\/\/i0.wp.com\/guialimeira.com.br\/news\/wp-content\/uploads\/2026\/08\/mg_9279.jpg?fit=1600%2C800&ssl=1","_links":{"self":[{"href":"https:\/\/guialimeira.com.br\/news\/wp-json\/wp\/v2\/posts\/75653","targetHints":{"allow":["GET"]}}],"collection":[{"href":"https:\/\/guialimeira.com.br\/news\/wp-json\/wp\/v2\/posts"}],"about":[{"href":"https:\/\/guialimeira.com.br\/news\/wp-json\/wp\/v2\/types\/post"}],"author":[{"embeddable":true,"href":"https:\/\/guialimeira.com.br\/news\/wp-json\/wp\/v2\/users\/1"}],"replies":[{"embeddable":true,"href":"https:\/\/guialimeira.com.br\/news\/wp-json\/wp\/v2\/comments?post=75653"}],"version-history":[{"count":1,"href":"https:\/\/guialimeira.com.br\/news\/wp-json\/wp\/v2\/posts\/75653\/revisions"}],"predecessor-version":[{"id":75655,"href":"https:\/\/guialimeira.com.br\/news\/wp-json\/wp\/v2\/posts\/75653\/revisions\/75655"}],"wp:featuredmedia":[{"embeddable":true,"href":"https:\/\/guialimeira.com.br\/news\/wp-json\/wp\/v2\/media\/75654"}],"wp:attachment":[{"href":"https:\/\/guialimeira.com.br\/news\/wp-json\/wp\/v2\/media?parent=75653"}],"wp:term":[{"taxonomy":"category","embeddable":true,"href":"https:\/\/guialimeira.com.br\/news\/wp-json\/wp\/v2\/categories?post=75653"},{"taxonomy":"post_tag","embeddable":true,"href":"https:\/\/guialimeira.com.br\/news\/wp-json\/wp\/v2\/tags?post=75653"}],"curies":[{"name":"wp","href":"https:\/\/api.w.org\/{rel}","templated":true}]}}