{"id":75646,"date":"2026-08-28T23:55:48","date_gmt":"2026-08-29T02:55:48","guid":{"rendered":"https:\/\/guialimeira.com.br\/?p=75646"},"modified":"2026-08-28T23:55:48","modified_gmt":"2026-08-29T02:55:48","slug":"confira-como-foi-a-sexta-feira-28-dos-presidenciaveis","status":"publish","type":"post","link":"https:\/\/guialimeira.com.br\/news\/confira-como-foi-a-sexta-feira-28-dos-presidenciaveis\/","title":{"rendered":"Confira como foi a sexta-feira (28) dos presidenci\u00e1veis"},"content":{"rendered":"<p> <br \/>\n<\/p>\n<div>\n<p>A agenda dos candidatos \u00e0 Presid\u00eancia da Rep\u00fablica nesta sexta-feira (28) incluiu sabatinas e debates, al\u00e9m de caminhadas e a\u00e7\u00f5es de campanha em diferentes cidades.<img data-recalc-dims=\"1\" decoding=\"async\" src=\"https:\/\/i0.wp.com\/agenciabrasil.ebc.com.br\/ebc.png?w=696&#038;ssl=1\" style=\"width:1px;height:1px;display:inline\" \/><img data-recalc-dims=\"1\" decoding=\"async\" src=\"https:\/\/i0.wp.com\/agenciabrasil.ebc.com.br\/ebc.gif?w=696&#038;ssl=1\" style=\"width:1px;height:1px;display:inline\" \/><\/p>\n<p>Os concorrentes ao Pal\u00e1cio do Planalto tamb\u00e9m participaram de panfletagens, encontros com apoiadores, debates em institui\u00e7\u00f5es de ensino e participa\u00e7\u00e3o em feiras e eventos culturais.\u00a0<\/p>\n<h2>&gt;&gt; Veja como foi o dia dos candidatos a presidente:\u00a0<\/h2>\n<p><strong>Renan Santos (Miss\u00e3o)<\/strong><br \/>O candidato Renan Santos visitou a\u00a0Favela do Taquaril, em Belo Horizonte.<\/p>\n<p>No centro da cidade, teve a\u00e7\u00e3o com candidatos apoiadores.<\/p>\n<p>Ele ainda conceder\u00e1 entrevista \u00e0 imprensa e participar\u00e1 de\u00a0encontro com integrantes do\u00a0partido, em um congresso estadual no Minas Ouro Hotel.<\/p>\n<p><strong>Romeu Zema (Novo)<\/strong><br \/>Em agenda em Porto Alegre, no Rio Grande do Sul, o candidato Romeu Zema\u00a0se encontrou com lideran\u00e7as evang\u00e9licas.<\/p>\n<p>Ele\u00a0voltou a falar que\u00a0seu primeiro ato, caso seja eleito, ser\u00e1\u00a0acabar com as bets.<\/p>\n<p>O candidato ouviu ainda relatos de como milhares de fam\u00edlias t\u00eam sido afetadas pelo\u00a0v\u00edcio nas apostas.<\/p>\n<p><strong>Ronaldo Caiado (PSD)<\/strong><br \/>No Rio de Janeiro, o candidato Ronaldo Caiado\u00a0prometeu, se eleito, resgatar a reforma trabalhista e cortar\u00a0cargos e sal\u00e1rios no funcionalismo p\u00fablico.<\/p>\n<p>&#8220;Eu sendo eleito, dia 5 de janeiro, dia da posse, estarei [pronto] com o resgate da reforma trabalhista tamb\u00e9m que foi totalmente mutilada pelo STF e provocando um problema s\u00e9rio&#8221;, afirmou, em\u00a0evento\u00a0com empres\u00e1rios e estudantes do programa\u00a0Jovem Aprendiz, organizado pela Associa\u00e7\u00e3o Comercial (ACRJ), Fecom\u00e9rcio RJ e Firjan.<\/p>\n<p>Sobre o fim\u00a0da escala 6&#215;1, o candidato disse n\u00e3o ser contr\u00e1rio ao direito de\u00a0uma jornada de trabalho menor, mas que buscar\u00e1 &#8220;alternativas&#8221;\u00a0para que nenhuma empresa &#8220;seja penalizada&#8221;.<\/p>\n<p><strong>Rui Costa Pimenta (PCO)<\/strong><br \/>O candidato Rui Costa Pimenta\u00a0participou\u00a0do programa da Causa Oper\u00e1ria TV.<\/p>\n<p>Na sequ\u00eancia, se reuniu com a coordena\u00e7\u00e3o de campanha.<\/p>\n<p>De acordo com a\u00a0agenda, o candidato viajar\u00e1 \u00e0 noite para o Rio Grande do Sul, onde inicia no s\u00e1bado uma s\u00e9rie de atividades da campanha.<\/p>\n<p><strong>Samara Martins (UP)<\/strong><br \/>A candidata Samara Martins participou\u00a0de caminhada pelo centro de S\u00e3o Paulo e de debates na Faculdade de Direito da USP e na Universidade Zumbi dos Palmares.\u00a0<\/p>\n<p><strong>Wilson Grassi (Democrata)<\/strong><br \/>O candidato Wilson Grassi n\u00e3o teve agenda p\u00fablica de campanha.<\/p>\n<p><strong>Augusto Cury (Avante)<\/strong><br \/>O candidato Augusto Cury participou\u00a0de sabatina dos ve\u00edculos <em>O Globo, Valor Econ\u00f4mico e CBN<\/em>, no Rio de Janeiro.\u00a0<\/p>\n<p><strong>Clariana Bar\u00e3o (DC)\u00a0<\/strong><br \/>A candidata Clariana Bar\u00e3o n\u00e3o teve agenda p\u00fablica de campanha.<\/p>\n<p><strong>Edmilson Costa (PCB)<\/strong><br \/>O candidato Edmilson Costa teve agenda no Rio de Janeiro, onde fez panfletagem na porta do edif\u00edcio da Petrobras e participou do lan\u00e7amento do livro<em>\u00a0Fidel: Agora e Sempre<\/em>.<\/p>\n<p>Ele defendeu o fim da escala de trabalho 6&#215;1 e prop\u00f4s\u00a0a estatiza\u00e7\u00e3o do ensino universit\u00e1rio privado.<\/p>\n<p>\u201cN\u00f3s vamos com essa medida colocar um ensino gratuito e de qualidade para a nossa juventude\u201d, afirmou.<\/p>\n<p><strong>Fl\u00e1vio Bolsonaro (PL)\u00a0<\/strong><br \/>O candidato Fl\u00e1vio Bolsonaro participa, nesta noite,\u00a0da\u00a0sabatina na TV Globo.\u00a0<\/p>\n<p><strong>Hertz Dias (PSTU)<\/strong><br \/>O candidato Hertz Dias participou de panfletagem no centro de Natal, de\u00a0uma mobiliza\u00e7\u00e3o de trabalhadores da sa\u00fade e de um encontro com apoiadores do PSTU.<\/p>\n<p>Segundo Hertz Dias,\u00a0as principais\u00a0bandeiras de sua campanha s\u00e3o o fim da escala 6&#215;1 e a redu\u00e7\u00e3o\u00a0da jornada de trabalho sem redu\u00e7\u00e3o\u00a0salarial\u00a0e de\u00a0direitos trabalhistas.<\/p>\n<p>&#8220;A riqueza produzida pelos trabalhadores precisa retornar para quem a produz, e n\u00e3o apenas aumentar os lucros das grandes empresas&#8221;, disse.<\/p>\n<p><strong>Luiz In\u00e1cio Lula da Silva (PT)\u00a0<\/strong><br \/>Candidato \u00e0 reelei\u00e7\u00e3o, Luiz In\u00e1cio Lula da Silva\u00a0participou de uma caminhada do Largo do Guarani at\u00e9 o Plano Inclinado, no centro de Salvador.\u00a0<\/p>\n<p>Lula disse que uma de suas\u00a0prioridades, se reeleito, ser\u00e1\u00a0ampliar os investimentos em pol\u00edticas educacionais.<\/p>\n<p>&#8220;Queremos fazer mais investimentos e escolher os cursos que a gente vai investir para que o Brasil possa disputar tecnologia com a China e os Estados Unidos e desenvolver o pa\u00eds&#8221;, afirmou.<\/p>\n<p>A ordem de apresenta\u00e7\u00e3o da cobertura da agenda dos candidatos a presidente segue rod\u00edzio di\u00e1rio em ordem alfab\u00e9tica.<\/p>\n<p><em>* Colaboraram Douglas Corr\u00eaa e Isabela Vieira (Rio de Janeiro), Luciano Nascimento (S\u00e3o Lu\u00eds) e Pedro Peduzzi (Bras\u00edlia)<\/em><\/p>\n<p>      <!-- Relacionada --><\/p>\n<p>            <!-- Relacionada -->\n    <\/div>\n<p><br \/>\n<br \/><a href=\"https:\/\/agenciabrasil.ebc.com.br\/politica\/noticia\/2026-08\/confira-como-foi-sexta-feira-28-dos-presidenciaveis\" rel=\"noopener\">Informa\u00e7\u00f5es com a Ag\u00eancia Brasil<\/a><\/p>\n","protected":false},"excerpt":{"rendered":"<p>A agenda dos candidatos \u00e0 Presid\u00eancia da Rep\u00fablica nesta sexta-feira (28) incluiu sabatinas e debates, al\u00e9m de caminhadas e a\u00e7\u00f5es de campanha em diferentes cidades. Os concorrentes ao Pal\u00e1cio do Planalto tamb\u00e9m participaram de panfletagens, encontros com apoiadores, debates em institui\u00e7\u00f5es de ensino e participa\u00e7\u00e3o em feiras e eventos culturais.\u00a0 &gt;&gt; Veja como foi o [&hellip;]<\/p>\n","protected":false},"author":1,"featured_media":73550,"comment_status":"closed","ping_status":"open","sticky":false,"template":"","format":"standard","meta":{"_jetpack_newsletter_access":"","_jetpack_dont_email_post_to_subs":false,"_jetpack_newsletter_tier_id":0,"_jetpack_memberships_contains_paywalled_content":false,"_mbp_banners":[],"_jetpack_feature_clip_id":0,"_jetpack_memberships_contains_paid_content":false,"footnotes":"","jetpack_publicize_message":"","jetpack_publicize_feature_enabled":true,"jetpack_social_post_already_shared":true,"jetpack_social_options":{"image_generator_settings":{"template":"highway","default_image_id":0,"font":"","enabled":false},"version":2},"jetpack_post_was_ever_published":false},"categories":[22],"tags":[],"class_list":["post-75646","post","type-post","status-publish","format-standard","has-post-thumbnail","category-nacional"],"jetpack_publicize_connections":[],"jetpack-related-posts":[],"jetpack_shortlink":"https:\/\/wp.me\/p7Eq1F-jG6","jetpack_sharing_enabled":true,"jetpack_featured_media_url":"https:\/\/i0.wp.com\/guialimeira.com.br\/news\/wp-content\/uploads\/2026\/08\/eleicoes-2026-banner.png?fit=1600%2C800&ssl=1","_links":{"self":[{"href":"https:\/\/guialimeira.com.br\/news\/wp-json\/wp\/v2\/posts\/75646","targetHints":{"allow":["GET"]}}],"collection":[{"href":"https:\/\/guialimeira.com.br\/news\/wp-json\/wp\/v2\/posts"}],"about":[{"href":"https:\/\/guialimeira.com.br\/news\/wp-json\/wp\/v2\/types\/post"}],"author":[{"embeddable":true,"href":"https:\/\/guialimeira.com.br\/news\/wp-json\/wp\/v2\/users\/1"}],"replies":[{"embeddable":true,"href":"https:\/\/guialimeira.com.br\/news\/wp-json\/wp\/v2\/comments?post=75646"}],"version-history":[{"count":1,"href":"https:\/\/guialimeira.com.br\/news\/wp-json\/wp\/v2\/posts\/75646\/revisions"}],"predecessor-version":[{"id":75647,"href":"https:\/\/guialimeira.com.br\/news\/wp-json\/wp\/v2\/posts\/75646\/revisions\/75647"}],"wp:featuredmedia":[{"embeddable":true,"href":"https:\/\/guialimeira.com.br\/news\/wp-json\/wp\/v2\/media\/73550"}],"wp:attachment":[{"href":"https:\/\/guialimeira.com.br\/news\/wp-json\/wp\/v2\/media?parent=75646"}],"wp:term":[{"taxonomy":"category","embeddable":true,"href":"https:\/\/guialimeira.com.br\/news\/wp-json\/wp\/v2\/categories?post=75646"},{"taxonomy":"post_tag","embeddable":true,"href":"https:\/\/guialimeira.com.br\/news\/wp-json\/wp\/v2\/tags?post=75646"}],"curies":[{"name":"wp","href":"https:\/\/api.w.org\/{rel}","templated":true}]}}