{"id":75639,"date":"2026-08-28T20:51:37","date_gmt":"2026-08-28T23:51:37","guid":{"rendered":"https:\/\/guialimeira.com.br\/?p=75639"},"modified":"2026-08-28T20:51:37","modified_gmt":"2026-08-28T23:51:37","slug":"bandeira-tarifaria-de-energia-permanecera-amarela-em-setembro","status":"publish","type":"post","link":"https:\/\/guialimeira.com.br\/news\/bandeira-tarifaria-de-energia-permanecera-amarela-em-setembro\/","title":{"rendered":"Bandeira tarif\u00e1ria de energia permanecer\u00e1 amarela em setembro"},"content":{"rendered":"<p> <br \/>\n<\/p>\n<div>\n<p><strong>A bandeira tarif\u00e1ria permanecer\u00e1 amarela em setembro<\/strong>, informou nesta sexta-feira (28) a Ag\u00eancia Nacional de Energia El\u00e9trica (Aneel). Ser\u00e1 mantido o acr\u00e9scimo nas contas de luz, no pr\u00f3ximo m\u00eas, para todos os consumidores conectados ao Sistema Interligado Nacional (SIN). O custo adicional da bandeira \u00e9 de R$ 1,885 a cada 100 kWh consumidos.<img data-recalc-dims=\"1\" decoding=\"async\" src=\"https:\/\/i0.wp.com\/agenciabrasil.ebc.com.br\/ebc.png?w=696&#038;ssl=1\" style=\"width:1px;height:1px;display:inline\" \/><img data-recalc-dims=\"1\" decoding=\"async\" src=\"https:\/\/i0.wp.com\/agenciabrasil.ebc.com.br\/ebc.gif?w=696&#038;ssl=1\" style=\"width:1px;height:1px;display:inline\" \/><\/p>\n<p>\u00c9 o quinto m\u00eas consecutivo com a bandeira amarela. Segundo a Aneel, <strong>a manuten\u00e7\u00e3o da bandeira se deve ao per\u00edodo seco no Brasil<\/strong>, o que leva a uma gera\u00e7\u00e3o hidrel\u00e9trica menor, devido ao menor n\u00edvel dos reservat\u00f3rios, e ao acionamento de usinas termel\u00e9tricas, com custo mais elevado.<\/p>\n<p>\u201cA sinaliza\u00e7\u00e3o reflete condi\u00e7\u00f5es menos favor\u00e1veis de gera\u00e7\u00e3o de energia no pa\u00eds, com necessidade de utiliza\u00e7\u00e3o de fontes de gera\u00e7\u00e3o com custos mais elevados&#8221;, disse a Aneel.<\/p>\n<p>A ag\u00eancia reguladora ressaltou a necessidade do uso consciente da energia el\u00e9trica.<\/p>\n<p><strong>&#8220;Pequenas mudan\u00e7as de h\u00e1bito podem contribuir para reduzir o consumo e ajudar no controle dos gastos com a conta de luz&#8221;, recomenda.<\/strong><\/p>\n<p>Criado em 2015 pela Aneel, o sistema de bandeiras tarif\u00e1rias reflete os custos vari\u00e1veis da gera\u00e7\u00e3o de energia el\u00e9trica. Divididas em cores, as bandeiras indicam quanto est\u00e1 custando para o Sistema Interligado Nacional (SIN) gerar a energia usada nas resid\u00eancias, em estabelecimentos comerciais e nas ind\u00fastrias.<\/p>\n<p>As cores das bandeiras tarif\u00e1rias s\u00e3o definidas a partir da previs\u00e3o de varia\u00e7\u00e3o do custo da energia em cada m\u00eas. Quando a conta de luz \u00e9 calculada pela bandeira verde, n\u00e3o h\u00e1 nenhum acr\u00e9scimo. Quando s\u00e3o aplicadas as bandeiras vermelha ou amarela, a conta sofre acr\u00e9scimo a cada 100 quilowatts-hora (kWh) consumido.<\/p>\n<p>Os valores cobrados s\u00e3o os seguintes:\u00a0<\/p>\n<ul>\n<li>bandeira amarela, com condi\u00e7\u00f5es de gera\u00e7\u00e3o menos favor\u00e1veis, a tarifa sofre acr\u00e9scimo de R$ 1,88 para cada 100 quilowatt-hora (kWh) consumidos;\u00a0<\/li>\n<li>bandeira vermelha, no Patamar 1, com condi\u00e7\u00f5es mais custosas de gera\u00e7\u00e3o, a tarifa sofre acr\u00e9scimo de R$ 4,46 para 100 quilowatt-hora kWh consumido;\u00a0<\/li>\n<li>bandeira vermelha, no Patamar 2, as condi\u00e7\u00f5es de gera\u00e7\u00e3o s\u00e3o ainda mais custosas, com a tarifa sofrendo acr\u00e9scimo de R$ 7,87 para cada 100 quilowatt-hora kWh consumido.\u00a0<\/li>\n<\/ul>\n<p>      <!-- Relacionada --><\/p>\n<p>            <!-- Relacionada -->\n    <\/div>\n<p><br \/>\n<br \/><a href=\"https:\/\/agenciabrasil.ebc.com.br\/economia\/noticia\/2026-08\/bandeira-tarifaria-de-energia-permanecera-amarela-em-setembro\" rel=\"noopener\">Informa\u00e7\u00f5es com a Ag\u00eancia Brasil<\/a><\/p>\n","protected":false},"excerpt":{"rendered":"<p>A bandeira tarif\u00e1ria permanecer\u00e1 amarela em setembro, informou nesta sexta-feira (28) a Ag\u00eancia Nacional de Energia El\u00e9trica (Aneel). Ser\u00e1 mantido o acr\u00e9scimo nas contas de luz, no pr\u00f3ximo m\u00eas, para todos os consumidores conectados ao Sistema Interligado Nacional (SIN). O custo adicional da bandeira \u00e9 de R$ 1,885 a cada 100 kWh consumidos. \u00c9 o [&hellip;]<\/p>\n","protected":false},"author":1,"featured_media":75640,"comment_status":"closed","ping_status":"open","sticky":false,"template":"","format":"standard","meta":{"_jetpack_newsletter_access":"","_jetpack_dont_email_post_to_subs":false,"_jetpack_newsletter_tier_id":0,"_jetpack_memberships_contains_paywalled_content":false,"_mbp_banners":[],"_jetpack_feature_clip_id":0,"_jetpack_memberships_contains_paid_content":false,"footnotes":"","jetpack_publicize_message":"","jetpack_publicize_feature_enabled":true,"jetpack_social_post_already_shared":true,"jetpack_social_options":{"image_generator_settings":{"template":"highway","default_image_id":0,"font":"","enabled":false},"version":2},"jetpack_post_was_ever_published":false},"categories":[22],"tags":[],"class_list":["post-75639","post","type-post","status-publish","format-standard","has-post-thumbnail","category-nacional"],"jetpack_publicize_connections":[],"jetpack-related-posts":[],"jetpack_shortlink":"https:\/\/wp.me\/p7Eq1F-jFZ","jetpack_sharing_enabled":true,"jetpack_featured_media_url":"https:\/\/i0.wp.com\/guialimeira.com.br\/news\/wp-content\/uploads\/2026\/08\/lampadafluorecente966342-03072015-dsc_9694.jpg?fit=1600%2C800&ssl=1","_links":{"self":[{"href":"https:\/\/guialimeira.com.br\/news\/wp-json\/wp\/v2\/posts\/75639","targetHints":{"allow":["GET"]}}],"collection":[{"href":"https:\/\/guialimeira.com.br\/news\/wp-json\/wp\/v2\/posts"}],"about":[{"href":"https:\/\/guialimeira.com.br\/news\/wp-json\/wp\/v2\/types\/post"}],"author":[{"embeddable":true,"href":"https:\/\/guialimeira.com.br\/news\/wp-json\/wp\/v2\/users\/1"}],"replies":[{"embeddable":true,"href":"https:\/\/guialimeira.com.br\/news\/wp-json\/wp\/v2\/comments?post=75639"}],"version-history":[{"count":1,"href":"https:\/\/guialimeira.com.br\/news\/wp-json\/wp\/v2\/posts\/75639\/revisions"}],"predecessor-version":[{"id":75641,"href":"https:\/\/guialimeira.com.br\/news\/wp-json\/wp\/v2\/posts\/75639\/revisions\/75641"}],"wp:featuredmedia":[{"embeddable":true,"href":"https:\/\/guialimeira.com.br\/news\/wp-json\/wp\/v2\/media\/75640"}],"wp:attachment":[{"href":"https:\/\/guialimeira.com.br\/news\/wp-json\/wp\/v2\/media?parent=75639"}],"wp:term":[{"taxonomy":"category","embeddable":true,"href":"https:\/\/guialimeira.com.br\/news\/wp-json\/wp\/v2\/categories?post=75639"},{"taxonomy":"post_tag","embeddable":true,"href":"https:\/\/guialimeira.com.br\/news\/wp-json\/wp\/v2\/tags?post=75639"}],"curies":[{"name":"wp","href":"https:\/\/api.w.org\/{rel}","templated":true}]}}