{"id":75618,"date":"2026-08-28T17:48:51","date_gmt":"2026-08-28T20:48:51","guid":{"rendered":"https:\/\/guialimeira.com.br\/?p=75618"},"modified":"2026-08-28T17:48:51","modified_gmt":"2026-08-28T20:48:51","slug":"chuvas-no-sul-queda-de-arvore-provoca-morte-de-menino-de-8-anos","status":"publish","type":"post","link":"https:\/\/guialimeira.com.br\/news\/chuvas-no-sul-queda-de-arvore-provoca-morte-de-menino-de-8-anos\/","title":{"rendered":"Chuvas no Sul: queda de \u00e1rvore provoca morte de menino de 8 anos"},"content":{"rendered":"<p> <br \/>\n<\/p>\n<div>\n<p><strong>Um menino de 8 anos morreu na manh\u00e3 desta sexta-feira (28), em Porto Alegre, <\/strong>em decorr\u00eancia da forte chuva que atinge parte do Rio Grande do Sul.<img data-recalc-dims=\"1\" decoding=\"async\" src=\"https:\/\/i0.wp.com\/agenciabrasil.ebc.com.br\/ebc.png?w=696&#038;ssl=1\" style=\"width:1px;height:1px;display:inline\" \/><img data-recalc-dims=\"1\" decoding=\"async\" src=\"https:\/\/i0.wp.com\/agenciabrasil.ebc.com.br\/ebc.gif?w=696&#038;ssl=1\" style=\"width:1px;height:1px;display:inline\" \/><\/p>\n<p>Segundo a Defesa Civil estadual, <strong>uma \u00e1rvore caiu sobre a casa onde o garoto morava com a fam\u00edlia, <\/strong>na Vila Barranco, na Zona Norte da capital ga\u00facha.<\/p>\n<p>A m\u00e3e do menino sofreu ferimentos leves e foi levada para o Hospital de Pronto Socorro de Porto Alegre (HPS), onde o marido e o segundo filho do casal, um beb\u00ea de poucos meses, tamb\u00e9m foram atendidos, sem ferimentos.<\/p>\n<p>De acordo com a Defesa Civil estadual, <strong>chovia e ventava forte no momento em que a \u00e1rvore caiu sobre a resid\u00eancia da fam\u00edlia<\/strong>.<\/p>\n<p>Em um <a href=\"https:\/\/agenciabrasil.ebc.com.br\/meio-ambiente\/noticia\/2026-08\/regiao-sul-esta-em-alerta-para-fortes-chuvas-vento-e-granizo\" target=\"_blank\" rel=\"noopener\">aviso meteorol\u00f3gico e hidrol\u00f3gico divulgado esta manha<\/a>, pouco antes do acidente, o \u00f3rg\u00e3o ga\u00facho alertou para o risco da chuva intensa, com ventos que poderiam ultrapassar os 90 quil\u00f4metros\/hora, causar alagamentos, destelhamentos e outras ocorr\u00eancias na regi\u00e3o metropolitana de Porto Alegre e em outras localidades do Rio Grande do Sul.<\/p>\n<p>A prefeitura de Porto Alegre lamentou a morte da crian\u00e7a e garantiu que a fam\u00edlia receber\u00e1 todo o atendimento e suporte necess\u00e1rios, nas \u00e1reas de sa\u00fade, assist\u00eancia social, habita\u00e7\u00e3o e acolhimento psicol\u00f3gico.\u00a0\u00a0<\/p>\n<p>O executivo municipal informou ainda que a \u00e1rvore estava localizada no terreno do pr\u00f3prio im\u00f3vel, constru\u00eddo em uma \u00e1rea de ocupa\u00e7\u00e3o irregular.<\/p>\n<p>\u00a0<\/p>\n<p>      <!-- Relacionada --><\/p>\n<p>            <!-- Relacionada -->\n    <\/div>\n<p><br \/>\n<br \/><a href=\"https:\/\/agenciabrasil.ebc.com.br\/meio-ambiente\/noticia\/2026-08\/chuvas-no-sul-queda-de-arvore-provoca-morte-de-menino-de-8-anos\" rel=\"noopener\">Informa\u00e7\u00f5es com a Ag\u00eancia Brasil<\/a><\/p>\n","protected":false},"excerpt":{"rendered":"<p>Um menino de 8 anos morreu na manh\u00e3 desta sexta-feira (28), em Porto Alegre, em decorr\u00eancia da forte chuva que atinge parte do Rio Grande do Sul. Segundo a Defesa Civil estadual, uma \u00e1rvore caiu sobre a casa onde o garoto morava com a fam\u00edlia, na Vila Barranco, na Zona Norte da capital ga\u00facha. A [&hellip;]<\/p>\n","protected":false},"author":1,"featured_media":269,"comment_status":"closed","ping_status":"open","sticky":false,"template":"","format":"standard","meta":{"_jetpack_newsletter_access":"","_jetpack_dont_email_post_to_subs":false,"_jetpack_newsletter_tier_id":0,"_jetpack_memberships_contains_paywalled_content":false,"_mbp_banners":[],"_jetpack_feature_clip_id":0,"_jetpack_memberships_contains_paid_content":false,"footnotes":"","jetpack_publicize_message":"","jetpack_publicize_feature_enabled":true,"jetpack_social_post_already_shared":true,"jetpack_social_options":{"image_generator_settings":{"template":"highway","default_image_id":0,"font":"","enabled":false},"version":2},"jetpack_post_was_ever_published":false},"categories":[22],"tags":[],"class_list":["post-75618","post","type-post","status-publish","format-standard","has-post-thumbnail","category-nacional"],"jetpack_publicize_connections":[],"jetpack-related-posts":[],"jetpack_shortlink":"https:\/\/wp.me\/p7Eq1F-jFE","jetpack_sharing_enabled":true,"jetpack_featured_media_url":"https:\/\/i0.wp.com\/guialimeira.com.br\/news\/wp-content\/uploads\/2024\/03\/thumb_1200x600_agbrasil.png?fit=1200%2C600&ssl=1","_links":{"self":[{"href":"https:\/\/guialimeira.com.br\/news\/wp-json\/wp\/v2\/posts\/75618","targetHints":{"allow":["GET"]}}],"collection":[{"href":"https:\/\/guialimeira.com.br\/news\/wp-json\/wp\/v2\/posts"}],"about":[{"href":"https:\/\/guialimeira.com.br\/news\/wp-json\/wp\/v2\/types\/post"}],"author":[{"embeddable":true,"href":"https:\/\/guialimeira.com.br\/news\/wp-json\/wp\/v2\/users\/1"}],"replies":[{"embeddable":true,"href":"https:\/\/guialimeira.com.br\/news\/wp-json\/wp\/v2\/comments?post=75618"}],"version-history":[{"count":1,"href":"https:\/\/guialimeira.com.br\/news\/wp-json\/wp\/v2\/posts\/75618\/revisions"}],"predecessor-version":[{"id":75619,"href":"https:\/\/guialimeira.com.br\/news\/wp-json\/wp\/v2\/posts\/75618\/revisions\/75619"}],"wp:featuredmedia":[{"embeddable":true,"href":"https:\/\/guialimeira.com.br\/news\/wp-json\/wp\/v2\/media\/269"}],"wp:attachment":[{"href":"https:\/\/guialimeira.com.br\/news\/wp-json\/wp\/v2\/media?parent=75618"}],"wp:term":[{"taxonomy":"category","embeddable":true,"href":"https:\/\/guialimeira.com.br\/news\/wp-json\/wp\/v2\/categories?post=75618"},{"taxonomy":"post_tag","embeddable":true,"href":"https:\/\/guialimeira.com.br\/news\/wp-json\/wp\/v2\/tags?post=75618"}],"curies":[{"name":"wp","href":"https:\/\/api.w.org\/{rel}","templated":true}]}}