{"id":75616,"date":"2026-08-28T16:51:02","date_gmt":"2026-08-28T19:51:02","guid":{"rendered":"https:\/\/guialimeira.com.br\/prefeitura-de-limeira-encerra-programacao-do-agosto-lilas-com-palestra-no-nac\/"},"modified":"2026-08-28T16:51:02","modified_gmt":"2026-08-28T19:51:02","slug":"prefeitura-de-limeira-encerra-programacao-do-agosto-lilas-com-palestra-no-nac","status":"publish","type":"post","link":"https:\/\/guialimeira.com.br\/news\/prefeitura-de-limeira-encerra-programacao-do-agosto-lilas-com-palestra-no-nac\/","title":{"rendered":"Prefeitura de Limeira encerra programa\u00e7\u00e3o do Agosto Lil\u00e1s com palestra no NAC"},"content":{"rendered":"<p><img data-recalc-dims=\"1\" decoding=\"async\" src=\"https:\/\/i0.wp.com\/ecrie.com.br\/sistema\/conteudos\/imagem\/m_137_1_3_28082026160414.jpg?w=696&#038;ssl=1\" alt=\"Prefeitura de Limeira encerra programa\u00e7\u00e3o do Agosto Lil\u00e1s com palestra no NAC\" style=\"width:100%;height:auto;margin-bottom:20px;\" \/><\/p>\n<p>A palestra &#8220;Do Afeto ao Controle: Onde Est\u00e1 o Limite?&#8221; marcou, nesta sexta-feira (28), o encerramento da programa\u00e7\u00e3o do Agosto Lil\u00e1s em Limeira. Promovida pela Prefeitura, no audit\u00f3rio do N\u00facleo de Atendimento ao Cidad\u00e3o (NAC), a atividade reuniu cerca de 80 pessoas, entre profissionais da rede de prote\u00e7\u00e3o \u00e0 mulher, estudantes e representantes de institui\u00e7\u00f5es que atuam na preven\u00e7\u00e3o e no enfrentamento da viol\u00eancia contra a mulher.<\/p>\n<p>A palestra foi ministrada pela professora e mestre em Educa\u00e7\u00e3o Maristela Hefliger Camargo, que conduziu uma reflex\u00e3o sobre como atitudes de controle podem ser confundidas com demonstra\u00e7\u00f5es de afeto. A especialista abordou os limites entre cuidado e viol\u00eancia nas rela\u00e7\u00f5es interpessoais, destacando comportamentos abusivos, formas de viol\u00eancia e a import\u00e2ncia de reconhecer os primeiros sinais de relacionamentos prejudiciais. Ao longo da apresenta\u00e7\u00e3o, Maristela compartilhou exemplos e experi\u00eancias pr\u00e1ticas e, ao final, respondeu \u00e0s perguntas dos participantes.<\/p>\n<p>Segundo a palestrante, muitas situa\u00e7\u00f5es de viol\u00eancia come\u00e7am de forma sutil. &#8220;Os primeiros sinais aparecem no controle das roupas, das amizades e das rela\u00e7\u00f5es. S\u00e3o pequenos comportamentos que, aos poucos, evoluem para formas mais intensas de controle&#8221;, afirmou.<\/p>\n<p>Maristela tamb\u00e9m destacou que o afeto, muitas vezes, \u00e9 utilizado como justificativa para o comportamento possessivo. &#8220;\u00c9 fundamental que a mulher n\u00e3o sinta vergonha nem medo de buscar ajuda. Existem \u00f3rg\u00e3os preparados para oferecer acolhimento, orienta\u00e7\u00e3o e prote\u00e7\u00e3o&#8221;, ressaltou.<\/p>\n<p>A secret\u00e1ria de Promo\u00e7\u00e3o Social, Const\u00e2ncia F\u00e9lix, destacou que a\u00e7\u00f5es de conscientiza\u00e7\u00e3o s\u00e3o fundamentais para fortalecer a rede de prote\u00e7\u00e3o e incentivar mulheres a romperem o ciclo da viol\u00eancia. &#8220;Promover espa\u00e7os de di\u00e1logo e informa\u00e7\u00e3o \u00e9 uma forma de fortalecer essas mulheres e contribuir para uma sociedade mais consciente e respeitosa&#8221;, afirmou. Segundo a secret\u00e1ria, a escola tamb\u00e9m desempenha um papel fundamental na forma\u00e7\u00e3o de uma cultura de respeito e igualdade, em sintonia com a legisla\u00e7\u00e3o federal que prev\u00ea a inclus\u00e3o de conte\u00fados sobre preven\u00e7\u00e3o da viol\u00eancia contra a mulher nos curr\u00edculos da educa\u00e7\u00e3o b\u00e1sica.<\/p>\n<p>Sobre a palestrante<\/p>\n<p>Maristela Hefliger Camargo \u00e9 professora e mestre em Educa\u00e7\u00e3o pela Universidade Federal de S\u00e3o Carlos (UFSCar), onde desenvolveu pesquisa sobre a forma\u00e7\u00e3o de professores para o trabalho com as tem\u00e1ticas de g\u00eanero e sexualidade no ensino de Ci\u00eancias. Atualmente, leciona Ci\u00eancias e Biologia no SESI, \u00e9 mentora do projeto Juventudes Antimisoginia e professora da Funda\u00e7\u00e3o Herm\u00ednio Ometto (FHO), em Araras.<\/p>\n<p>A palestra integrou a programa\u00e7\u00e3o do Agosto Lil\u00e1s, campanha dedicada \u00e0 conscientiza\u00e7\u00e3o e ao enfrentamento da viol\u00eancia contra a mulher. O evento foi organizado pela Seprosom, atrav\u00e9s da Coordenadoria de Pol\u00edticas P\u00fablicas para a Mulher de Limeira. A iniciativa est\u00e1 alinhada ao Objetivo de Desenvolvimento Sustent\u00e1vel (ODS) 5 da Organiza\u00e7\u00e3o das Na\u00e7\u00f5es Unidas (ONU), que promove a igualdade de g\u00eanero, o empoderamento de mulheres e meninas e o combate a todas as formas de viol\u00eancia contra a mulher.<\/p>\n<hr>\n<p><em>Fonte: <a href=\"https:\/\/www.limeira.sp.gov.br\/imprensa\/noticias\/geral\/prefeitura-de-limeira-encerra-programacao-do-agosto-lilas-com-palestra-no-nac\" target=\"_blank\" rel=\"noopener\">Prefeitura Municipal de Limeira<\/a><\/em><\/p>\n","protected":false},"excerpt":{"rendered":"<p>A palestra &#8220;Do Afeto ao Controle: Onde Est\u00e1 o Limite?&#8221; marcou, nesta sexta-feira (28), o encerramento da programa\u00e7\u00e3o do Agosto Lil\u00e1s em Limeira. Promovida pela Prefeitura, no audit\u00f3rio do N\u00facleo de Atendimento ao Cidad\u00e3o (NAC), a atividade reuniu cerca de 80 pessoas, entre profissionais da rede de p<\/p>\n","protected":false},"author":1,"featured_media":75615,"comment_status":"","ping_status":"open","sticky":false,"template":"","format":"standard","meta":{"_jetpack_newsletter_access":"","_jetpack_dont_email_post_to_subs":false,"_jetpack_newsletter_tier_id":0,"_jetpack_memberships_contains_paywalled_content":false,"_mbp_banners":[],"_jetpack_feature_clip_id":0,"_jetpack_memberships_contains_paid_content":false,"footnotes":"","jetpack_publicize_message":"","jetpack_publicize_feature_enabled":true,"jetpack_social_post_already_shared":true,"jetpack_social_options":{"image_generator_settings":{"template":"highway","default_image_id":0,"font":"","enabled":false},"version":2},"jetpack_post_was_ever_published":false},"categories":[16],"tags":[],"class_list":["post-75616","post","type-post","status-publish","format-standard","has-post-thumbnail","category-local"],"jetpack_publicize_connections":[],"jetpack-related-posts":[],"jetpack_shortlink":"https:\/\/wp.me\/p7Eq1F-jFC","jetpack_sharing_enabled":true,"jetpack_featured_media_url":"https:\/\/i0.wp.com\/guialimeira.com.br\/news\/wp-content\/uploads\/2026\/08\/noticia-prefeitura-59.jpg?fit=1024%2C575&ssl=1","_links":{"self":[{"href":"https:\/\/guialimeira.com.br\/news\/wp-json\/wp\/v2\/posts\/75616","targetHints":{"allow":["GET"]}}],"collection":[{"href":"https:\/\/guialimeira.com.br\/news\/wp-json\/wp\/v2\/posts"}],"about":[{"href":"https:\/\/guialimeira.com.br\/news\/wp-json\/wp\/v2\/types\/post"}],"author":[{"embeddable":true,"href":"https:\/\/guialimeira.com.br\/news\/wp-json\/wp\/v2\/users\/1"}],"replies":[{"embeddable":true,"href":"https:\/\/guialimeira.com.br\/news\/wp-json\/wp\/v2\/comments?post=75616"}],"version-history":[{"count":0,"href":"https:\/\/guialimeira.com.br\/news\/wp-json\/wp\/v2\/posts\/75616\/revisions"}],"wp:featuredmedia":[{"embeddable":true,"href":"https:\/\/guialimeira.com.br\/news\/wp-json\/wp\/v2\/media\/75615"}],"wp:attachment":[{"href":"https:\/\/guialimeira.com.br\/news\/wp-json\/wp\/v2\/media?parent=75616"}],"wp:term":[{"taxonomy":"category","embeddable":true,"href":"https:\/\/guialimeira.com.br\/news\/wp-json\/wp\/v2\/categories?post=75616"},{"taxonomy":"post_tag","embeddable":true,"href":"https:\/\/guialimeira.com.br\/news\/wp-json\/wp\/v2\/tags?post=75616"}],"curies":[{"name":"wp","href":"https:\/\/api.w.org\/{rel}","templated":true}]}}