{"id":75612,"date":"2026-08-28T16:47:01","date_gmt":"2026-08-28T19:47:01","guid":{"rendered":"https:\/\/guialimeira.com.br\/?p=75612"},"modified":"2026-08-28T16:47:01","modified_gmt":"2026-08-28T19:47:01","slug":"governador-do-rio-sanciona-lei-que-cria-o-servico-disque-autismo","status":"publish","type":"post","link":"https:\/\/guialimeira.com.br\/news\/governador-do-rio-sanciona-lei-que-cria-o-servico-disque-autismo\/","title":{"rendered":"Governador do Rio sanciona lei que cria o servi\u00e7o Disque Autismo"},"content":{"rendered":"<p> <br \/>\n<\/p>\n<div>\n<p>O governador interino do Rio de Janeiro, desembargador Ricardo Couto, sancionou a Lei n\u00ba 11.297, que cria o Disque Autismo. O <strong>novo canal vai receber den\u00fancias de maus-tratos e de desrespeito aos direitos das pessoas com Transtorno do Espectro Autista (TEA)<\/strong>. A lei foi publicada na quinta-feira (27), no <em>Di\u00e1rio Oficial<\/em> do estado.<img data-recalc-dims=\"1\" decoding=\"async\" src=\"https:\/\/i0.wp.com\/agenciabrasil.ebc.com.br\/ebc.png?w=696&#038;ssl=1\" style=\"width:1px;height:1px;display:inline\" \/><img data-recalc-dims=\"1\" decoding=\"async\" src=\"https:\/\/i0.wp.com\/agenciabrasil.ebc.com.br\/ebc.gif?w=696&#038;ssl=1\" style=\"width:1px;height:1px;display:inline\" \/><\/p>\n<p>O n\u00famero do telefone ser\u00e1 anunciado posteriormente, t\u00e3o logo seja designada pelo governador a secretaria que ficar\u00e1 respons\u00e1vel pelo servi\u00e7o e ocorra a contrata\u00e7\u00e3o de pessoal para atender a popula\u00e7\u00e3o.\u00a0<\/p>\n<p><strong>O canal servir\u00e1 tamb\u00e9m para orientar as fam\u00edlias sobre como devem buscar atendimento e ter acesso a a\u00e7\u00f5es e servi\u00e7os de sa\u00fade voltados para pessoas com autismo.<\/strong><\/p>\n<p>As queixas poder\u00e3o ser feitas de forma an\u00f4nima, de modo a garantir o sigilo do denunciante.\u00a0<\/p>\n<p>O canal encaminhar\u00e1 os relatos aos \u00f3rg\u00e3os competentes para que as provid\u00eancias sejam tomadas.<\/p>\n<p><strong>Al\u00e9m do contato direto por telefone, o atendimento ser\u00e1 realizado ainda por meios digitais, por sites e aplicativos de celular.<\/strong><\/p>\n<p>O n\u00famero do Disque Autismo ser\u00e1 divulgado em unidades de sa\u00fade e escolas p\u00fablicas e particulares, al\u00e9m dos sites oficiais do governo fluminense.\u00a0<\/p>\n<p>      <!-- Relacionada --><\/p>\n<p>            <!-- Relacionada -->\n    <\/div>\n<p><br \/>\n<br \/><a href=\"https:\/\/agenciabrasil.ebc.com.br\/geral\/noticia\/2026-08\/governador-do-rio-sanciona-lei-que-cria-o-servico-disque-autismo\" rel=\"noopener\">Informa\u00e7\u00f5es com a Ag\u00eancia Brasil<\/a><\/p>\n","protected":false},"excerpt":{"rendered":"<p>O governador interino do Rio de Janeiro, desembargador Ricardo Couto, sancionou a Lei n\u00ba 11.297, que cria o Disque Autismo. O novo canal vai receber den\u00fancias de maus-tratos e de desrespeito aos direitos das pessoas com Transtorno do Espectro Autista (TEA). A lei foi publicada na quinta-feira (27), no Di\u00e1rio Oficial do estado. O n\u00famero [&hellip;]<\/p>\n","protected":false},"author":1,"featured_media":75613,"comment_status":"closed","ping_status":"open","sticky":false,"template":"","format":"standard","meta":{"_jetpack_newsletter_access":"","_jetpack_dont_email_post_to_subs":false,"_jetpack_newsletter_tier_id":0,"_jetpack_memberships_contains_paywalled_content":false,"_mbp_banners":[],"_jetpack_feature_clip_id":0,"_jetpack_memberships_contains_paid_content":false,"footnotes":"","jetpack_publicize_message":"","jetpack_publicize_feature_enabled":true,"jetpack_social_post_already_shared":true,"jetpack_social_options":{"image_generator_settings":{"template":"highway","default_image_id":0,"font":"","enabled":false},"version":2},"jetpack_post_was_ever_published":false},"categories":[22],"tags":[],"class_list":["post-75612","post","type-post","status-publish","format-standard","has-post-thumbnail","category-nacional"],"jetpack_publicize_connections":[],"jetpack-related-posts":[],"jetpack_shortlink":"https:\/\/wp.me\/p7Eq1F-jFy","jetpack_sharing_enabled":true,"jetpack_featured_media_url":"https:\/\/i0.wp.com\/guialimeira.com.br\/news\/wp-content\/uploads\/2026\/08\/10052024-pzzb1818.jpg?fit=1600%2C800&ssl=1","_links":{"self":[{"href":"https:\/\/guialimeira.com.br\/news\/wp-json\/wp\/v2\/posts\/75612","targetHints":{"allow":["GET"]}}],"collection":[{"href":"https:\/\/guialimeira.com.br\/news\/wp-json\/wp\/v2\/posts"}],"about":[{"href":"https:\/\/guialimeira.com.br\/news\/wp-json\/wp\/v2\/types\/post"}],"author":[{"embeddable":true,"href":"https:\/\/guialimeira.com.br\/news\/wp-json\/wp\/v2\/users\/1"}],"replies":[{"embeddable":true,"href":"https:\/\/guialimeira.com.br\/news\/wp-json\/wp\/v2\/comments?post=75612"}],"version-history":[{"count":1,"href":"https:\/\/guialimeira.com.br\/news\/wp-json\/wp\/v2\/posts\/75612\/revisions"}],"predecessor-version":[{"id":75614,"href":"https:\/\/guialimeira.com.br\/news\/wp-json\/wp\/v2\/posts\/75612\/revisions\/75614"}],"wp:featuredmedia":[{"embeddable":true,"href":"https:\/\/guialimeira.com.br\/news\/wp-json\/wp\/v2\/media\/75613"}],"wp:attachment":[{"href":"https:\/\/guialimeira.com.br\/news\/wp-json\/wp\/v2\/media?parent=75612"}],"wp:term":[{"taxonomy":"category","embeddable":true,"href":"https:\/\/guialimeira.com.br\/news\/wp-json\/wp\/v2\/categories?post=75612"},{"taxonomy":"post_tag","embeddable":true,"href":"https:\/\/guialimeira.com.br\/news\/wp-json\/wp\/v2\/tags?post=75612"}],"curies":[{"name":"wp","href":"https:\/\/api.w.org\/{rel}","templated":true}]}}