{"id":75611,"date":"2026-08-28T16:41:20","date_gmt":"2026-08-28T19:41:20","guid":{"rendered":"https:\/\/guialimeira.com.br\/inscricoes-para-concursos-da-prefeitura-de-limeira-entram-na-reta-final\/"},"modified":"2026-08-28T16:41:20","modified_gmt":"2026-08-28T19:41:20","slug":"inscricoes-para-concursos-da-prefeitura-de-limeira-entram-na-reta-final","status":"publish","type":"post","link":"https:\/\/guialimeira.com.br\/news\/inscricoes-para-concursos-da-prefeitura-de-limeira-entram-na-reta-final\/","title":{"rendered":"Inscri\u00e7\u00f5es para concursos da Prefeitura de Limeira entram na reta final"},"content":{"rendered":"<p><img data-recalc-dims=\"1\" decoding=\"async\" src=\"https:\/\/i0.wp.com\/ecrie.com.br\/sistema\/conteudos\/imagem\/m_137_0_1_08072026100231.jpeg?w=696&#038;ssl=1\" alt=\"Inscri\u00e7\u00f5es para concursos da Prefeitura de Limeira entram na reta final\" style=\"width:100%;height:auto;margin-bottom:20px;\" \/><\/p>\n<p>Quem pretende disputar uma das 248 vagas oferecidas pela Prefeitura de Limeira nos concursos p\u00fablicos n\u00ba 01\/2026 e n\u00ba 02\/2026 precisa ficar atento ao prazo. As inscri\u00e7\u00f5es podem ser realizadas at\u00e9 segunda-feira (31), para cargos de n\u00edveis fundamental, m\u00e9dio, t\u00e9cnico e superior.<\/p>\n<p>Os editais contemplam diferentes \u00e1reas da administra\u00e7\u00e3o municipal, com destaque para setores essenciais como Seguran\u00e7a P\u00fablica e Educa\u00e7\u00e3o. Entre os cargos com maior n\u00famero de oportunidades est\u00e3o merendeiro escolar (50 vagas), guarda civil municipal (25 vagas) e professor de educa\u00e7\u00e3o infantil (25 vagas).<\/p>\n<p>Tamb\u00e9m h\u00e1 vagas para profissionais das \u00e1reas de Sa\u00fade, Administra\u00e7\u00e3o, Assist\u00eancia Social, Obras, Meio Ambiente, Cultura, Tecnologia e Engenharia, al\u00e9m de diversos servi\u00e7os operacionais.<\/p>\n<p>As inscri\u00e7\u00f5es devem ser feitas exclusivamente pelo site da Avan\u00e7a SP, banca organizadora dos concursos. Os certames tamb\u00e9m preveem cadastro reserva, que poder\u00e1 ser utilizado para futuras convoca\u00e7\u00f5es durante o per\u00edodo de validade.<\/p>\n<p>Concursos P\u00fablicos n\u00ba 01\/2026 e n\u00ba 02\/2026 Inscri\u00e7\u00f5es: at\u00e9 31 de agosto, pelo link: https:\/\/avancasp.selecao.net.br\/<\/p>\n<hr>\n<p><em>Fonte: <a href=\"https:\/\/www.limeira.sp.gov.br\/imprensa\/noticias\/geral\/inscricoes-para-concursos-da-prefeitura-de-limeira-entram-na-reta-final\" target=\"_blank\" rel=\"noopener\">Prefeitura Municipal de Limeira<\/a><\/em><\/p>\n","protected":false},"excerpt":{"rendered":"<p>Quem pretende disputar uma das 248 vagas oferecidas pela Prefeitura de Limeira nos concursos p\u00fablicos n\u00ba 01\/2026 e n\u00ba 02\/2026 precisa ficar atento ao prazo. As inscri\u00e7\u00f5es podem ser realizadas at\u00e9 segunda-feira (31), para cargos de n\u00edveis fundamental, m\u00e9dio, t\u00e9cnico e superior. Os editais contemplam <\/p>\n","protected":false},"author":1,"featured_media":75610,"comment_status":"","ping_status":"open","sticky":false,"template":"","format":"standard","meta":{"_jetpack_newsletter_access":"","_jetpack_dont_email_post_to_subs":false,"_jetpack_newsletter_tier_id":0,"_jetpack_memberships_contains_paywalled_content":false,"_mbp_banners":[],"_jetpack_feature_clip_id":0,"_jetpack_memberships_contains_paid_content":false,"footnotes":"","jetpack_publicize_message":"","jetpack_publicize_feature_enabled":true,"jetpack_social_post_already_shared":true,"jetpack_social_options":{"image_generator_settings":{"template":"highway","default_image_id":0,"font":"","enabled":false},"version":2},"jetpack_post_was_ever_published":false},"categories":[16],"tags":[],"class_list":["post-75611","post","type-post","status-publish","format-standard","has-post-thumbnail","category-local"],"jetpack_publicize_connections":[],"jetpack-related-posts":[],"jetpack_shortlink":"https:\/\/wp.me\/p7Eq1F-jFx","jetpack_sharing_enabled":true,"jetpack_featured_media_url":"https:\/\/i0.wp.com\/guialimeira.com.br\/news\/wp-content\/uploads\/2026\/08\/noticia-prefeitura-58.jpg?fit=1024%2C559&ssl=1","_links":{"self":[{"href":"https:\/\/guialimeira.com.br\/news\/wp-json\/wp\/v2\/posts\/75611","targetHints":{"allow":["GET"]}}],"collection":[{"href":"https:\/\/guialimeira.com.br\/news\/wp-json\/wp\/v2\/posts"}],"about":[{"href":"https:\/\/guialimeira.com.br\/news\/wp-json\/wp\/v2\/types\/post"}],"author":[{"embeddable":true,"href":"https:\/\/guialimeira.com.br\/news\/wp-json\/wp\/v2\/users\/1"}],"replies":[{"embeddable":true,"href":"https:\/\/guialimeira.com.br\/news\/wp-json\/wp\/v2\/comments?post=75611"}],"version-history":[{"count":0,"href":"https:\/\/guialimeira.com.br\/news\/wp-json\/wp\/v2\/posts\/75611\/revisions"}],"wp:featuredmedia":[{"embeddable":true,"href":"https:\/\/guialimeira.com.br\/news\/wp-json\/wp\/v2\/media\/75610"}],"wp:attachment":[{"href":"https:\/\/guialimeira.com.br\/news\/wp-json\/wp\/v2\/media?parent=75611"}],"wp:term":[{"taxonomy":"category","embeddable":true,"href":"https:\/\/guialimeira.com.br\/news\/wp-json\/wp\/v2\/categories?post=75611"},{"taxonomy":"post_tag","embeddable":true,"href":"https:\/\/guialimeira.com.br\/news\/wp-json\/wp\/v2\/tags?post=75611"}],"curies":[{"name":"wp","href":"https:\/\/api.w.org\/{rel}","templated":true}]}}