{"id":75604,"date":"2026-08-28T15:40:58","date_gmt":"2026-08-28T18:40:58","guid":{"rendered":"https:\/\/guialimeira.com.br\/integrantes-da-patrulha-maria-da-penha-sao-homenageados-em-limeira\/"},"modified":"2026-08-28T15:40:58","modified_gmt":"2026-08-28T18:40:58","slug":"integrantes-da-patrulha-maria-da-penha-sao-homenageados-em-limeira","status":"publish","type":"post","link":"https:\/\/guialimeira.com.br\/news\/integrantes-da-patrulha-maria-da-penha-sao-homenageados-em-limeira\/","title":{"rendered":"Integrantes da Patrulha Maria da Penha s\u00e3o homenageados em Limeira"},"content":{"rendered":"<p><img data-recalc-dims=\"1\" decoding=\"async\" src=\"https:\/\/i0.wp.com\/ecrie.com.br\/sistema\/conteudos\/imagem\/m_137_0_1_28082026152930.jpg?w=696&#038;ssl=1\" alt=\"Integrantes da Patrulha Maria da Penha s\u00e3o homenageados em Limeira\" style=\"width:100%;height:auto;margin-bottom:20px;\" \/><\/p>\n<p>Em celebra\u00e7\u00e3o aos 20 anos da Lei Federal n\u00ba 11.340, de 7 de agosto de 2006, conhecida como Lei Maria da Penha, a Prefeitura de Limeira homenageou, nesta sexta-feira (28), oito agentes da Guarda Civil Municipal (GCM) que atuam na Patrulha Maria da Penha. A cerim\u00f4nia foi realizada na sede da Secretaria de Seguran\u00e7a P\u00fablica e marcou tamb\u00e9m os 10 anos de atua\u00e7\u00e3o da Patrulha no munic\u00edpio, completados neste m\u00eas de agosto.<\/p>\n<p>Durante o evento, os agentes receberam uma men\u00e7\u00e3o de gratid\u00e3o pelos servi\u00e7os prestados no atendimento, acompanhamento e prote\u00e7\u00e3o de mulheres em situa\u00e7\u00e3o de viol\u00eancia dom\u00e9stica e familiar. Foram homenageados os GCMs Ros\u00e2ngela Batista de Oliveira Cruz, Silvana Aparecida Ricardo Arado, Danielle Rodrigues Vieira, Ronaldo Adriano Daniel Lima, Bruno Aparecido Prado, Adriano Paulo Oleg\u00e1rio, Valdecir Marcolino da Silva e George Albert Febraro.<\/p>\n<p>Participaram da cerim\u00f4nia o secret\u00e1rio de Seguran\u00e7a P\u00fablica, Anderson Pereira; o comandante da GCM, Henrique Paes; o subcomandante, Andr\u00e9 Hailer; a corregedora da GCM, Geane Burin; a vereadora Bruna Magalh\u00e3es, representando a C\u00e2mara Municipal; al\u00e9m dos vereadores Lu Bogo e Mara Isa Mattos Silveira e do presidente da C\u00e2mara Municipal, Everton Ferreira.<\/p>\n<p>Para o secret\u00e1rio Anderson Pereira, a Lei Maria da Penha representou um importante avan\u00e7o na prote\u00e7\u00e3o das mulheres em situa\u00e7\u00e3o de viol\u00eancia dom\u00e9stica e familiar, ao estabelecer mecanismos de preven\u00e7\u00e3o, prote\u00e7\u00e3o e enfrentamento da viol\u00eancia.<\/p>\n<p>\u201cCelebrar duas d\u00e9cadas dessa legisla\u00e7\u00e3o \u00e9 reconhecer as conquistas alcan\u00e7adas, mas tamb\u00e9m reafirmar que o enfrentamento \u00e0 viol\u00eancia contra a mulher exige atua\u00e7\u00e3o permanente, integrada e qualificada do Poder P\u00fablico e de toda a sociedade\u201d, afirmou.<\/p>\n<p>Patrulha Maria da Penha<\/p>\n<p>Em Limeira, a Patrulha Maria da Penha atua h\u00e1 10 anos no acompanhamento de mulheres que possuem medidas protetivas de urg\u00eancia, contribuindo para a preven\u00e7\u00e3o de novas situa\u00e7\u00f5es de viol\u00eancia e para o cumprimento das determina\u00e7\u00f5es judiciais.<\/p>\n<p>O trabalho \u00e9 realizado por agentes capacitados da Guarda Civil Municipal, que fazem o acompanhamento dos casos, visitas preventivas e orienta\u00e7\u00f5es \u00e0s mulheres atendidas, em articula\u00e7\u00e3o com os demais servi\u00e7os da rede de prote\u00e7\u00e3o.<\/p>\n<p>Representando a Patrulha Maria da Penha durante a cerim\u00f4nia, a GCM Ros\u00e2ngela Batista de Oliveira destacou a import\u00e2ncia do trabalho desenvolvido ao longo dos anos de atua\u00e7\u00e3o no munic\u00edpio. \u201cS\u00e3o 10 anos de uma hist\u00f3ria constru\u00edda com muito trabalho, dedica\u00e7\u00e3o e, principalmente, compromisso com as mulheres que precisam da nossa prote\u00e7\u00e3o. Cada atendimento, cada visita e cada acompanhamento representam uma oportunidade de prevenir uma nova viol\u00eancia e mostrar para essa mulher que ela n\u00e3o est\u00e1 sozinha\u201d.<\/p>\n<p>Rede de prote\u00e7\u00e3o<\/p>\n<p>Limeira conta com uma rede integrada de servi\u00e7os voltados \u00e0 prote\u00e7\u00e3o e ao atendimento de mulheres em situa\u00e7\u00e3o de viol\u00eancia. Entre as iniciativas est\u00e3o a Delegacia de Defesa da Mulher (DDM), a Patrulha Maria da Penha, a Rede Elza Tank, o Bot\u00e3o do P\u00e2nico e o atendimento da Defensoria P\u00fablica.<\/p>\n<p>A Delegacia de Defesa da Mulher oferece atendimento especializado \u00e0s mulheres v\u00edtimas de viol\u00eancia. A Patrulha Maria da Penha, por sua vez, atua no acompanhamento das medidas protetivas e na realiza\u00e7\u00e3o de visitas preventivas.<\/p>\n<p>A Rede Elza Tank re\u00fane servi\u00e7os municipais de acolhimento, atendimento e prote\u00e7\u00e3o social \u00e0s mulheres em situa\u00e7\u00e3o de viol\u00eancia. J\u00e1 o Bot\u00e3o do P\u00e2nico \u00e9 um dispositivo de seguran\u00e7a destinado a situa\u00e7\u00f5es de risco, conforme determina\u00e7\u00e3o judicial.<\/p>\n<p>A Defensoria P\u00fablica tamb\u00e9m integra a rede de prote\u00e7\u00e3o, oferecendo atendimento jur\u00eddico gratuito e sigiloso \u00e0s mulheres que necessitam de orienta\u00e7\u00e3o e assist\u00eancia.<\/p>\n<hr>\n<p><em>Fonte: <a href=\"https:\/\/www.limeira.sp.gov.br\/imprensa\/noticias\/geral\/integrantes-da-patrulha-maria-da-penha-sao-homenageados-em-limeira\" target=\"_blank\" rel=\"noopener\">Prefeitura Municipal de Limeira<\/a><\/em><\/p>\n","protected":false},"excerpt":{"rendered":"<p>Em celebra\u00e7\u00e3o aos 20 anos da Lei Federal n\u00ba 11.340, de 7 de agosto de 2006, conhecida como Lei Maria da Penha, a Prefeitura de Limeira homenageou, nesta sexta-feira (28), oito agentes da Guarda Civil Municipal (GCM) que atuam na Patrulha Maria da Penha. A cerim\u00f4nia foi realizada na sede da Secretari<\/p>\n","protected":false},"author":1,"featured_media":75603,"comment_status":"","ping_status":"open","sticky":false,"template":"","format":"standard","meta":{"_jetpack_newsletter_access":"","_jetpack_dont_email_post_to_subs":false,"_jetpack_newsletter_tier_id":0,"_jetpack_memberships_contains_paywalled_content":false,"_mbp_banners":[],"_jetpack_feature_clip_id":0,"_jetpack_memberships_contains_paid_content":false,"footnotes":"","jetpack_publicize_message":"","jetpack_publicize_feature_enabled":true,"jetpack_social_post_already_shared":true,"jetpack_social_options":{"image_generator_settings":{"template":"highway","default_image_id":0,"font":"","enabled":false},"version":2},"jetpack_post_was_ever_published":false},"categories":[16],"tags":[],"class_list":["post-75604","post","type-post","status-publish","format-standard","has-post-thumbnail","category-local"],"jetpack_publicize_connections":[],"jetpack-related-posts":[],"jetpack_shortlink":"https:\/\/wp.me\/p7Eq1F-jFq","jetpack_sharing_enabled":true,"jetpack_featured_media_url":"https:\/\/i0.wp.com\/guialimeira.com.br\/news\/wp-content\/uploads\/2026\/08\/noticia-prefeitura-57.jpg?fit=1024%2C681&ssl=1","_links":{"self":[{"href":"https:\/\/guialimeira.com.br\/news\/wp-json\/wp\/v2\/posts\/75604","targetHints":{"allow":["GET"]}}],"collection":[{"href":"https:\/\/guialimeira.com.br\/news\/wp-json\/wp\/v2\/posts"}],"about":[{"href":"https:\/\/guialimeira.com.br\/news\/wp-json\/wp\/v2\/types\/post"}],"author":[{"embeddable":true,"href":"https:\/\/guialimeira.com.br\/news\/wp-json\/wp\/v2\/users\/1"}],"replies":[{"embeddable":true,"href":"https:\/\/guialimeira.com.br\/news\/wp-json\/wp\/v2\/comments?post=75604"}],"version-history":[{"count":0,"href":"https:\/\/guialimeira.com.br\/news\/wp-json\/wp\/v2\/posts\/75604\/revisions"}],"wp:featuredmedia":[{"embeddable":true,"href":"https:\/\/guialimeira.com.br\/news\/wp-json\/wp\/v2\/media\/75603"}],"wp:attachment":[{"href":"https:\/\/guialimeira.com.br\/news\/wp-json\/wp\/v2\/media?parent=75604"}],"wp:term":[{"taxonomy":"category","embeddable":true,"href":"https:\/\/guialimeira.com.br\/news\/wp-json\/wp\/v2\/categories?post=75604"},{"taxonomy":"post_tag","embeddable":true,"href":"https:\/\/guialimeira.com.br\/news\/wp-json\/wp\/v2\/tags?post=75604"}],"curies":[{"name":"wp","href":"https:\/\/api.w.org\/{rel}","templated":true}]}}