{"id":75594,"date":"2026-08-28T12:40:28","date_gmt":"2026-08-28T15:40:28","guid":{"rendered":"https:\/\/guialimeira.com.br\/?p=75594"},"modified":"2026-08-28T12:40:28","modified_gmt":"2026-08-28T15:40:28","slug":"santos-dumont-opera-normalmente-apos-13-voos-cancelados-nesta-sexta","status":"publish","type":"post","link":"https:\/\/guialimeira.com.br\/news\/santos-dumont-opera-normalmente-apos-13-voos-cancelados-nesta-sexta\/","title":{"rendered":"Santos Dumont opera normalmente, ap\u00f3s 13 voos cancelados nesta sexta"},"content":{"rendered":"<p> <br \/>\n<\/p>\n<div>\n<p><strong>O Aeroporto Santos Dumont, na regi\u00e3o central do Rio, opera normalmente, em modo visual, ap\u00f3s ter 13 voos cancelados no in\u00edcio da manh\u00e3 desta sexta-feira (28). As suspens\u00f5es decorrem do incidente, na tarde dessa quinta-feira (27), quando uma <a href=\"https:\/\/agenciabrasil.ebc.com.br\/geral\/noticia\/2026-08\/aviao-derrapa-no-santos-dumont-e-voos-sao-cancelados\" target=\"_blank\" rel=\"noopener\">aeronave de pequeno porte\u00a0derrapou na pista<\/a> e atingiu o gramado lateral.<\/strong><img data-recalc-dims=\"1\" decoding=\"async\" src=\"https:\/\/i0.wp.com\/agenciabrasil.ebc.com.br\/ebc.png?w=696&#038;ssl=1\" style=\"width:1px;height:1px;display:inline\" \/><img data-recalc-dims=\"1\" decoding=\"async\" src=\"https:\/\/i0.wp.com\/agenciabrasil.ebc.com.br\/ebc.gif?w=696&#038;ssl=1\" style=\"width:1px;height:1px;display:inline\" \/><\/p>\n<p>Mesmo com o<a href=\"https:\/\/agenciabrasil.ebc.com.br\/geral\/noticia\/2026-08\/aeroporto-santos-dumont-e-liberado-para-pousos-e-decolagens\" target=\"_blank\" rel=\"noopener\"> terminal liberado<\/a>, de acordo com a Empresa Brasileira de Infraestrutura Aeroportu\u00e1ria (Infraero), as decolagens previstas \u00e0s\u00a0aeronaves que pernoitariam no p\u00e1tio para os primeiros voos da manh\u00e3\u00a0n\u00e3o ocorreram, porque n\u00e3o puderam pousar ontem.<\/p>\n<blockquote>\n<p>\u201cA malha a\u00e9rea foi reajustada e passageiros remanejados para o Aeroporto do Gale\u00e3o. Em decorr\u00eancia, houve 13 voos de partida cancelados, na manh\u00e3 de hoje, no Aeroporto Santos Dumont\u201d, informou em nota.<\/p>\n<\/blockquote>\n<p><strong>Os voos cancelados foram das companhias a\u00e9reas Azul, Latam e Gol. O primeiro que deveria sair \u00e0s 6h15 era da Azul com destino a Campinas, S\u00e3o Paulo.\u00a0<\/strong><\/p>\n<p>No mesmo hor\u00e1rio, tinha a previs\u00e3o da partida de um avi\u00e3o Latam para Guarulhos, tamb\u00e9m S\u00e3o Paulo. A maior parte seguia para S\u00e3o Paulo.<\/p>\n<p>A pista do Aeroporto Santos Dumont foi liberada depois da remo\u00e7\u00e3o do avi\u00e3o de pequeno porte, por volta das 23h dessa quinta-feira. N\u00e3o houve feridos. O piloto e um tripulante estavam na aeronave.\u00a0<\/p>\n<p>O Plano de Emerg\u00eancia do Aeroporto foi acionado logo ap\u00f3s o incidente, e equipes do Corpo de Bombeiros foram para o local. T\u00e9cnicos do Centro de Investiga\u00e7\u00e3o e Preven\u00e7\u00e3o de Acidentes Aeron\u00e1uticos (Cenipa) tamb\u00e9m estiveram no aeroporto \u201cpara iniciar as investiga\u00e7\u00f5es sobre a causa da sa\u00edda da pista\u201d.\u00a0<\/p>\n<p>\u201cDurante a suspens\u00e3o das opera\u00e7\u00f5es, 15 voos foram redirecionados para o Aeroporto do Gale\u00e3o e 71 foram cancelados entre partidas e chegadas em fun\u00e7\u00e3o do acidente\u201d, completou a nota.<\/p>\n<p>      <!-- Relacionada --><\/p>\n<p>            <!-- Relacionada -->\n    <\/div>\n<p><br \/>\n<br \/><a href=\"https:\/\/agenciabrasil.ebc.com.br\/geral\/noticia\/2026-08\/santos-dumont-opera-normalmente-apos-13-voos-cancelados-nesta-sexta\" rel=\"noopener\">Informa\u00e7\u00f5es com a Ag\u00eancia Brasil<\/a><\/p>\n","protected":false},"excerpt":{"rendered":"<p>O Aeroporto Santos Dumont, na regi\u00e3o central do Rio, opera normalmente, em modo visual, ap\u00f3s ter 13 voos cancelados no in\u00edcio da manh\u00e3 desta sexta-feira (28). As suspens\u00f5es decorrem do incidente, na tarde dessa quinta-feira (27), quando uma aeronave de pequeno porte\u00a0derrapou na pista e atingiu o gramado lateral. Mesmo com o terminal liberado, de [&hellip;]<\/p>\n","protected":false},"author":1,"featured_media":75595,"comment_status":"closed","ping_status":"open","sticky":false,"template":"","format":"standard","meta":{"_jetpack_newsletter_access":"","_jetpack_dont_email_post_to_subs":false,"_jetpack_newsletter_tier_id":0,"_jetpack_memberships_contains_paywalled_content":false,"_mbp_banners":[],"_jetpack_feature_clip_id":0,"_jetpack_memberships_contains_paid_content":false,"footnotes":"","jetpack_publicize_message":"","jetpack_publicize_feature_enabled":true,"jetpack_social_post_already_shared":true,"jetpack_social_options":{"image_generator_settings":{"template":"highway","default_image_id":0,"font":"","enabled":false},"version":2},"jetpack_post_was_ever_published":false},"categories":[22],"tags":[],"class_list":["post-75594","post","type-post","status-publish","format-standard","has-post-thumbnail","category-nacional"],"jetpack_publicize_connections":[],"jetpack-related-posts":[],"jetpack_shortlink":"https:\/\/wp.me\/p7Eq1F-jFg","jetpack_sharing_enabled":true,"jetpack_featured_media_url":"https:\/\/i0.wp.com\/guialimeira.com.br\/news\/wp-content\/uploads\/2026\/08\/mg_7446.jpg?fit=1600%2C800&ssl=1","_links":{"self":[{"href":"https:\/\/guialimeira.com.br\/news\/wp-json\/wp\/v2\/posts\/75594","targetHints":{"allow":["GET"]}}],"collection":[{"href":"https:\/\/guialimeira.com.br\/news\/wp-json\/wp\/v2\/posts"}],"about":[{"href":"https:\/\/guialimeira.com.br\/news\/wp-json\/wp\/v2\/types\/post"}],"author":[{"embeddable":true,"href":"https:\/\/guialimeira.com.br\/news\/wp-json\/wp\/v2\/users\/1"}],"replies":[{"embeddable":true,"href":"https:\/\/guialimeira.com.br\/news\/wp-json\/wp\/v2\/comments?post=75594"}],"version-history":[{"count":1,"href":"https:\/\/guialimeira.com.br\/news\/wp-json\/wp\/v2\/posts\/75594\/revisions"}],"predecessor-version":[{"id":75596,"href":"https:\/\/guialimeira.com.br\/news\/wp-json\/wp\/v2\/posts\/75594\/revisions\/75596"}],"wp:featuredmedia":[{"embeddable":true,"href":"https:\/\/guialimeira.com.br\/news\/wp-json\/wp\/v2\/media\/75595"}],"wp:attachment":[{"href":"https:\/\/guialimeira.com.br\/news\/wp-json\/wp\/v2\/media?parent=75594"}],"wp:term":[{"taxonomy":"category","embeddable":true,"href":"https:\/\/guialimeira.com.br\/news\/wp-json\/wp\/v2\/categories?post=75594"},{"taxonomy":"post_tag","embeddable":true,"href":"https:\/\/guialimeira.com.br\/news\/wp-json\/wp\/v2\/tags?post=75594"}],"curies":[{"name":"wp","href":"https:\/\/api.w.org\/{rel}","templated":true}]}}