{"id":75574,"date":"2026-08-28T07:35:27","date_gmt":"2026-08-28T10:35:27","guid":{"rendered":"https:\/\/guialimeira.com.br\/?p=75574"},"modified":"2026-08-28T07:35:27","modified_gmt":"2026-08-28T10:35:27","slug":"aeroporto-santos-dumont-e-liberado-para-pousos-e-decolagens","status":"publish","type":"post","link":"https:\/\/guialimeira.com.br\/news\/aeroporto-santos-dumont-e-liberado-para-pousos-e-decolagens\/","title":{"rendered":"Aeroporto Santos Dumont \u00e9 liberado para pousos e decolagens"},"content":{"rendered":"<p> <br \/>\n<\/p>\n<div>\n<p>A Empresa Brasileira de Infraestrutura Aeroportu\u00e1ria (Infraero) informou que a pista do Aeroporto Santos Dumont, na regi\u00e3o central do Rio de Janeiro, foi liberada \u00e0s 23h dessa quinta-feira (27), ap\u00f3s a retirada de um jatinho Embraer Phenom, prefixo PSVEE &#8211; E50P, que <a href=\"https:\/\/agenciabrasil.ebc.com.br\/geral\/noticia\/2026-08\/aviao-derrapa-no-santos-dumont-e-voos-sao-cancelados\" target=\"_blank\" rel=\"noopener\">atingiu o gramado lateral<\/a> durante o procedimento de pouso, \u00e0s 16h10. <strong>Na aeronave estavam o piloto e um tripulante. \u00a0Nenhum dos dois ficou ferido.<\/strong> A aeronave tem capacidade para cinco passageiros.<img data-recalc-dims=\"1\" decoding=\"async\" src=\"https:\/\/i0.wp.com\/agenciabrasil.ebc.com.br\/ebc.png?w=696&#038;ssl=1\" style=\"width:1px;height:1px;display:inline\" \/><img data-recalc-dims=\"1\" decoding=\"async\" src=\"https:\/\/i0.wp.com\/agenciabrasil.ebc.com.br\/ebc.gif?w=696&#038;ssl=1\" style=\"width:1px;height:1px;display:inline\" \/><\/p>\n<p>O Plano de Emerg\u00eancia do aeroporto foi acionado imediatamente. Equipes do Corpo de Bombeiros deram suporte, e t\u00e9cnicos do Centro de Investiga\u00e7\u00e3o e Preven\u00e7\u00e3o de Acidentes Aeron\u00e1uticos (Cenipa) estiveram no aeroporto para iniciar as investiga\u00e7\u00f5es sobre a causa da sa\u00edda da pista.\u00a0<\/p>\n<p><strong>Durante a suspens\u00e3o das opera\u00e7\u00f5es de pousos e decolagens,\u00a015 voos foram transferidos\u00a0para o Aeroporto Internacional do Gale\u00e3o e 71 foram cancelados em fun\u00e7\u00e3o do acidente.<\/strong><\/p>\n<p><strong>Centenas de passageiros ficaram horas esperando para seguir para seus destinos.<\/strong><\/p>\n<p>      <!-- Relacionada --><\/p>\n<p>            <!-- Relacionada -->\n    <\/div>\n<p><br \/>\n<br \/><a href=\"https:\/\/agenciabrasil.ebc.com.br\/geral\/noticia\/2026-08\/aeroporto-santos-dumont-e-liberado-para-pousos-e-decolagens\" rel=\"noopener\">Informa\u00e7\u00f5es com a Ag\u00eancia Brasil<\/a><\/p>\n","protected":false},"excerpt":{"rendered":"<p>A Empresa Brasileira de Infraestrutura Aeroportu\u00e1ria (Infraero) informou que a pista do Aeroporto Santos Dumont, na regi\u00e3o central do Rio de Janeiro, foi liberada \u00e0s 23h dessa quinta-feira (27), ap\u00f3s a retirada de um jatinho Embraer Phenom, prefixo PSVEE &#8211; E50P, que atingiu o gramado lateral durante o procedimento de pouso, \u00e0s 16h10. Na aeronave [&hellip;]<\/p>\n","protected":false},"author":1,"featured_media":39633,"comment_status":"closed","ping_status":"open","sticky":false,"template":"","format":"standard","meta":{"_jetpack_newsletter_access":"","_jetpack_dont_email_post_to_subs":false,"_jetpack_newsletter_tier_id":0,"_jetpack_memberships_contains_paywalled_content":false,"_mbp_banners":[],"_jetpack_feature_clip_id":0,"_jetpack_memberships_contains_paid_content":false,"footnotes":"","jetpack_publicize_message":"","jetpack_publicize_feature_enabled":true,"jetpack_social_post_already_shared":true,"jetpack_social_options":{"image_generator_settings":{"template":"highway","default_image_id":0,"font":"","enabled":false},"version":2},"jetpack_post_was_ever_published":false},"categories":[22],"tags":[],"class_list":["post-75574","post","type-post","status-publish","format-standard","has-post-thumbnail","category-nacional"],"jetpack_publicize_connections":[],"jetpack-related-posts":[],"jetpack_shortlink":"https:\/\/wp.me\/p7Eq1F-jEW","jetpack_sharing_enabled":true,"jetpack_featured_media_url":"https:\/\/i0.wp.com\/guialimeira.com.br\/news\/wp-content\/uploads\/2025\/07\/mg_7356.jpg?fit=1600%2C800&ssl=1","_links":{"self":[{"href":"https:\/\/guialimeira.com.br\/news\/wp-json\/wp\/v2\/posts\/75574","targetHints":{"allow":["GET"]}}],"collection":[{"href":"https:\/\/guialimeira.com.br\/news\/wp-json\/wp\/v2\/posts"}],"about":[{"href":"https:\/\/guialimeira.com.br\/news\/wp-json\/wp\/v2\/types\/post"}],"author":[{"embeddable":true,"href":"https:\/\/guialimeira.com.br\/news\/wp-json\/wp\/v2\/users\/1"}],"replies":[{"embeddable":true,"href":"https:\/\/guialimeira.com.br\/news\/wp-json\/wp\/v2\/comments?post=75574"}],"version-history":[{"count":1,"href":"https:\/\/guialimeira.com.br\/news\/wp-json\/wp\/v2\/posts\/75574\/revisions"}],"predecessor-version":[{"id":75575,"href":"https:\/\/guialimeira.com.br\/news\/wp-json\/wp\/v2\/posts\/75574\/revisions\/75575"}],"wp:featuredmedia":[{"embeddable":true,"href":"https:\/\/guialimeira.com.br\/news\/wp-json\/wp\/v2\/media\/39633"}],"wp:attachment":[{"href":"https:\/\/guialimeira.com.br\/news\/wp-json\/wp\/v2\/media?parent=75574"}],"wp:term":[{"taxonomy":"category","embeddable":true,"href":"https:\/\/guialimeira.com.br\/news\/wp-json\/wp\/v2\/categories?post=75574"},{"taxonomy":"post_tag","embeddable":true,"href":"https:\/\/guialimeira.com.br\/news\/wp-json\/wp\/v2\/tags?post=75574"}],"curies":[{"name":"wp","href":"https:\/\/api.w.org\/{rel}","templated":true}]}}