{"id":75571,"date":"2026-08-28T06:34:18","date_gmt":"2026-08-28T09:34:18","guid":{"rendered":"https:\/\/guialimeira.com.br\/?p=75571"},"modified":"2026-08-28T06:34:18","modified_gmt":"2026-08-28T09:34:18","slug":"tse-marca-julgamento-sobre-video-de-bolsonaro-feito-por-ia","status":"publish","type":"post","link":"https:\/\/guialimeira.com.br\/news\/tse-marca-julgamento-sobre-video-de-bolsonaro-feito-por-ia\/","title":{"rendered":"TSE marca julgamento sobre v\u00eddeo de Bolsonaro feito por IA"},"content":{"rendered":"<p> <br \/>\n<\/p>\n<div>\n<p><strong>O Tribunal Superior Eleitoral (TSE) marcou para a pr\u00f3xima ter\u00e7a-feira (1\u00b0) o julgamento de uma a\u00e7\u00e3o protocolada pelo PT contra a divulga\u00e7\u00e3o de um v\u00eddeo do ex-presidente Jair Bolsonaro feito por intelig\u00eancia artificial.<\/strong><img data-recalc-dims=\"1\" decoding=\"async\" src=\"https:\/\/i0.wp.com\/agenciabrasil.ebc.com.br\/ebc.png?w=696&#038;ssl=1\" style=\"width:1px;height:1px;display:inline\" \/><img data-recalc-dims=\"1\" decoding=\"async\" src=\"https:\/\/i0.wp.com\/agenciabrasil.ebc.com.br\/ebc.gif?w=696&#038;ssl=1\" style=\"width:1px;height:1px;display:inline\" \/><\/p>\n<p>O caso veio \u00e0 tona ap\u00f3s o candidato \u00e0 Presid\u00eancia da Rep\u00fablica Fl\u00e1vio Bolsonaro (PL) usar a simula\u00e7\u00e3o de um pronunciamento do pai, que est\u00e1 em pris\u00e3o domiciliar, durante o evento de lan\u00e7amento da sua candidatura, realizado em agosto.<\/p>\n<p><strong>A expectativa \u00e9 que os ministros possam definir durante o julgamento se a quest\u00e3o se enquadra nos casos de <em>deep\u00a0fakes <\/em>e quais as regras que ser\u00e3o aplicadas aos processos semelhantes que ser\u00e3o julgados posteriormente.\u00a0<\/strong><\/p>\n<p>As <em>deep fakes <\/em>ocorrem pela cria\u00e7\u00e3o de conte\u00fado artificial para prejudicar ou beneficiar candidatos por meio de situa\u00e7\u00f5es simuladas. A divulga\u00e7\u00e3o desse tipo de conte\u00fado \u00e9 proibida pelo TSE.<\/p>\n<h2>Regras<\/h2>\n<p><strong>Em mar\u00e7o deste ano, o TSE\u00a0aprovou regras sobre utiliza\u00e7\u00e3o de intelig\u00eancia artificial durante as elei\u00e7\u00f5es gerais de outubro.\u00a0<\/strong><\/p>\n<p>As normas valem para candidatos e partidos. Os ministros proibiram que provedores de\u00a0IA\u00a0permitam, ainda que solicitado pelos usu\u00e1rios, sugest\u00f5es de candidatos para votar. O objetivo \u00e9 evitar a interfer\u00eancia de algoritmos na livre escolha dos eleitores.<\/p>\n<p>Para combater a misoginia digital, o TSE\u00a0proibiu postagens nas redes sociais com montagens envolvendo candidatas e fotos e v\u00eddeos com nudez e pornografia.<\/p>\n<p>A Corte eleitoral tamb\u00e9m reafirmou que os provedores de internet poder\u00e3o ser responsabilizados pela Justi\u00e7a se n\u00e3o retirarem perfis falsos e postagens ilegais de seus usu\u00e1rios.<\/p>\n<h2>Elei\u00e7\u00f5es<\/h2>\n<p>O primeiro turno ser\u00e1 realizado no dia 4 de outubro, quando ser\u00e3o eleitos deputados federais, estaduais, distritais, governadores, senadores e o presidente da Rep\u00fablica.<\/p>\n<p>O segundo turno est\u00e1 marcado para o dia 25 e pode ocorrer na disputa para os cargos de governador e presidente. Os eleitores voltar\u00e3o \u00e0s urnas se nenhum dos candidatos obtiver mais de 50% dos votos v\u00e1lidos, excluindo brancos e nulos, no primeiro turno.<\/p>\n<p>      <!-- Relacionada --><\/p>\n<p>            <!-- Relacionada -->\n    <\/div>\n<p><br \/>\n<br \/><a href=\"https:\/\/agenciabrasil.ebc.com.br\/justica\/noticia\/2026-08\/tse-marca-julgamento-sobre-video-de-bolsonaro-feito-por-ia\" rel=\"noopener\">Informa\u00e7\u00f5es com a Ag\u00eancia Brasil<\/a><\/p>\n","protected":false},"excerpt":{"rendered":"<p>O Tribunal Superior Eleitoral (TSE) marcou para a pr\u00f3xima ter\u00e7a-feira (1\u00b0) o julgamento de uma a\u00e7\u00e3o protocolada pelo PT contra a divulga\u00e7\u00e3o de um v\u00eddeo do ex-presidente Jair Bolsonaro feito por intelig\u00eancia artificial. O caso veio \u00e0 tona ap\u00f3s o candidato \u00e0 Presid\u00eancia da Rep\u00fablica Fl\u00e1vio Bolsonaro (PL) usar a simula\u00e7\u00e3o de um pronunciamento do [&hellip;]<\/p>\n","protected":false},"author":1,"featured_media":75572,"comment_status":"closed","ping_status":"open","sticky":false,"template":"","format":"standard","meta":{"_jetpack_newsletter_access":"","_jetpack_dont_email_post_to_subs":false,"_jetpack_newsletter_tier_id":0,"_jetpack_memberships_contains_paywalled_content":false,"_mbp_banners":[],"_jetpack_feature_clip_id":0,"_jetpack_memberships_contains_paid_content":false,"footnotes":"","jetpack_publicize_message":"","jetpack_publicize_feature_enabled":true,"jetpack_social_post_already_shared":true,"jetpack_social_options":{"image_generator_settings":{"template":"highway","default_image_id":0,"font":"","enabled":false},"version":2},"jetpack_post_was_ever_published":false},"categories":[22],"tags":[],"class_list":["post-75571","post","type-post","status-publish","format-standard","has-post-thumbnail","category-nacional"],"jetpack_publicize_connections":[],"jetpack-related-posts":[],"jetpack_shortlink":"https:\/\/wp.me\/p7Eq1F-jET","jetpack_sharing_enabled":true,"jetpack_featured_media_url":"https:\/\/i0.wp.com\/guialimeira.com.br\/news\/wp-content\/uploads\/2026\/08\/predio-tse_mcamgo_abr_22062023-2.jpg?fit=1600%2C800&ssl=1","_links":{"self":[{"href":"https:\/\/guialimeira.com.br\/news\/wp-json\/wp\/v2\/posts\/75571","targetHints":{"allow":["GET"]}}],"collection":[{"href":"https:\/\/guialimeira.com.br\/news\/wp-json\/wp\/v2\/posts"}],"about":[{"href":"https:\/\/guialimeira.com.br\/news\/wp-json\/wp\/v2\/types\/post"}],"author":[{"embeddable":true,"href":"https:\/\/guialimeira.com.br\/news\/wp-json\/wp\/v2\/users\/1"}],"replies":[{"embeddable":true,"href":"https:\/\/guialimeira.com.br\/news\/wp-json\/wp\/v2\/comments?post=75571"}],"version-history":[{"count":1,"href":"https:\/\/guialimeira.com.br\/news\/wp-json\/wp\/v2\/posts\/75571\/revisions"}],"predecessor-version":[{"id":75573,"href":"https:\/\/guialimeira.com.br\/news\/wp-json\/wp\/v2\/posts\/75571\/revisions\/75573"}],"wp:featuredmedia":[{"embeddable":true,"href":"https:\/\/guialimeira.com.br\/news\/wp-json\/wp\/v2\/media\/75572"}],"wp:attachment":[{"href":"https:\/\/guialimeira.com.br\/news\/wp-json\/wp\/v2\/media?parent=75571"}],"wp:term":[{"taxonomy":"category","embeddable":true,"href":"https:\/\/guialimeira.com.br\/news\/wp-json\/wp\/v2\/categories?post=75571"},{"taxonomy":"post_tag","embeddable":true,"href":"https:\/\/guialimeira.com.br\/news\/wp-json\/wp\/v2\/tags?post=75571"}],"curies":[{"name":"wp","href":"https:\/\/api.w.org\/{rel}","templated":true}]}}