{"id":75565,"date":"2026-08-28T04:29:01","date_gmt":"2026-08-28T07:29:01","guid":{"rendered":"https:\/\/guialimeira.com.br\/?p=75565"},"modified":"2026-08-28T04:29:01","modified_gmt":"2026-08-28T07:29:01","slug":"teto-de-credito-para-taxistas-e-motoristas-de-app-sobe-para-r-200-mil","status":"publish","type":"post","link":"https:\/\/guialimeira.com.br\/news\/teto-de-credito-para-taxistas-e-motoristas-de-app-sobe-para-r-200-mil\/","title":{"rendered":"Teto de cr\u00e9dito para taxistas e motoristas de app sobe para R$ 200 mil"},"content":{"rendered":"<p> <br \/>\n<\/p>\n<div>\n<p><strong>Os motoristas de aplicativos, taxistas e cooperativas de taxistas podem financiar ve\u00edculos de maior valor pelo programa <a href=\"https:\/\/www.gov.br\/mdic\/pt-br\/assuntos\/sdic\/move-brasil\" target=\"_blank\" rel=\"noopener\">Move Brasil<\/a>. O <a href=\"https:\/\/www.gov.br\/fazenda\/pt-br\/assuntos\/cmn\" target=\"_blank\" rel=\"noopener\">Conselho Monet\u00e1rio Nacional (CMN)<\/a> ampliou os valores e o prazo de financiamento do programa.<\/strong><img data-recalc-dims=\"1\" decoding=\"async\" src=\"https:\/\/i0.wp.com\/agenciabrasil.ebc.com.br\/ebc.png?w=696&#038;ssl=1\" style=\"width:1px;height:1px;display:inline\" \/><img data-recalc-dims=\"1\" decoding=\"async\" src=\"https:\/\/i0.wp.com\/agenciabrasil.ebc.com.br\/ebc.gif?w=696&#038;ssl=1\" style=\"width:1px;height:1px;display:inline\" \/><\/p>\n<p>As mudan\u00e7as foram aprovadas nesta quinta-feira (27), em reuni\u00e3o extraordin\u00e1ria do CMN, e aumentam tanto o prazo m\u00e1ximo para pagamento quanto o valor do ve\u00edculo que pode ser financiado.<\/p>\n<p>Com a nova regulamenta\u00e7\u00e3o, o prazo de reembolso passa de 72 para at\u00e9 84 meses. O limite de pre\u00e7o dos autom\u00f3veis sobe de R$ 150 mil para R$ 200 mil.<\/p>\n<p><strong>A mudan\u00e7a <a href=\"https:\/\/agenciabrasil.ebc.com.br\/economia\/noticia\/2026-08\/credito-para-carros-de-aplicativo-tem-teto-elevado-para-r-200-mil\" target=\"_blank\" rel=\"noopener\">chegou a ser anunciada<\/a> na semana passada pelo ministro da Fazenda, Dario Durigan, mas dependia da regulamenta\u00e7\u00e3o para entrar em vigor.<\/strong><\/p>\n<p>A altera\u00e7\u00e3o adapta as regras financeiras do programa a uma portaria publicada\u00a0pelos minist\u00e9rios do Desenvolvimento, Ind\u00fastria, Com\u00e9rcio e Servi\u00e7os (Mdic) e da Fazenda, que j\u00e1 havia elevado o pre\u00e7o m\u00e1ximo dos ve\u00edculos eleg\u00edveis.<\/p>\n<h2>Mudan\u00e7as<\/h2>\n<p><strong>As principais altera\u00e7\u00f5es aprovadas pelo CMN s\u00e3o:<\/strong><\/p>\n<p>\u2022 \u00a0 \u00a0Valor m\u00e1ximo do ve\u00edculo: de R$ 150 mil para R$ 200 mil;<br \/>\u2022 \u00a0 \u00a0Prazo m\u00e1ximo de pagamento: de 72 para 84 meses;<br \/>\u2022 \u00a0 \u00a0Car\u00eancia: permanece em at\u00e9 seis meses para o pagamento do principal;<br \/>\u2022 \u00a0 \u00a0P\u00fablico benefici\u00e1rio: n\u00e3o muda;<br \/>\u2022 \u00a0 \u00a0Recursos dispon\u00edveis: permanecem os mesmos.<\/p>\n<p>A amplia\u00e7\u00e3o do prazo permite distribuir o valor financiado por um per\u00edodo maior. Na pr\u00e1tica, isso pode reduzir o peso da parcela mensal, embora um prazo maior possa aumentar o custo total da opera\u00e7\u00e3o, conforme as condi\u00e7\u00f5es do financiamento.<\/p>\n<h2>Mais op\u00e7\u00f5es<\/h2>\n<p>O aumento do teto para R$ 200 mil amplia significativamente a quantidade de ve\u00edculos que pode se enquadrar no programa.<\/p>\n<p><strong>Segundo levantamento baseado nos emplacamentos de 2025, o limite anterior, de R$ 150 mil, abrangia aproximadamente 63% do mercado analisado.<\/strong><\/p>\n<p>Com os novos valores, informou a Fazenda, cerca de 486 mil unidades adicionais passam a integrar o universo potencialmente eleg\u00edvel pelo crit\u00e9rio de pre\u00e7o. A cobertura estimada sobe de 63% para aproximadamente 88% do mercado considerado, com mais op\u00e7\u00f5es de modelos e vers\u00f5es.<\/p>\n<h2>Presta\u00e7\u00f5es<\/h2>\n<p>A amplia\u00e7\u00e3o de 72 meses para 84 meses\u00a0busca evitar que o aumento do pre\u00e7o m\u00e1ximo dos ve\u00edculos provoque uma eleva\u00e7\u00e3o excessiva das parcelas mensais.<\/p>\n<p>Em termos simples, um financiamento de maior valor poder\u00e1 ser distribu\u00eddo por mais meses, reduzindo o valor de cada presta\u00e7\u00e3o, de acordo com a taxa de juros e as demais condi\u00e7\u00f5es ofertadas\u00a0pela institui\u00e7\u00e3o financeira.<\/p>\n<h2>Quem pode participar?<\/h2>\n<p>Podem ser beneficiados taxistas, motoristas de aplicativos e cooperativas de taxistas.<\/p>\n<p>Os ve\u00edculos devem ser novos e destinados \u00e0 atividade de transporte individual remunerado de passageiros.<\/p>\n<h2>Quanto dinheiro h\u00e1?<\/h2>\n<p>O programa usa recursos autorizados pela <a href=\"https:\/\/www.planalto.gov.br\/ccivil_03\/_ato2023-2026\/2026\/mpv\/mpv1359.htm\" target=\"_blank\" rel=\"noopener\">Medida Provis\u00f3ria (MP) 1.359\/2026<\/a>, editada em maio.<\/p>\n<p>A MP destinou at\u00e9 R$ 30 bilh\u00f5es para linhas de financiamento reembols\u00e1vel voltadas aos profissionais do setor.<\/p>\n<p>O valor global de recursos n\u00e3o foi alterado pela nova decis\u00e3o do CMN.<\/p>\n<p>Tamb\u00e9m permanecem inalteradas as regras relacionadas aos encargos financeiros, \u00e0 car\u00eancia e \u00e0 an\u00e1lise de cr\u00e9dito.<\/p>\n<h2>Quem regulamenta?<\/h2>\n<p>O Conselho Monet\u00e1rio Nacional (CMN) \u00e9 o \u00f3rg\u00e3o respons\u00e1vel por formular diretrizes das pol\u00edticas monet\u00e1ria e de cr\u00e9dito do pa\u00eds.<\/p>\n<p>Presidido pelo ministro da Fazenda, Dario Durigan, o colegiado tamb\u00e9m \u00e9 formado pelo presidente do Banco Central, Gabriel Gal\u00edpolo, e pelo ministro do Planejamento e Or\u00e7amento, Bruno Moretti.<\/p>\n<p>A nova resolu\u00e7\u00e3o entra em vigor na data de sua publica\u00e7\u00e3o.<\/p>\n<p>      <!-- Relacionada --><\/p>\n<p>            <!-- Relacionada -->\n    <\/div>\n<p><br \/>\n<br \/><a href=\"https:\/\/agenciabrasil.ebc.com.br\/economia\/noticia\/2026-08\/teto-de-credito-para-taxistas-e-motoristas-de-app-sobe-para-r-200-mil\" rel=\"noopener\">Informa\u00e7\u00f5es com a Ag\u00eancia Brasil<\/a><\/p>\n","protected":false},"excerpt":{"rendered":"<p>Os motoristas de aplicativos, taxistas e cooperativas de taxistas podem financiar ve\u00edculos de maior valor pelo programa Move Brasil. O Conselho Monet\u00e1rio Nacional (CMN) ampliou os valores e o prazo de financiamento do programa. As mudan\u00e7as foram aprovadas nesta quinta-feira (27), em reuni\u00e3o extraordin\u00e1ria do CMN, e aumentam tanto o prazo m\u00e1ximo para pagamento quanto [&hellip;]<\/p>\n","protected":false},"author":1,"featured_media":75566,"comment_status":"closed","ping_status":"open","sticky":false,"template":"","format":"standard","meta":{"_jetpack_newsletter_access":"","_jetpack_dont_email_post_to_subs":false,"_jetpack_newsletter_tier_id":0,"_jetpack_memberships_contains_paywalled_content":false,"_mbp_banners":[],"_jetpack_feature_clip_id":0,"_jetpack_memberships_contains_paid_content":false,"footnotes":"","jetpack_publicize_message":"","jetpack_publicize_feature_enabled":true,"jetpack_social_post_already_shared":true,"jetpack_social_options":{"image_generator_settings":{"template":"highway","default_image_id":0,"font":"","enabled":false},"version":2},"jetpack_post_was_ever_published":false},"categories":[22],"tags":[],"class_list":["post-75565","post","type-post","status-publish","format-standard","has-post-thumbnail","category-nacional"],"jetpack_publicize_connections":[],"jetpack-related-posts":[],"jetpack_shortlink":"https:\/\/wp.me\/p7Eq1F-jEN","jetpack_sharing_enabled":true,"jetpack_featured_media_url":"https:\/\/i0.wp.com\/guialimeira.com.br\/news\/wp-content\/uploads\/2026\/08\/taxi_rj_ffraz_05072110183.jpg?fit=1600%2C800&ssl=1","_links":{"self":[{"href":"https:\/\/guialimeira.com.br\/news\/wp-json\/wp\/v2\/posts\/75565","targetHints":{"allow":["GET"]}}],"collection":[{"href":"https:\/\/guialimeira.com.br\/news\/wp-json\/wp\/v2\/posts"}],"about":[{"href":"https:\/\/guialimeira.com.br\/news\/wp-json\/wp\/v2\/types\/post"}],"author":[{"embeddable":true,"href":"https:\/\/guialimeira.com.br\/news\/wp-json\/wp\/v2\/users\/1"}],"replies":[{"embeddable":true,"href":"https:\/\/guialimeira.com.br\/news\/wp-json\/wp\/v2\/comments?post=75565"}],"version-history":[{"count":1,"href":"https:\/\/guialimeira.com.br\/news\/wp-json\/wp\/v2\/posts\/75565\/revisions"}],"predecessor-version":[{"id":75567,"href":"https:\/\/guialimeira.com.br\/news\/wp-json\/wp\/v2\/posts\/75565\/revisions\/75567"}],"wp:featuredmedia":[{"embeddable":true,"href":"https:\/\/guialimeira.com.br\/news\/wp-json\/wp\/v2\/media\/75566"}],"wp:attachment":[{"href":"https:\/\/guialimeira.com.br\/news\/wp-json\/wp\/v2\/media?parent=75565"}],"wp:term":[{"taxonomy":"category","embeddable":true,"href":"https:\/\/guialimeira.com.br\/news\/wp-json\/wp\/v2\/categories?post=75565"},{"taxonomy":"post_tag","embeddable":true,"href":"https:\/\/guialimeira.com.br\/news\/wp-json\/wp\/v2\/tags?post=75565"}],"curies":[{"name":"wp","href":"https:\/\/api.w.org\/{rel}","templated":true}]}}