{"id":75563,"date":"2026-08-28T03:27:07","date_gmt":"2026-08-28T06:27:07","guid":{"rendered":"https:\/\/guialimeira.com.br\/?p=75563"},"modified":"2026-08-28T03:27:07","modified_gmt":"2026-08-28T06:27:07","slug":"stf-adia-retomada-do-julgamento-sobre-uberizacao","status":"publish","type":"post","link":"https:\/\/guialimeira.com.br\/news\/stf-adia-retomada-do-julgamento-sobre-uberizacao\/","title":{"rendered":"STF adia retomada do julgamento sobre uberiza\u00e7\u00e3o"},"content":{"rendered":"<p> <br \/>\n<\/p>\n<div>\n<p><strong>O <a href=\"https:\/\/portal.stf.jus.br\/\" target=\"_blank\" rel=\"noopener\">Supremo Tribunal Federal (STF)<\/a>\u00a0adiou nesta quinta-feira (27) a retomada do julgamento sobre a validade das a\u00e7\u00f5es da Justi\u00e7a do Trabalho que reconheceram v\u00ednculo de emprego na rela\u00e7\u00e3o entre motoristas de aplicativos e as plataformas digitais, a <a href=\"https:\/\/agenciabrasil.ebc.com.br\/tags\/uberizacao\" target=\"_blank\" rel=\"noopener\">chamada uberiza\u00e7\u00e3o<\/a>. A nova data do julgamento ainda n\u00e3o foi definida.<\/strong><img data-recalc-dims=\"1\" decoding=\"async\" src=\"https:\/\/i0.wp.com\/agenciabrasil.ebc.com.br\/ebc.png?w=696&#038;ssl=1\" style=\"width:1px;height:1px;display:inline\" \/><img data-recalc-dims=\"1\" decoding=\"async\" src=\"https:\/\/i0.wp.com\/agenciabrasil.ebc.com.br\/ebc.gif?w=696&#038;ssl=1\" style=\"width:1px;height:1px;display:inline\" \/><\/p>\n<p>O caso estava pautado para a sess\u00e3o de hoje, mas n\u00e3o foi analisado porque o plen\u00e1rio deu prioridade <a href=\"https:\/\/agenciabrasil.ebc.com.br\/justica\/noticia\/2026-08\/stf-decidira-se-acesso-dados-de-usuarios-precisa-de-ordem-judicial\" target=\"_blank\" rel=\"noopener\">para iniciar o julgamento<\/a> que envolve a regra do <a href=\"https:\/\/www.planalto.gov.br\/ccivil_03\/_ato2011-2014\/2014\/lei\/l12965.htm\" target=\"_blank\" rel=\"noopener\">Marco Civil da Internet (Lei 12.965 de 2014)<\/a> que determina que os provedores de internet s\u00f3 podem entregar dados de tr\u00e1fego dos usu\u00e1rios para investiga\u00e7\u00f5es mediante decis\u00e3o judicial.<\/p>\n<p>A uberiza\u00e7\u00e3o ser\u00e1 julgada em duas a\u00e7\u00f5es relatadas pelos ministros Edson Fachin e Alexandre de Moraes e que chegaram ao Supremo a partir de recursos protocolados pelas plataformas Rappi e Uber. As empresas contestam decis\u00f5es da Justi\u00e7a do Trabalho que reconheceram o v\u00ednculo empregat\u00edcio com os motoristas e entregadores.<\/p>\n<h2>Tramita\u00e7\u00e3o<\/h2>\n<p>Durante a tramita\u00e7\u00e3o do processo, a Rappi alegou que as decis\u00f5es trabalhistas que reconheceram o v\u00ednculo de emprego com a empresa desrespeitaram decis\u00f5es da pr\u00f3pria Corte, que entende\u00a0n\u00e3o haver rela\u00e7\u00e3o de emprego formal com os entregadores.<\/p>\n<p>A Uber sustentou que \u00e9 uma empresa de tecnologia, e n\u00e3o do ramo de transportes, e que o reconhecimento de v\u00ednculo trabalhista altera a finalidade do neg\u00f3cio da plataforma, violando o princ\u00edpio constitucional da livre iniciativa de atividade econ\u00f4mica.<\/p>\n<p><strong>Antes do in\u00edcio do julgamento, a<a href=\"https:\/\/www.mpf.mp.br\/o-mpf\/unidades\/procuradoria-geral-da-republica-pgr\" target=\"_blank\" rel=\"noopener\"> Procuradoria-Geral da Rep\u00fablica (PGR)<\/a> enviou Supremo parecer contr\u00e1rio ao reconhecimento de v\u00ednculo trabalhista entre motoristas de aplicativos e as plataformas digitais.<\/strong><\/p>\n<p>      <!-- Relacionada --><\/p>\n<p>            <!-- Relacionada -->\n    <\/div>\n<p><br \/>\n<br \/><a href=\"https:\/\/agenciabrasil.ebc.com.br\/justica\/noticia\/2026-08\/stf-adia-retomada-do-julgamento-sobre-uberizacao\" rel=\"noopener\">Informa\u00e7\u00f5es com a Ag\u00eancia Brasil<\/a><\/p>\n","protected":false},"excerpt":{"rendered":"<p>O Supremo Tribunal Federal (STF)\u00a0adiou nesta quinta-feira (27) a retomada do julgamento sobre a validade das a\u00e7\u00f5es da Justi\u00e7a do Trabalho que reconheceram v\u00ednculo de emprego na rela\u00e7\u00e3o entre motoristas de aplicativos e as plataformas digitais, a chamada uberiza\u00e7\u00e3o. A nova data do julgamento ainda n\u00e3o foi definida. O caso estava pautado para a sess\u00e3o [&hellip;]<\/p>\n","protected":false},"author":1,"featured_media":21437,"comment_status":"closed","ping_status":"open","sticky":false,"template":"","format":"standard","meta":{"_jetpack_newsletter_access":"","_jetpack_dont_email_post_to_subs":false,"_jetpack_newsletter_tier_id":0,"_jetpack_memberships_contains_paywalled_content":false,"_mbp_banners":[],"_jetpack_feature_clip_id":0,"_jetpack_memberships_contains_paid_content":false,"footnotes":"","jetpack_publicize_message":"","jetpack_publicize_feature_enabled":true,"jetpack_social_post_already_shared":true,"jetpack_social_options":{"image_generator_settings":{"template":"highway","default_image_id":0,"font":"","enabled":false},"version":2},"jetpack_post_was_ever_published":false},"categories":[22],"tags":[],"class_list":["post-75563","post","type-post","status-publish","format-standard","has-post-thumbnail","category-nacional"],"jetpack_publicize_connections":[],"jetpack-related-posts":[],"jetpack_shortlink":"https:\/\/wp.me\/p7Eq1F-jEL","jetpack_sharing_enabled":true,"jetpack_featured_media_url":"https:\/\/i0.wp.com\/guialimeira.com.br\/news\/wp-content\/uploads\/2025\/01\/mg_5303.jpg?fit=1600%2C800&ssl=1","_links":{"self":[{"href":"https:\/\/guialimeira.com.br\/news\/wp-json\/wp\/v2\/posts\/75563","targetHints":{"allow":["GET"]}}],"collection":[{"href":"https:\/\/guialimeira.com.br\/news\/wp-json\/wp\/v2\/posts"}],"about":[{"href":"https:\/\/guialimeira.com.br\/news\/wp-json\/wp\/v2\/types\/post"}],"author":[{"embeddable":true,"href":"https:\/\/guialimeira.com.br\/news\/wp-json\/wp\/v2\/users\/1"}],"replies":[{"embeddable":true,"href":"https:\/\/guialimeira.com.br\/news\/wp-json\/wp\/v2\/comments?post=75563"}],"version-history":[{"count":1,"href":"https:\/\/guialimeira.com.br\/news\/wp-json\/wp\/v2\/posts\/75563\/revisions"}],"predecessor-version":[{"id":75564,"href":"https:\/\/guialimeira.com.br\/news\/wp-json\/wp\/v2\/posts\/75563\/revisions\/75564"}],"wp:featuredmedia":[{"embeddable":true,"href":"https:\/\/guialimeira.com.br\/news\/wp-json\/wp\/v2\/media\/21437"}],"wp:attachment":[{"href":"https:\/\/guialimeira.com.br\/news\/wp-json\/wp\/v2\/media?parent=75563"}],"wp:term":[{"taxonomy":"category","embeddable":true,"href":"https:\/\/guialimeira.com.br\/news\/wp-json\/wp\/v2\/categories?post=75563"},{"taxonomy":"post_tag","embeddable":true,"href":"https:\/\/guialimeira.com.br\/news\/wp-json\/wp\/v2\/tags?post=75563"}],"curies":[{"name":"wp","href":"https:\/\/api.w.org\/{rel}","templated":true}]}}