{"id":75554,"date":"2026-08-27T23:23:47","date_gmt":"2026-08-28T02:23:47","guid":{"rendered":"https:\/\/guialimeira.com.br\/?p=75554"},"modified":"2026-08-27T23:23:47","modified_gmt":"2026-08-28T02:23:47","slug":"tre-rj-proibe-garotinho-de-ir-a-debate-e-ter-propaganda-eleitoral","status":"publish","type":"post","link":"https:\/\/guialimeira.com.br\/news\/tre-rj-proibe-garotinho-de-ir-a-debate-e-ter-propaganda-eleitoral\/","title":{"rendered":"TRE-RJ pro\u00edbe Garotinho de ir a debate e ter propaganda eleitoral"},"content":{"rendered":"<p> <br \/>\n<\/p>\n<div>\n<p><strong>O Tribunal Regional Eleitoral do Rio (TRE-RJ) proibiu\u00a0nesta quinta-feira (27)\u00a0o candidato do Republicanos ao governo do estado, Anthony Garotinho, de usar\u00a0repasses do fundo eleitoral, de ir\u00a0a\u00a0debates e de ter propaganda no hor\u00e1rio eleitoral gratuito.<\/strong><img data-recalc-dims=\"1\" decoding=\"async\" src=\"https:\/\/i0.wp.com\/agenciabrasil.ebc.com.br\/ebc.png?w=696&#038;ssl=1\" style=\"width:1px;height:1px;display:inline\" \/><img data-recalc-dims=\"1\" decoding=\"async\" src=\"https:\/\/i0.wp.com\/agenciabrasil.ebc.com.br\/ebc.gif?w=696&#038;ssl=1\" style=\"width:1px;height:1px;display:inline\" \/><\/p>\n<p>O colegiado atendeu\u00a0a\u00e7\u00e3o movida pela Coliga\u00e7\u00e3o Juntos para Mudar,\u00a0Coragem para Reconstruir.\u00a0A coliga\u00e7\u00e3o argumentou que Garotinho est\u00e1 com os direitos pol\u00edticos suspensos ap\u00f3s condena\u00e7\u00e3o por\u00a0improbidade administrativa.\u00a0<\/p>\n<p>Garotinho foi condenado por\u00a0participar de esquema\u00a0que desviou R$ 234,4 milh\u00f5es da Secretaria Estadual de Sa\u00fade entre 2005 e 2006, quando ocupava o cargo de secret\u00e1rio na administra\u00e7\u00e3o de sua esposa e ex-governadora\u00a0Rosinha Garotinho.\u00a0<\/p>\n<p><strong>Garotinho pode recorrer da decis\u00e3o de hoje ao Tribunal Superior Eleitoral (TSE). A defesa do pol\u00edtico\u00a0informou, por meio de nota, que vai recorrer da medida.<\/strong><\/p>\n<p>O colegiado do TRE tamb\u00e9m determinou que Garotinho devolva\u00a0recursos eventualmente disponibilizados e ainda n\u00e3o usados.\u00a0O tribunal\u00a0fixou\u00a0multa de 10% sobre os valores eventualmente repassados pelo partido ap\u00f3s a ci\u00eancia da decis\u00e3o e multa de 10% dos valores utilizados pelo candidato ap\u00f3s essa decis\u00e3o.\u00a0<\/p>\n<p>O m\u00e9rito do pedido de registro de candidatura de Anthony Garotinho ainda ser\u00e1 julgado pela Corte Eleitoral fluminense, em data a ser marcada.<\/p>\n<h2>\u00a0<\/h2>\n<p>      <!-- Relacionada --><\/p>\n<p>            <!-- Relacionada -->\n    <\/div>\n<p><br \/>\n<br \/><a href=\"https:\/\/agenciabrasil.ebc.com.br\/justica\/noticia\/2026-08\/tre-rj-proibe-garotinho-de-ir-debate-e-ter-propaganda-eleitoral\" rel=\"noopener\">Informa\u00e7\u00f5es com a Ag\u00eancia Brasil<\/a><\/p>\n","protected":false},"excerpt":{"rendered":"<p>O Tribunal Regional Eleitoral do Rio (TRE-RJ) proibiu\u00a0nesta quinta-feira (27)\u00a0o candidato do Republicanos ao governo do estado, Anthony Garotinho, de usar\u00a0repasses do fundo eleitoral, de ir\u00a0a\u00a0debates e de ter propaganda no hor\u00e1rio eleitoral gratuito. O colegiado atendeu\u00a0a\u00e7\u00e3o movida pela Coliga\u00e7\u00e3o Juntos para Mudar,\u00a0Coragem para Reconstruir.\u00a0A coliga\u00e7\u00e3o argumentou que Garotinho est\u00e1 com os direitos pol\u00edticos suspensos [&hellip;]<\/p>\n","protected":false},"author":1,"featured_media":75555,"comment_status":"closed","ping_status":"open","sticky":false,"template":"","format":"standard","meta":{"_jetpack_newsletter_access":"","_jetpack_dont_email_post_to_subs":false,"_jetpack_newsletter_tier_id":0,"_jetpack_memberships_contains_paywalled_content":false,"_mbp_banners":[],"_jetpack_feature_clip_id":0,"_jetpack_memberships_contains_paid_content":false,"footnotes":"","jetpack_publicize_message":"","jetpack_publicize_feature_enabled":true,"jetpack_social_post_already_shared":true,"jetpack_social_options":{"image_generator_settings":{"template":"highway","default_image_id":0,"font":"","enabled":false},"version":2},"jetpack_post_was_ever_published":false},"categories":[22],"tags":[],"class_list":["post-75554","post","type-post","status-publish","format-standard","has-post-thumbnail","category-nacional"],"jetpack_publicize_connections":[],"jetpack-related-posts":[],"jetpack_shortlink":"https:\/\/wp.me\/p7Eq1F-jEC","jetpack_sharing_enabled":true,"jetpack_featured_media_url":"https:\/\/i0.wp.com\/guialimeira.com.br\/news\/wp-content\/uploads\/2026\/08\/tnrgo_abr_04091922063.jpg?fit=1600%2C800&ssl=1","_links":{"self":[{"href":"https:\/\/guialimeira.com.br\/news\/wp-json\/wp\/v2\/posts\/75554","targetHints":{"allow":["GET"]}}],"collection":[{"href":"https:\/\/guialimeira.com.br\/news\/wp-json\/wp\/v2\/posts"}],"about":[{"href":"https:\/\/guialimeira.com.br\/news\/wp-json\/wp\/v2\/types\/post"}],"author":[{"embeddable":true,"href":"https:\/\/guialimeira.com.br\/news\/wp-json\/wp\/v2\/users\/1"}],"replies":[{"embeddable":true,"href":"https:\/\/guialimeira.com.br\/news\/wp-json\/wp\/v2\/comments?post=75554"}],"version-history":[{"count":1,"href":"https:\/\/guialimeira.com.br\/news\/wp-json\/wp\/v2\/posts\/75554\/revisions"}],"predecessor-version":[{"id":75556,"href":"https:\/\/guialimeira.com.br\/news\/wp-json\/wp\/v2\/posts\/75554\/revisions\/75556"}],"wp:featuredmedia":[{"embeddable":true,"href":"https:\/\/guialimeira.com.br\/news\/wp-json\/wp\/v2\/media\/75555"}],"wp:attachment":[{"href":"https:\/\/guialimeira.com.br\/news\/wp-json\/wp\/v2\/media?parent=75554"}],"wp:term":[{"taxonomy":"category","embeddable":true,"href":"https:\/\/guialimeira.com.br\/news\/wp-json\/wp\/v2\/categories?post=75554"},{"taxonomy":"post_tag","embeddable":true,"href":"https:\/\/guialimeira.com.br\/news\/wp-json\/wp\/v2\/tags?post=75554"}],"curies":[{"name":"wp","href":"https:\/\/api.w.org\/{rel}","templated":true}]}}