{"id":75548,"date":"2026-08-27T20:19:36","date_gmt":"2026-08-27T23:19:36","guid":{"rendered":"https:\/\/guialimeira.com.br\/?p=75548"},"modified":"2026-08-27T20:19:36","modified_gmt":"2026-08-27T23:19:36","slug":"aviao-derrapa-no-santos-dumont-e-voos-sao-cancelados","status":"publish","type":"post","link":"https:\/\/guialimeira.com.br\/news\/aviao-derrapa-no-santos-dumont-e-voos-sao-cancelados\/","title":{"rendered":"Avi\u00e3o derrapa no Santos Dumont e voos s\u00e3o cancelados"},"content":{"rendered":"<p> <br \/>\n<\/p>\n<div>\n<p>Um jatinho de pequeno porte\u00a0da Embraer derrapou e saiu da pista\u00a0do aeroporto Santos Dumont, na regi\u00e3o central do Rio. O aeroporto foi fechado.\u00a0De acordo com a Infraero, at\u00e9 o momento, 15 voos foram direcionados\u00a0para o Aeroporto Internacional do Gale\u00e3o e 53 foram cancelados.<img data-recalc-dims=\"1\" decoding=\"async\" src=\"https:\/\/i0.wp.com\/agenciabrasil.ebc.com.br\/ebc.png?w=696&#038;ssl=1\" style=\"width:1px;height:1px;display:inline\" \/><img data-recalc-dims=\"1\" decoding=\"async\" src=\"https:\/\/i0.wp.com\/agenciabrasil.ebc.com.br\/ebc.gif?w=696&#038;ssl=1\" style=\"width:1px;height:1px;display:inline\" \/><\/p>\n<p>O incidente ocorreu quando a aeronave estava pousando por volta das\u00a016h10\u00a0desta quinta-feira (27). A aeronave parou na \u00e1rea gramada, semferidos. Apenas o piloto e um tripulante estavam no voo.<\/p>\n<p>De acordo com a Empresa Brasileira de Infraestrutura Aeroportu\u00e1ria (Infraero), o Plano de Emerg\u00eancia do aeroporto foi acionado e\u00a0\u201cas opera\u00e7\u00f5es do aeroporto est\u00e3o suspensas para remo\u00e7\u00e3o da aeronave que est\u00e1 na \u00e1rea gramada ao lado da pista\u201d.<\/p>\n<p>O processo de remo\u00e7\u00e3o ser\u00e1 feito com um guindaste. Equipe do Corpo de Bombeiros tamb\u00e9m d\u00e3o suporte.<\/p>\n<p>T\u00e9cnicos do Centro de Investiga\u00e7\u00e3o e Preven\u00e7\u00e3o de Acidentes Aeron\u00e1uticos (Cenipa) est\u00e3o no aeroporto para iniciar as investiga\u00e7\u00f5es sobre o ocorrido.<\/p>\n<p>\u00a0<\/p>\n<p>\u00a0<\/p>\n<p>\u00a0<\/p>\n<p>      <!-- Relacionada --><br \/>\n            <!-- Relacionada -->\n    <\/div>\n<p><br \/>\n<br \/><a href=\"https:\/\/agenciabrasil.ebc.com.br\/geral\/noticia\/2026-08\/aviao-derrapa-no-santos-dumont-e-voos-sao-cancelados\" rel=\"noopener\">Informa\u00e7\u00f5es com a Ag\u00eancia Brasil<\/a><\/p>\n","protected":false},"excerpt":{"rendered":"<p>Um jatinho de pequeno porte\u00a0da Embraer derrapou e saiu da pista\u00a0do aeroporto Santos Dumont, na regi\u00e3o central do Rio. O aeroporto foi fechado.\u00a0De acordo com a Infraero, at\u00e9 o momento, 15 voos foram direcionados\u00a0para o Aeroporto Internacional do Gale\u00e3o e 53 foram cancelados. O incidente ocorreu quando a aeronave estava pousando por volta das\u00a016h10\u00a0desta quinta-feira [&hellip;]<\/p>\n","protected":false},"author":1,"featured_media":54196,"comment_status":"closed","ping_status":"open","sticky":false,"template":"","format":"standard","meta":{"_jetpack_newsletter_access":"","_jetpack_dont_email_post_to_subs":false,"_jetpack_newsletter_tier_id":0,"_jetpack_memberships_contains_paywalled_content":false,"_mbp_banners":[],"_jetpack_feature_clip_id":0,"_jetpack_memberships_contains_paid_content":false,"footnotes":"","jetpack_publicize_message":"","jetpack_publicize_feature_enabled":true,"jetpack_social_post_already_shared":true,"jetpack_social_options":{"image_generator_settings":{"template":"highway","default_image_id":0,"font":"","enabled":false},"version":2},"jetpack_post_was_ever_published":false},"categories":[22],"tags":[],"class_list":["post-75548","post","type-post","status-publish","format-standard","has-post-thumbnail","category-nacional"],"jetpack_publicize_connections":[],"jetpack-related-posts":[],"jetpack_shortlink":"https:\/\/wp.me\/p7Eq1F-jEw","jetpack_sharing_enabled":true,"jetpack_featured_media_url":"https:\/\/i0.wp.com\/guialimeira.com.br\/news\/wp-content\/uploads\/2026\/02\/f4dd59b7-fa9b-417d-807a-061c54ad2b60_jv.jpeg?fit=1600%2C800&ssl=1","_links":{"self":[{"href":"https:\/\/guialimeira.com.br\/news\/wp-json\/wp\/v2\/posts\/75548","targetHints":{"allow":["GET"]}}],"collection":[{"href":"https:\/\/guialimeira.com.br\/news\/wp-json\/wp\/v2\/posts"}],"about":[{"href":"https:\/\/guialimeira.com.br\/news\/wp-json\/wp\/v2\/types\/post"}],"author":[{"embeddable":true,"href":"https:\/\/guialimeira.com.br\/news\/wp-json\/wp\/v2\/users\/1"}],"replies":[{"embeddable":true,"href":"https:\/\/guialimeira.com.br\/news\/wp-json\/wp\/v2\/comments?post=75548"}],"version-history":[{"count":1,"href":"https:\/\/guialimeira.com.br\/news\/wp-json\/wp\/v2\/posts\/75548\/revisions"}],"predecessor-version":[{"id":75549,"href":"https:\/\/guialimeira.com.br\/news\/wp-json\/wp\/v2\/posts\/75548\/revisions\/75549"}],"wp:featuredmedia":[{"embeddable":true,"href":"https:\/\/guialimeira.com.br\/news\/wp-json\/wp\/v2\/media\/54196"}],"wp:attachment":[{"href":"https:\/\/guialimeira.com.br\/news\/wp-json\/wp\/v2\/media?parent=75548"}],"wp:term":[{"taxonomy":"category","embeddable":true,"href":"https:\/\/guialimeira.com.br\/news\/wp-json\/wp\/v2\/categories?post=75548"},{"taxonomy":"post_tag","embeddable":true,"href":"https:\/\/guialimeira.com.br\/news\/wp-json\/wp\/v2\/tags?post=75548"}],"curies":[{"name":"wp","href":"https:\/\/api.w.org\/{rel}","templated":true}]}}