{"id":75531,"date":"2026-08-27T15:15:54","date_gmt":"2026-08-27T18:15:54","guid":{"rendered":"https:\/\/guialimeira.com.br\/apae-limeira-promove-palestra-sobre-o-maio-laranja-2\/"},"modified":"2026-08-27T15:15:54","modified_gmt":"2026-08-27T18:15:54","slug":"apae-limeira-promove-palestra-sobre-o-maio-laranja-2","status":"publish","type":"post","link":"https:\/\/guialimeira.com.br\/news\/apae-limeira-promove-palestra-sobre-o-maio-laranja-2\/","title":{"rendered":"APAE Limeira promove palestra sobre o Maio Laranja"},"content":{"rendered":"<p> <br \/>\n<\/p>\n<div data-id=\"626ab9d\" data-element_type=\"widget\" data-e-type=\"widget\" data-widget_type=\"theme-post-content.default\">\n<figure class=\"wp-block-image size-large\"><img data-recalc-dims=\"1\" data-lazyloaded=\"1\" fetchpriority=\"high\" decoding=\"async\" width=\"696\" height=\"522\" src=\"https:\/\/i0.wp.com\/dinamuscomunicacao.com.br\/wp-content\/uploads\/2025\/05\/WhatsApp-Image-2025-05-15-at-16.03.50-1024x768.jpeg?resize=696%2C522&#038;ssl=1\" alt=\"\" class=\"wp-image-4430\" srcset=\"https:\/\/dinamuscomunicacao.com.br\/wp-content\/uploads\/2025\/05\/WhatsApp-Image-2025-05-15-at-16.03.50-1024x768.jpeg 1024w, https:\/\/dinamuscomunicacao.com.br\/wp-content\/uploads\/2025\/05\/WhatsApp-Image-2025-05-15-at-16.03.50-300x225.jpeg 300w, https:\/\/dinamuscomunicacao.com.br\/wp-content\/uploads\/2025\/05\/WhatsApp-Image-2025-05-15-at-16.03.50-768x576.jpeg 768w, https:\/\/dinamuscomunicacao.com.br\/wp-content\/uploads\/2025\/05\/WhatsApp-Image-2025-05-15-at-16.03.50-285x214.jpeg 285w, https:\/\/dinamuscomunicacao.com.br\/wp-content\/uploads\/2025\/05\/WhatsApp-Image-2025-05-15-at-16.03.50.jpeg 1280w\" data-sizes=\"(max-width: 1024px) 100vw, 1024px\"\/><\/figure>\n<p class=\"wp-block-paragraph\">Na pr\u00f3xima segunda-feira, 19 de maio, \u00e0s 9h, a APAE Limeira promover\u00e1 uma palestra, com o pedagogo e fil\u00f3sofo Carlos Roberto dos Santos, de conscientiza\u00e7\u00e3o da campanha Maio Laranja. A data visa alertar a popula\u00e7\u00e3o contra o abuso e \u00e0 explora\u00e7\u00e3o sexual infantil no pa\u00eds.<\/p>\n<p class=\"wp-block-paragraph\">O evento \u00e9 organizado pelos usu\u00e1rios do CPC (Centro Profissionalizante e Conviv\u00eancia), com a participa\u00e7\u00e3o dos usu\u00e1rios do projeto Conex\u00e3o Teen. A palestra ser\u00e1 no anfiteatro da Associa\u00e7\u00e3o Paulista de Medicina e \u00e9 destinada para usu\u00e1rios da APAE e seus familiares.<\/p>\n<p class=\"wp-block-paragraph\">O tema da palestra \u00e9 delicado, mas extremamente necess\u00e1rio. Dados do Minist\u00e9rio dos Direitos Humanos e da Cidadania revelam que a cada hora tr\u00eas crian\u00e7as s\u00e3o abusadas no Brasil e cerca de 51% tem entre 1 e 5 anos de idade. Todos os anos 500 mil crian\u00e7as e adolescentes s\u00e3o explorados sexualmente no pa\u00eds e h\u00e1 dados que sugerem que somente 7,5% das ocorr\u00eancias s\u00e3o denunciadas \u00e0s autoridades, ou seja, estes n\u00fameros certamente s\u00e3o muito maiores.<\/p>\n<p class=\"wp-block-paragraph\">A preven\u00e7\u00e3o e o di\u00e1logo s\u00e3o ferramentas fundamentais para combater a viol\u00eancia sexual contra crian\u00e7as e adolescentes. Nessa semana, os usu\u00e1rios da APAE caminharam pelo bairro entregando panfletos de conscientiza\u00e7\u00e3o \u00e0 popula\u00e7\u00e3o.<\/p>\n<p class=\"wp-block-paragraph\">Para denunciar casos de abusos, a recomenda\u00e7\u00e3o \u00e9 ligar para o \u201cDisque 100\u201d. O canal funciona 24 horas.<\/p>\n<p class=\"wp-block-paragraph\"><strong>MAIO LARANJA<\/strong><\/p>\n<p class=\"wp-block-paragraph\">A Campanha Maio Laranja foi criada com o objetivo de alertar a sociedade e promover a\u00e7\u00f5es de preven\u00e7\u00e3o e combate \u00e0 viol\u00eancia sexual contra crian\u00e7as e adolescentes. A data de 18 de maio, Dia Nacional de Combate ao Abuso e \u00e0 Explora\u00e7\u00e3o Sexual Infanto-Juvenil, j\u00e1 existia desde 2000, e foi escolhida em mem\u00f3ria da menina Araceli Cabrera S\u00e1nchez Crespo. Aos 8 anos, ela foi raptada, abusada sexualmente e morta com requintes de crueldade, em Vit\u00f3ria (ES), em 1973. Os abusadores, pertencentes a uma fam\u00edlia influente no estado, n\u00e3o foram presos ou punidos pelo crime.<\/p>\n<figure class=\"wp-block-image size-large\"><img data-recalc-dims=\"1\" loading=\"lazy\" data-lazyloaded=\"1\" decoding=\"async\" width=\"696\" height=\"522\" src=\"https:\/\/i0.wp.com\/dinamuscomunicacao.com.br\/wp-content\/uploads\/2025\/05\/WhatsApp-Image-2025-05-15-at-16.03.49-1024x768.jpeg?resize=696%2C522&#038;ssl=1\" alt=\"\" class=\"wp-image-4431\" srcset=\"https:\/\/dinamuscomunicacao.com.br\/wp-content\/uploads\/2025\/05\/WhatsApp-Image-2025-05-15-at-16.03.49-1024x768.jpeg 1024w, https:\/\/dinamuscomunicacao.com.br\/wp-content\/uploads\/2025\/05\/WhatsApp-Image-2025-05-15-at-16.03.49-300x225.jpeg 300w, https:\/\/dinamuscomunicacao.com.br\/wp-content\/uploads\/2025\/05\/WhatsApp-Image-2025-05-15-at-16.03.49-768x576.jpeg 768w, https:\/\/dinamuscomunicacao.com.br\/wp-content\/uploads\/2025\/05\/WhatsApp-Image-2025-05-15-at-16.03.49-285x214.jpeg 285w, https:\/\/dinamuscomunicacao.com.br\/wp-content\/uploads\/2025\/05\/WhatsApp-Image-2025-05-15-at-16.03.49.jpeg 1280w\" data-sizes=\"(max-width: 1024px) 100vw, 1024px\"\/><\/figure>\n<\/div>\n<p><br \/>\n<br \/><a href=\"https:\/\/dinamuscomunicacao.com.br\/apae-limeira-promove-palestra-de-conscientizacao-sobre-o-maio-laranja\/#comment-166\" rel=\"noopener\"> Informa\u00e7\u00f5es: D\u00ednamus Comunica\u00e7\u00e3o <\/a><\/p>\n","protected":false},"excerpt":{"rendered":"<p>Na pr\u00f3xima segunda-feira, 19 de maio, \u00e0s 9h, a APAE Limeira promover\u00e1 uma palestra, com o pedagogo e fil\u00f3sofo Carlos Roberto dos Santos, de conscientiza\u00e7\u00e3o da campanha Maio Laranja. A data visa alertar a popula\u00e7\u00e3o contra o abuso e \u00e0 explora\u00e7\u00e3o sexual infantil no pa\u00eds. O evento \u00e9 organizado pelos usu\u00e1rios do CPC (Centro Profissionalizante [&hellip;]<\/p>\n","protected":false},"author":1,"featured_media":33268,"comment_status":"","ping_status":"open","sticky":false,"template":"","format":"standard","meta":{"_jetpack_newsletter_access":"","_jetpack_dont_email_post_to_subs":false,"_jetpack_newsletter_tier_id":0,"_jetpack_memberships_contains_paywalled_content":false,"_mbp_banners":[],"_jetpack_feature_clip_id":0,"_jetpack_memberships_contains_paid_content":false,"footnotes":"","jetpack_publicize_message":"","jetpack_publicize_feature_enabled":true,"jetpack_social_post_already_shared":true,"jetpack_social_options":{"image_generator_settings":{"template":"highway","default_image_id":0,"font":"","enabled":false},"version":2},"jetpack_post_was_ever_published":false},"categories":[16],"tags":[],"class_list":["post-75531","post","type-post","status-publish","format-standard","has-post-thumbnail","category-local"],"jetpack_publicize_connections":[],"jetpack-related-posts":[],"jetpack_shortlink":"https:\/\/wp.me\/p7Eq1F-jEf","jetpack_sharing_enabled":true,"jetpack_featured_media_url":"https:\/\/i0.wp.com\/guialimeira.com.br\/news\/wp-content\/uploads\/2025\/05\/WhatsApp-Image-2025-05-15-at-16.03.50.jpeg?fit=1280%2C960&ssl=1","_links":{"self":[{"href":"https:\/\/guialimeira.com.br\/news\/wp-json\/wp\/v2\/posts\/75531","targetHints":{"allow":["GET"]}}],"collection":[{"href":"https:\/\/guialimeira.com.br\/news\/wp-json\/wp\/v2\/posts"}],"about":[{"href":"https:\/\/guialimeira.com.br\/news\/wp-json\/wp\/v2\/types\/post"}],"author":[{"embeddable":true,"href":"https:\/\/guialimeira.com.br\/news\/wp-json\/wp\/v2\/users\/1"}],"replies":[{"embeddable":true,"href":"https:\/\/guialimeira.com.br\/news\/wp-json\/wp\/v2\/comments?post=75531"}],"version-history":[{"count":0,"href":"https:\/\/guialimeira.com.br\/news\/wp-json\/wp\/v2\/posts\/75531\/revisions"}],"wp:featuredmedia":[{"embeddable":true,"href":"https:\/\/guialimeira.com.br\/news\/wp-json\/wp\/v2\/media\/33268"}],"wp:attachment":[{"href":"https:\/\/guialimeira.com.br\/news\/wp-json\/wp\/v2\/media?parent=75531"}],"wp:term":[{"taxonomy":"category","embeddable":true,"href":"https:\/\/guialimeira.com.br\/news\/wp-json\/wp\/v2\/categories?post=75531"},{"taxonomy":"post_tag","embeddable":true,"href":"https:\/\/guialimeira.com.br\/news\/wp-json\/wp\/v2\/tags?post=75531"}],"curies":[{"name":"wp","href":"https:\/\/api.w.org\/{rel}","templated":true}]}}