{"id":75522,"date":"2026-08-27T14:10:36","date_gmt":"2026-08-27T17:10:36","guid":{"rendered":"https:\/\/guialimeira.com.br\/?p=75522"},"modified":"2026-08-27T14:10:36","modified_gmt":"2026-08-27T17:10:36","slug":"sao-paulo-chega-a-26-casos-de-sarampo-em-2026","status":"publish","type":"post","link":"https:\/\/guialimeira.com.br\/news\/sao-paulo-chega-a-26-casos-de-sarampo-em-2026\/","title":{"rendered":"S\u00e3o Paulo chega a 26 casos de sarampo em 2026"},"content":{"rendered":"<p> <br \/>\n<\/p>\n<div>\n<p>A Secretaria de Estado da Sa\u00fade de S\u00e3o Paulo\u00a0confirmou, na manh\u00e3 desta quinta-feira (27), que subiu para 26 o n\u00famero de casos de sarampo em 2026. Foram registradas tr\u00eas novas infec\u00e7\u00f5es na capital paulista, e as pessoas afetadas n\u00e3o t\u00eam hist\u00f3rico de vacina\u00e7\u00e3o.<img data-recalc-dims=\"1\" decoding=\"async\" src=\"https:\/\/i0.wp.com\/agenciabrasil.ebc.com.br\/ebc.png?w=696&#038;ssl=1\" style=\"width:1px;height:1px;display:inline\" \/><img data-recalc-dims=\"1\" decoding=\"async\" src=\"https:\/\/i0.wp.com\/agenciabrasil.ebc.com.br\/ebc.gif?w=696&#038;ssl=1\" style=\"width:1px;height:1px;display:inline\" \/><\/p>\n<p><strong>Segundo a pasta, os pacientes s\u00e3o um menino e uma menina com menos de um ano de idade, al\u00e9m de uma mulher de 30 anos.<\/strong><\/p>\n<p>Entre todos os casos de sarampo no estado paulista, 23 foram registrados na capital, dois\u00a0em S\u00e3o Bernardo do Campo e um em Guarulhos, ambas na regi\u00e3o metropolitana da capital.<\/p>\n<p><strong>Dezenove pessoas infectadas n\u00e3o haviam se vacinado ou tinham esquema vacinal incompleto.<\/strong><\/p>\n<h2>Campanha\u00a0<\/h2>\n<p><strong>O governo estadual promove at\u00e9 o dia 1\u00ba de setembro uma campanha de vacina\u00e7\u00e3o da popula\u00e7\u00e3o contra o sarampo.<\/strong> A capital paulista, Guarulhos e S\u00e3o Bernardo do Campo s\u00e3o atendidas com a aplica\u00e7\u00e3o do imunizante em pessoas de 6 meses a 59 anos, independentemente do hist\u00f3rico vacinal.<\/p>\n<p>As vacinas s\u00e3o ministradas gratuitamente nas unidades b\u00e1sicas de Sa\u00fade (UBSs).<\/p>\n<p>      <!-- Relacionada --><\/p>\n<p>            <!-- Relacionada -->\n    <\/div>\n<p><br \/>\n<br \/><a href=\"https:\/\/agenciabrasil.ebc.com.br\/saude\/noticia\/2026-08\/sao-paulo-chega-26-casos-de-sarampo-em-2026\" rel=\"noopener\">Informa\u00e7\u00f5es com a Ag\u00eancia Brasil<\/a><\/p>\n","protected":false},"excerpt":{"rendered":"<p>A Secretaria de Estado da Sa\u00fade de S\u00e3o Paulo\u00a0confirmou, na manh\u00e3 desta quinta-feira (27), que subiu para 26 o n\u00famero de casos de sarampo em 2026. Foram registradas tr\u00eas novas infec\u00e7\u00f5es na capital paulista, e as pessoas afetadas n\u00e3o t\u00eam hist\u00f3rico de vacina\u00e7\u00e3o. Segundo a pasta, os pacientes s\u00e3o um menino e uma menina com [&hellip;]<\/p>\n","protected":false},"author":1,"featured_media":75523,"comment_status":"closed","ping_status":"open","sticky":false,"template":"","format":"standard","meta":{"_jetpack_newsletter_access":"","_jetpack_dont_email_post_to_subs":false,"_jetpack_newsletter_tier_id":0,"_jetpack_memberships_contains_paywalled_content":false,"_mbp_banners":[],"_jetpack_feature_clip_id":0,"_jetpack_memberships_contains_paid_content":false,"footnotes":"","jetpack_publicize_message":"","jetpack_publicize_feature_enabled":true,"jetpack_social_post_already_shared":true,"jetpack_social_options":{"image_generator_settings":{"template":"highway","default_image_id":0,"font":"","enabled":false},"version":2},"jetpack_post_was_ever_published":false},"categories":[22],"tags":[],"class_list":["post-75522","post","type-post","status-publish","format-standard","has-post-thumbnail","category-nacional"],"jetpack_publicize_connections":[],"jetpack-related-posts":[],"jetpack_shortlink":"https:\/\/wp.me\/p7Eq1F-jE6","jetpack_sharing_enabled":true,"jetpack_featured_media_url":"https:\/\/i0.wp.com\/guialimeira.com.br\/news\/wp-content\/uploads\/2026\/08\/int1250.jpg?fit=1600%2C800&ssl=1","_links":{"self":[{"href":"https:\/\/guialimeira.com.br\/news\/wp-json\/wp\/v2\/posts\/75522","targetHints":{"allow":["GET"]}}],"collection":[{"href":"https:\/\/guialimeira.com.br\/news\/wp-json\/wp\/v2\/posts"}],"about":[{"href":"https:\/\/guialimeira.com.br\/news\/wp-json\/wp\/v2\/types\/post"}],"author":[{"embeddable":true,"href":"https:\/\/guialimeira.com.br\/news\/wp-json\/wp\/v2\/users\/1"}],"replies":[{"embeddable":true,"href":"https:\/\/guialimeira.com.br\/news\/wp-json\/wp\/v2\/comments?post=75522"}],"version-history":[{"count":1,"href":"https:\/\/guialimeira.com.br\/news\/wp-json\/wp\/v2\/posts\/75522\/revisions"}],"predecessor-version":[{"id":75524,"href":"https:\/\/guialimeira.com.br\/news\/wp-json\/wp\/v2\/posts\/75522\/revisions\/75524"}],"wp:featuredmedia":[{"embeddable":true,"href":"https:\/\/guialimeira.com.br\/news\/wp-json\/wp\/v2\/media\/75523"}],"wp:attachment":[{"href":"https:\/\/guialimeira.com.br\/news\/wp-json\/wp\/v2\/media?parent=75522"}],"wp:term":[{"taxonomy":"category","embeddable":true,"href":"https:\/\/guialimeira.com.br\/news\/wp-json\/wp\/v2\/categories?post=75522"},{"taxonomy":"post_tag","embeddable":true,"href":"https:\/\/guialimeira.com.br\/news\/wp-json\/wp\/v2\/tags?post=75522"}],"curies":[{"name":"wp","href":"https:\/\/api.w.org\/{rel}","templated":true}]}}