{"id":75500,"date":"2026-08-27T10:05:15","date_gmt":"2026-08-27T13:05:15","guid":{"rendered":"https:\/\/guialimeira.com.br\/?p=75500"},"modified":"2026-08-27T10:05:15","modified_gmt":"2026-08-27T13:05:15","slug":"veja-a-agenda-dos-presidenciaveis-nesta-quinta-feira","status":"publish","type":"post","link":"https:\/\/guialimeira.com.br\/news\/veja-a-agenda-dos-presidenciaveis-nesta-quinta-feira\/","title":{"rendered":"Veja a agenda dos presidenci\u00e1veis nesta quinta-feira"},"content":{"rendered":"<p> <br \/>\n<\/p>\n<div>\n<p>A agenda dos candidatos \u00e0 Presid\u00eancia da Rep\u00fablica nesta quinta-feira (27) inclui sabatinas e entrevistas \u00e0 imprensa, al\u00e9m de visitas a hospitais, abrigos, feiras e locais de trabalho. Tamb\u00e9m est\u00e3o previstas atividades relacionadas a obras p\u00fablicas e outras a\u00e7\u00f5es de campanha.<img data-recalc-dims=\"1\" decoding=\"async\" src=\"https:\/\/i0.wp.com\/agenciabrasil.ebc.com.br\/ebc.png?w=696&#038;ssl=1\" style=\"width:1px;height:1px;display:inline\" \/><img data-recalc-dims=\"1\" decoding=\"async\" src=\"https:\/\/i0.wp.com\/agenciabrasil.ebc.com.br\/ebc.gif?w=696&#038;ssl=1\" style=\"width:1px;height:1px;display:inline\" \/><\/p>\n<p>Os concorrentes ao Pal\u00e1cio do Planalto participam ainda de caminhadas, bandeira\u00e7o e plen\u00e1rias com apoiadores e filiados.\u00a0<\/p>\n<p><strong>Luiz In\u00e1cio Lula da Silva (PT)\u00a0<\/strong><br \/>Participa de Sabatina na TV Globo.\u00a0<\/p>\n<p><strong>Renan Santos (Miss\u00e3o)<\/strong><br \/>Participa de sabatina dos ve\u00edculos O Globo, Valor Econ\u00f4mico e CBN, no Rio de Janeiro.\u00a0<\/p>\n<p><strong>Romeu Zema (Novo)<\/strong><br \/>Em S\u00e3o Francisco-MG, ir\u00e1 acompanhar as obras da ponte que liga o munic\u00edpio a Pint\u00f3polis, iniciadas durante sua gest\u00e3o como governador de Minas Gerais.\u00a0\u00a0<\/p>\n<p><strong>Ronaldo Caiado (PSD)<\/strong><br \/>Concede entrevista ao vivo para a r\u00e1dio TMC, em S\u00e3o Paulo (SP) e visita o hospital Santa Marcelina. \u00c0 noite, participa do lan\u00e7amento da candidatura de Otoni de Paula(PSD) a deputado federal, no Rio de Janeiro (RJ).\u00a0<\/p>\n<p><strong>Rui Costa Pimenta (PCO)\u00a0 <\/strong><br \/>Participa do programa An\u00e1lise Internacional, no canal no YouTube do <em>Di\u00e1rio Causa Oper\u00e1ria.<\/em><\/p>\n<p><strong>Samara Martins (UP)<\/strong><br \/>Em Recife (PE), participa de bandeira\u00e7o na Avenida Guararapes, de caminhada na Avenida Conde da Boa Vista e de plen\u00e1ria com filiados e apoiadores.\u00a0\u00a0<\/p>\n<p><strong>Wilson Grassi (Democrata)<\/strong><br \/>Visita o Gatil Lovecats e participa da campanha de castra\u00e7\u00e3o de pets no Centro de Conven\u00e7\u00f5es de Ferraz de Vasconcelos.<\/p>\n<p><strong>Clariana Bar\u00e3o (DC)\u00a0<\/strong><br \/>Em Cuiab\u00e1 (MT), faz visitas \u00e0 Feira do Porto, ao abrigo Bom Jesus e ao \u200bHospital do C\u00e2ncer.<\/p>\n<p><strong>Edmilson Costa (PCB)<\/strong><br \/>Concede entrevista na TV Globo. \u00c0 noite, visita a Ocupa\u00e7\u00e3o Escola Popular Para Reforma Urbana Miguel Baldez em Niter\u00f3i e faz caminhada pela cantareira em Niter\u00f3i<\/p>\n<p><strong>Hertz Dias (PSTU)<\/strong><br \/>Em S\u00e3o Jos\u00e9 dos Campos (SP), visita os oper\u00e1rios da Modirum Gespi e da da Akaer e o acampamento dos trabalhadores da Parker Hannifin.\u00a0<\/p>\n<p>Os candidatos\u00a0<strong>Augusto Cury (Avante) <\/strong>e<strong> Fl\u00e1vio Bolsonaro (PL) <\/strong>n\u00e3o t\u00eam agenda p\u00fablica de campanha nesta quinta-feira.<\/p>\n<p>A ordem de apresenta\u00e7\u00e3o da cobertura da agenda dos candidatos a presidente segue rod\u00edzio di\u00e1rio em ordem alfab\u00e9tica.<\/p>\n<p>      <!-- Relacionada --><\/p>\n<p>            <!-- Relacionada -->\n    <\/div>\n<p><br \/>\n<br \/><a href=\"https:\/\/agenciabrasil.ebc.com.br\/politica\/noticia\/2026-08\/veja-agenda-dos-presidenciaveis-nesta-quinta-feira-27\" rel=\"noopener\">Informa\u00e7\u00f5es com a Ag\u00eancia Brasil<\/a><\/p>\n","protected":false},"excerpt":{"rendered":"<p>A agenda dos candidatos \u00e0 Presid\u00eancia da Rep\u00fablica nesta quinta-feira (27) inclui sabatinas e entrevistas \u00e0 imprensa, al\u00e9m de visitas a hospitais, abrigos, feiras e locais de trabalho. Tamb\u00e9m est\u00e3o previstas atividades relacionadas a obras p\u00fablicas e outras a\u00e7\u00f5es de campanha. Os concorrentes ao Pal\u00e1cio do Planalto participam ainda de caminhadas, bandeira\u00e7o e plen\u00e1rias com [&hellip;]<\/p>\n","protected":false},"author":1,"featured_media":74965,"comment_status":"closed","ping_status":"open","sticky":false,"template":"","format":"standard","meta":{"_jetpack_newsletter_access":"","_jetpack_dont_email_post_to_subs":false,"_jetpack_newsletter_tier_id":0,"_jetpack_memberships_contains_paywalled_content":false,"_mbp_banners":[],"_jetpack_feature_clip_id":0,"_jetpack_memberships_contains_paid_content":false,"footnotes":"","jetpack_publicize_message":"","jetpack_publicize_feature_enabled":true,"jetpack_social_post_already_shared":true,"jetpack_social_options":{"image_generator_settings":{"template":"highway","default_image_id":0,"font":"","enabled":false},"version":2},"jetpack_post_was_ever_published":false},"categories":[22],"tags":[],"class_list":["post-75500","post","type-post","status-publish","format-standard","has-post-thumbnail","category-nacional"],"jetpack_publicize_connections":[],"jetpack-related-posts":[],"jetpack_shortlink":"https:\/\/wp.me\/p7Eq1F-jDK","jetpack_sharing_enabled":true,"jetpack_featured_media_url":"https:\/\/i0.wp.com\/guialimeira.com.br\/news\/wp-content\/uploads\/2026\/08\/banner_agenda_-_1170x700.png?fit=1600%2C800&ssl=1","_links":{"self":[{"href":"https:\/\/guialimeira.com.br\/news\/wp-json\/wp\/v2\/posts\/75500","targetHints":{"allow":["GET"]}}],"collection":[{"href":"https:\/\/guialimeira.com.br\/news\/wp-json\/wp\/v2\/posts"}],"about":[{"href":"https:\/\/guialimeira.com.br\/news\/wp-json\/wp\/v2\/types\/post"}],"author":[{"embeddable":true,"href":"https:\/\/guialimeira.com.br\/news\/wp-json\/wp\/v2\/users\/1"}],"replies":[{"embeddable":true,"href":"https:\/\/guialimeira.com.br\/news\/wp-json\/wp\/v2\/comments?post=75500"}],"version-history":[{"count":1,"href":"https:\/\/guialimeira.com.br\/news\/wp-json\/wp\/v2\/posts\/75500\/revisions"}],"predecessor-version":[{"id":75501,"href":"https:\/\/guialimeira.com.br\/news\/wp-json\/wp\/v2\/posts\/75500\/revisions\/75501"}],"wp:featuredmedia":[{"embeddable":true,"href":"https:\/\/guialimeira.com.br\/news\/wp-json\/wp\/v2\/media\/74965"}],"wp:attachment":[{"href":"https:\/\/guialimeira.com.br\/news\/wp-json\/wp\/v2\/media?parent=75500"}],"wp:term":[{"taxonomy":"category","embeddable":true,"href":"https:\/\/guialimeira.com.br\/news\/wp-json\/wp\/v2\/categories?post=75500"},{"taxonomy":"post_tag","embeddable":true,"href":"https:\/\/guialimeira.com.br\/news\/wp-json\/wp\/v2\/tags?post=75500"}],"curies":[{"name":"wp","href":"https:\/\/api.w.org\/{rel}","templated":true}]}}