{"id":75492,"date":"2026-08-27T04:58:04","date_gmt":"2026-08-27T07:58:04","guid":{"rendered":"https:\/\/guialimeira.com.br\/?p=75492"},"modified":"2026-08-27T04:58:04","modified_gmt":"2026-08-27T07:58:04","slug":"governo-brasileiro-lamenta-mortes-em-avalanche-no-nepal-e-na-china","status":"publish","type":"post","link":"https:\/\/guialimeira.com.br\/news\/governo-brasileiro-lamenta-mortes-em-avalanche-no-nepal-e-na-china\/","title":{"rendered":"Governo brasileiro lamenta mortes em avalanche no Nepal e na China"},"content":{"rendered":"<p> <br \/>\n<\/p>\n<div>\n<p>O governo brasileiro lamentou nesta quarta-feira (26) as mortes causadas por <a href=\"https:\/\/agenciabrasil.ebc.com.br\/internacional\/noticia\/2026-08\/mortos-pela-enchente-no-nepal-e-no-tibete-sobem-para-157-diz-policia\" target=\"_blank\" rel=\"noopener\">deslizamentos de terra e inunda\u00e7\u00f5es no Nepal e na regi\u00e3o Administrativa Aut\u00f4noma do Tibete, na China<\/a>.<img data-recalc-dims=\"1\" decoding=\"async\" src=\"https:\/\/i0.wp.com\/agenciabrasil.ebc.com.br\/ebc.png?w=696&#038;ssl=1\" style=\"width:1px;height:1px;display:inline\" \/><img data-recalc-dims=\"1\" decoding=\"async\" src=\"https:\/\/i0.wp.com\/agenciabrasil.ebc.com.br\/ebc.gif?w=696&#038;ssl=1\" style=\"width:1px;height:1px;display:inline\" \/><\/p>\n<p><strong>A trag\u00e9dia resultou\u00a0em ao menos\u00a0157 pessoas mortas e centenas de desaparecidas<\/strong>. Em nota, o Minist\u00e9rio das Rela\u00e7\u00f5es Exteriores (MRE) informou\u00a0que, at\u00e9 o momento, n\u00e3o h\u00e1 registro de brasileiros entre as v\u00edtimas.<\/p>\n<p>\u201cO governo brasileiro expressa profundo pesar e solidariedade \u00e0s fam\u00edlias das v\u00edtimas, ao povo e ao governo do Nepal e da China\u201d, disse Itamaraty, em nota.<\/p>\n<p>O MRE informou ainda que a Embaixada do Brasil em Katmandu, capital do Nepal,\u00a0e a Embaixada do Brasil em Pequim, capital da China, acompanham com aten\u00e7\u00e3o os desdobramentos da calamidade no pa\u00eds.<\/p>\n<p>\u201cO plant\u00e3o consular da Embaixada do Brasil em Katmandu (telefone +977 9801032381) poder\u00e1 prestar assist\u00eancia consular a cidad\u00e3os brasileiros em situa\u00e7\u00e3o de emerg\u00eancia no Nepal\u201d, diz a nota.<\/p>\n<p>J\u00e1 os brasileiros que estiverem na Regi\u00e3o Administrativa Aut\u00f4noma do Tibete, na China, podem entrar em contato com o plant\u00e3o consular da Embaixada do Brasil em Pequim (telefone +86 138 0121 0722).<\/p>\n<p>C\u00e2meras de seguran\u00e7a registraram o momento em que pessoas fugiam enquanto uma avalanche de lama e \u00e1gua arrastava pr\u00e9dios e pontes em um vale, no distrito de Rasuwa. O local fica no Himalaia,\u00a0na fronteira entre o Nepal e o condado de Gyirong, na regi\u00e3o chinesa do Tibete. O porto de Gyirong tamb\u00e9m foi destru\u00eddo pelo desastre.<\/p>\n<p>A avalanche que atingiu o Tibete e o Nepal\u00a0teria rela\u00e7\u00e3o com o ac\u00famulo de grandes volumes de gelo e rocha, em raz\u00e3o de chuvas que atingiram a regi\u00e3o.<\/p>\n<p>      <!-- Relacionada --><\/p>\n<p>            <!-- Relacionada -->\n    <\/div>\n<p><br \/>\n<br \/><a href=\"https:\/\/agenciabrasil.ebc.com.br\/internacional\/noticia\/2026-08\/governo-brasileiro-lamenta-mortes-em-avalanche-no-nepal-e-na-china\" rel=\"noopener\">Informa\u00e7\u00f5es com a Ag\u00eancia Brasil<\/a><\/p>\n","protected":false},"excerpt":{"rendered":"<p>O governo brasileiro lamentou nesta quarta-feira (26) as mortes causadas por deslizamentos de terra e inunda\u00e7\u00f5es no Nepal e na regi\u00e3o Administrativa Aut\u00f4noma do Tibete, na China. A trag\u00e9dia resultou\u00a0em ao menos\u00a0157 pessoas mortas e centenas de desaparecidas. Em nota, o Minist\u00e9rio das Rela\u00e7\u00f5es Exteriores (MRE) informou\u00a0que, at\u00e9 o momento, n\u00e3o h\u00e1 registro de brasileiros [&hellip;]<\/p>\n","protected":false},"author":1,"featured_media":75493,"comment_status":"closed","ping_status":"open","sticky":false,"template":"","format":"standard","meta":{"_jetpack_newsletter_access":"","_jetpack_dont_email_post_to_subs":false,"_jetpack_newsletter_tier_id":0,"_jetpack_memberships_contains_paywalled_content":false,"_mbp_banners":[],"_jetpack_feature_clip_id":0,"_jetpack_memberships_contains_paid_content":false,"footnotes":"","jetpack_publicize_message":"","jetpack_publicize_feature_enabled":true,"jetpack_social_post_already_shared":true,"jetpack_social_options":{"image_generator_settings":{"template":"highway","default_image_id":0,"font":"","enabled":false},"version":2},"jetpack_post_was_ever_published":false},"categories":[22],"tags":[],"class_list":["post-75492","post","type-post","status-publish","format-standard","has-post-thumbnail","category-nacional"],"jetpack_publicize_connections":[],"jetpack-related-posts":[],"jetpack_shortlink":"https:\/\/wp.me\/p7Eq1F-jDC","jetpack_sharing_enabled":true,"jetpack_featured_media_url":"https:\/\/i0.wp.com\/guialimeira.com.br\/news\/wp-content\/uploads\/2026\/08\/2026-08-26t121306z_2040069821_rc296naheheg_rtrmadp_3_nepal-floods.jpg?fit=1600%2C800&ssl=1","_links":{"self":[{"href":"https:\/\/guialimeira.com.br\/news\/wp-json\/wp\/v2\/posts\/75492","targetHints":{"allow":["GET"]}}],"collection":[{"href":"https:\/\/guialimeira.com.br\/news\/wp-json\/wp\/v2\/posts"}],"about":[{"href":"https:\/\/guialimeira.com.br\/news\/wp-json\/wp\/v2\/types\/post"}],"author":[{"embeddable":true,"href":"https:\/\/guialimeira.com.br\/news\/wp-json\/wp\/v2\/users\/1"}],"replies":[{"embeddable":true,"href":"https:\/\/guialimeira.com.br\/news\/wp-json\/wp\/v2\/comments?post=75492"}],"version-history":[{"count":1,"href":"https:\/\/guialimeira.com.br\/news\/wp-json\/wp\/v2\/posts\/75492\/revisions"}],"predecessor-version":[{"id":75494,"href":"https:\/\/guialimeira.com.br\/news\/wp-json\/wp\/v2\/posts\/75492\/revisions\/75494"}],"wp:featuredmedia":[{"embeddable":true,"href":"https:\/\/guialimeira.com.br\/news\/wp-json\/wp\/v2\/media\/75493"}],"wp:attachment":[{"href":"https:\/\/guialimeira.com.br\/news\/wp-json\/wp\/v2\/media?parent=75492"}],"wp:term":[{"taxonomy":"category","embeddable":true,"href":"https:\/\/guialimeira.com.br\/news\/wp-json\/wp\/v2\/categories?post=75492"},{"taxonomy":"post_tag","embeddable":true,"href":"https:\/\/guialimeira.com.br\/news\/wp-json\/wp\/v2\/tags?post=75492"}],"curies":[{"name":"wp","href":"https:\/\/api.w.org\/{rel}","templated":true}]}}