{"id":75479,"date":"2026-08-27T00:53:35","date_gmt":"2026-08-27T03:53:35","guid":{"rendered":"https:\/\/guialimeira.com.br\/?p=75479"},"modified":"2026-08-27T00:53:35","modified_gmt":"2026-08-27T03:53:35","slug":"eleicoes-2026-mulheres-negras-divulgam-manifesto-para-candidatos","status":"publish","type":"post","link":"https:\/\/guialimeira.com.br\/news\/eleicoes-2026-mulheres-negras-divulgam-manifesto-para-candidatos\/","title":{"rendered":"Elei\u00e7\u00f5es 2026: mulheres negras divulgam manifesto para candidatos"},"content":{"rendered":"<p> <br \/>\n<\/p>\n<div>\n<p><strong>\u201cLevanta povo, cativeiro j\u00e1 acabou!&#8221;.\u00a0O chamado \u00e9 um dos\u00a0versos da can\u00e7\u00e3o &#8220;Cangoma me Chamou&#8221;, gravado pela cantora Clementina de Jesus, e que, nesta quarta-feira (26), mobilizou ativistas e lideran\u00e7as negras, em Bras\u00edlia, no lan\u00e7amento do <em>Manifesto Pol\u00edtico das Mulheres Negras do Brasil: O Pacto do Bem Viver e as Elei\u00e7\u00f5es 2026<\/em>, coordenado pela Articula\u00e7\u00e3o de Mulheres Negras Brasileiras (AMNB).<\/strong><img data-recalc-dims=\"1\" decoding=\"async\" src=\"https:\/\/i0.wp.com\/agenciabrasil.ebc.com.br\/ebc.png?w=696&#038;ssl=1\" style=\"width:1px;height:1px;display:inline\" \/><img data-recalc-dims=\"1\" decoding=\"async\" src=\"https:\/\/i0.wp.com\/agenciabrasil.ebc.com.br\/ebc.gif?w=696&#038;ssl=1\" style=\"width:1px;height:1px;display:inline\" \/><\/p>\n<p>O documento prop\u00f5e a constru\u00e7\u00e3o de um sistema pol\u00edtico focado no\u00a0Bem Viver, com justi\u00e7a, equidade, solidariedade e vida digna no centro das decis\u00f5es e da formula\u00e7\u00e3o de pol\u00edticas p\u00fablicas efetivas.<\/p>\n<p><strong>A proposta do feminismo negro, voltada para a emancipa\u00e7\u00e3o, a inclus\u00e3o e o exerc\u00edcio da cidadania, coloca as mulheres pretas e pardas no centro do processo pol\u00edtico, como cidad\u00e3s, eleitoras, lideran\u00e7as em seus territ\u00f3rios e candidatas a cargos pol\u00edticos e outros espa\u00e7os de poder.<\/strong><\/p>\n<p>O manifesto defende que \u00e9 preciso que as mulheres negras n\u00e3o sejam vistas apenas como sujeitas destinat\u00e1rias das a\u00e7\u00f5es voltadas para a diminui\u00e7\u00e3o das desigualdades. Elas querem ir al\u00e9m.<\/p>\n<blockquote>\n<p>\u201c\u00c9 fundamental que a nossa import\u00e2ncia na vida pol\u00edtica seja vista no \u00e2mbito da nossa capacidade de gest\u00e3o e de imagina\u00e7\u00e3o, o que torna nossa presen\u00e7a nas casas legislativas e no executivo prioridade absoluta\u201d,\u00a0diz o texto do manifesto pol\u00edtico.<\/p>\n<\/blockquote>\n<p>Cientes do peso decisivo das mulheres negras nas elei\u00e7\u00f5es deste ano, elas querem amplificar a voz\u00a0coletiva em defesa das causas das pessoas pretas e pardas, como relata Isabel Faroni, diretora do <a href=\"https:\/\/www.instagram.com\/akanni_instituto\/\" target=\"_blank\" rel=\"noopener\">Instituto Akanni<\/a>. A institui\u00e7\u00e3o \u00e9\u00a0focada\u00a0em direitos humanos, g\u00eanero e ra\u00e7a, de Porto Alegre, que representa a coordena\u00e7\u00e3o da Regi\u00e3o Sul junto \u00e0 articula\u00e7\u00e3o.<\/p>\n<blockquote>\n<p>\u201cPrecisamos ter voz, sermos ouvidas. O manifesto \u00e9 uma proposta de sociedade maravilhosa, porque a gente gosta da partilha justa e do cuidado m\u00fatuo.\u201d<\/p>\n<\/blockquote>\n<h2>Pacto do Bem Viver<\/h2>\n<p><strong>Na reafirma\u00e7\u00e3o do Pacto do Bem Viver, a coordenadora nacional da Articula\u00e7\u00e3o de Mulheres Brasileiras (AMB), Jol\u00fazia Batista, explica que a luta do manifesto \u00e9 por igualdade, justi\u00e7a e repara\u00e7\u00e3o, a fim de corrigir desigualdades estruturais originadas por mais de tr\u00eas s\u00e9culos de escravid\u00e3o no Brasil.<\/strong><\/p>\n<p>Segundo Jol\u00fazia, a articula\u00e7\u00e3o tamb\u00e9m tem constru\u00eddo plataformas pol\u00edticas para apresentar propostas para o pa\u00eds e ampliar a participa\u00e7\u00e3o das mulheres negras na agenda p\u00fablica. \u201c\u00c9 um conjunto de diretrizes para os candidatos e as candidatas e para os governantes, com uma leitura da realidade para que, depois, a gente possa cobrar e tamb\u00e9m efetiv\u00e1-las, j\u00e1 olhando para esse lugar da representa\u00e7\u00e3o pol\u00edtica dentro da estrutura do poder\u201d, projetou.<\/p>\n<div class=\"dnd-widget-wrapper context-cheio_8colunas type-image\">\n<div class=\"dnd-atom-rendered\"><!-- scald=472678:cheio_8colunas --><br \/>\n            <img data-recalc-dims=\"1\" decoding=\"async\" src=\"https:\/\/i0.wp.com\/imagens.ebc.com.br\/9xRbRQoOBkWPTUIt7DoQdVKmqE8%3D\/754x0\/smart\/https%3A\/\/agenciabrasil.ebc.com.br\/sites\/default\/files\/thumbnails\/image\/2026\/08\/26\/manifesto-mulheres-negras-mc_abr_26082026-3.jpg?w=696&#038;ssl=1\" alt=\"Bras\u00edlia (DF), 26\/08\/2026 - A Articula\u00e7\u00e3o de Organiza\u00e7\u00f5es de Mulheres Negras Brasileiras (AMNB), promove o ato de lan\u00e7amento do Manifesto \u201cMulheres Negras na Pol\u00edtica pelo Pacto do Bem Viver\" title=\"Marcelo Camargo\/Ag\u00eancia Brasil\" \/><br \/>\n        <img data-recalc-dims=\"1\" decoding=\"async\" src=\"https:\/\/i0.wp.com\/imagens.ebc.com.br\/9xRbRQoOBkWPTUIt7DoQdVKmqE8%3D\/754x0\/smart\/https%3A\/\/agenciabrasil.ebc.com.br\/sites\/default\/files\/thumbnails\/image\/2026\/08\/26\/manifesto-mulheres-negras-mc_abr_26082026-3.jpg?w=696&#038;ssl=1\" alt=\"Bras\u00edlia (DF), 26\/08\/2026 - A Articula\u00e7\u00e3o de Organiza\u00e7\u00f5es de Mulheres Negras Brasileiras (AMNB), promove o ato de lan\u00e7amento do Manifesto \u201cMulheres Negras na Pol\u00edtica pelo Pacto do Bem Viver\" title=\"Marcelo Camargo\/Ag\u00eancia Brasil\" \/><br \/>\n    <!-- END scald=472678 --><\/div>\n<h6 class=\"meta\">Articula\u00e7\u00e3o de Organiza\u00e7\u00f5es de Mulheres Negras Brasileiras lan\u00e7a o manifesto &#8220;Mulheres Negras na Pol\u00edtica pelo Pacto do Bem Viver&#8221;. Foto\u00a0 &#8211; <strong>Marcelo Camargo\/Ag\u00eancia Brasil<\/strong><!--END copyright=472678--><\/h6>\n<\/div>\n<h2>Candidatas negras e representatividade<\/h2>\n<p><strong>O documento enfatiza que o racismo e o sexismo ainda influenciam as disputas eleitorais e prop\u00f5e medidas para enfrentar essas desigualdades estruturais.<\/strong><\/p>\n<p>Em Bras\u00edlia, o grupo criticou a desvaloriza\u00e7\u00e3o das mulheres pelos partidos pol\u00edticos e a baixa destina\u00e7\u00e3o de recursos do Fundo Partid\u00e1rio e do Fundo Especial de Financiamento de Campanha (FEFC), conhecido como Fundo Eleitoral.\u00a0<\/p>\n<p>As representantes divulgaram a <em>hashtag<\/em>\u00a0<a href=\"https:\/\/www.instagram.com\/euvotoemnegra\/\" target=\"_blank\" rel=\"noopener\">#EuVotoEmNegra<\/a>,\u00a0da campanha nacional, com mesmo nome de incentivo \u00e0 representatividade e \u00e0 presen\u00e7a de mulheres negras na pol\u00edtica brasileira.<\/p>\n<p>De acordo com o Tribunal Superior Eleitoral (TSE),\u00a0nas Elei\u00e7\u00f5es Gerais de 2026, do total de candidaturas (20.560), no recorte de ra\u00e7a e cor, as <a href=\"https:\/\/agenciabrasil.ebc.com.br\/politica\/noticia\/2026-08\/candidaturas-negras-avancam-e-se-aproximam-de-perfil-racial-do-pais\" target=\"_blank\" rel=\"noopener\">mulheres pretas somam 1.234 candidaturas<\/a>, equivalentes a 6% do total\u00a0e 2.485 (12,2%) s\u00e3o candidatas pardas.<\/p>\n<p>Os percentuais contrastam com a composi\u00e7\u00e3o da popula\u00e7\u00e3o brasileira. Segundo a Pesquisa Nacional por Amostra de Domic\u00edlios Cont\u00ednua Anual (Pnad Cont\u00ednua) de 2021,\u00a0feita pelo Instituto Brasileiro de Geografia e Estat\u00edstica (IBGE),\u00a028,2% da popula\u00e7\u00e3o brasileira, ou cerca de 58 milh\u00f5es de pessoas, eram mulheres negras.<\/p>\n<p>Ao p\u00fablico, a coordenadora de Combate ao Racismo e Todas as Outras Formas de Discrimina\u00e7\u00e3o\u00a0do Minist\u00e9rio P\u00fablico do Estado de Minas Gerais e\u00a0promotora de Justi\u00e7a N\u00e1dia Estela\u00a0Ferreira Mateus\u00a0lamentou que a participa\u00e7\u00e3o de servidoras negras nos quadros do Minist\u00e9rio P\u00fablico tamb\u00e9m seja desequilibrada.<\/p>\n<p>De acordo com <a href=\"https:\/\/www.cnmp.mp.br\/portal\/images\/Publicacoes\/documentos\/2023\/pesquisa_etnico-racial.pdf\" target=\"_blank\" rel=\"noopener\">Perfil \u00c9tnico-Racial do Minist\u00e9rio P\u00fablico Federal<\/a>, entre 13 mil membros do MP de todo o pa\u00eds, apenas 0,7%\u00a0(81 mulheres) s\u00e3o procuradoras e promotoras pretas.<\/p>\n<p>Segundo N\u00e1dia Estela, a publica\u00e7\u00e3o do manifesto pol\u00edtico \u00e9 uma convoca\u00e7\u00e3o para a transforma\u00e7\u00e3o da sociedade.<\/p>\n<blockquote>\n<p>\u201cFalar em repara\u00e7\u00e3o, em justi\u00e7a racial e bem viver, \u00e9 falar sobre a democracia, sobre direitos institu\u00eddos na nossa Carta Magna [Constitui\u00e7\u00e3o Federal de 1988] e sobre quais vidas e quais sujeitos queremos colocar \u00e0 frente da constru\u00e7\u00e3o do nosso pa\u00eds\u201d, disse a promotora de Justi\u00e7a.<\/p>\n<\/blockquote>\n<h2>Guerra h\u00edbrida<\/h2>\n<p><strong>Durante a apresenta\u00e7\u00e3o da lista de compromissos, as mulheres contextualizaram o cen\u00e1rio pol\u00edtico das elei\u00e7\u00f5es em outubro deste ano e apontaram a exist\u00eancia de uma guerra h\u00edbrida, em n\u00edvel global e nacional, para desconstruir direitos humanos e sociais, atacando diretamente grupos historicamente marginalizados (mulheres negras, popula\u00e7\u00e3o LGBTQIA+, comunidades tradicionais e perif\u00e9ricas).<\/strong><\/p>\n<p>A coordenadora executiva da Articula\u00e7\u00e3o de Mulheres Negras Brasileiras (AMNB), Janira Sodr\u00e9, ressaltou o direcionamento tendencioso do debate p\u00fablico na internet.\u00a0\u201cChamamos essa estrat\u00e9gia \u2018tecno autoritarismo\u2019, porque perpassa a gest\u00e3o das\u00a0big techs\u00a0sobre o que \u00e9 entregue ou n\u00e3o de informa\u00e7\u00f5es pol\u00edticas.\u201d<\/p>\n<div class=\"dnd-widget-wrapper context-grande_6colunas type-image atom-align-left\">\n<div class=\"dnd-atom-rendered\"><!-- scald=472676:grande_6colunas {\"additionalClasses\":\"\"} --><br \/>\n            <img data-recalc-dims=\"1\" decoding=\"async\" src=\"https:\/\/i0.wp.com\/imagens.ebc.com.br\/CJesFiPOhXBUqmoM650o5GHTkxk%3D\/463x0\/smart\/https%3A\/\/agenciabrasil.ebc.com.br\/sites\/default\/files\/thumbnails\/image\/2026\/08\/26\/manifesto-mulheres-negras-mc_abr_26082026-1.jpg?w=696&#038;ssl=1\" alt=\"Bras\u00edlia (DF), 26\/08\/2026 - A secret\u00e1ria-executiva da Articula\u00e7\u00e3o de Organiza\u00e7\u00f5es de Mulheres Negras Brasileiras (AMNB), Janira Sodr\u00e9, durante o ato de lan\u00e7amento do Manifesto \u201cMulheres Negras na Pol\u00edtica pelo Pacto do Bem Viver\" title=\"Marcelo Camargo\/Ag\u00eancia Brasil\" \/><br \/>\n        <img data-recalc-dims=\"1\" decoding=\"async\" src=\"https:\/\/i0.wp.com\/imagens.ebc.com.br\/CJesFiPOhXBUqmoM650o5GHTkxk%3D\/463x0\/smart\/https%3A\/\/agenciabrasil.ebc.com.br\/sites\/default\/files\/thumbnails\/image\/2026\/08\/26\/manifesto-mulheres-negras-mc_abr_26082026-1.jpg?w=696&#038;ssl=1\" alt=\"Bras\u00edlia (DF), 26\/08\/2026 - A secret\u00e1ria-executiva da Articula\u00e7\u00e3o de Organiza\u00e7\u00f5es de Mulheres Negras Brasileiras (AMNB), Janira Sodr\u00e9, durante o ato de lan\u00e7amento do Manifesto \u201cMulheres Negras na Pol\u00edtica pelo Pacto do Bem Viver\" title=\"Marcelo Camargo\/Ag\u00eancia Brasil\" \/><br \/>\n    <!-- END scald=472676 --><\/div>\n<h6 class=\"meta\">Secret\u00e1ria-executiva da Articula\u00e7\u00e3o de Organiza\u00e7\u00f5es de Mulheres Negras Brasileiras (AMNB), Janira Sodr\u00e9. Foto: Marcelo Camargo\/Ag\u00eancia Brasil &#8211; <strong>Marcelo Camargo\/Ag\u00eancia Brasil<\/strong><!--END copyright=472676--><\/h6>\n<\/div>\n<p><strong>Segundo Janira, a guerra h\u00edbrida vende a perda de garantias hist\u00f3ricas como se fosse um avan\u00e7o social.<\/strong> Como exemplo, ela citou a defesa do fim do emprego formal como uma suposta vantagem para o trabalhador. Para ela, essa narrativa contribui para enfraquecer conquistas sociais.<\/p>\n<blockquote>\n<p>\u201c\u00c9 o ataque da ultradireita em rela\u00e7\u00e3o a um projeto de bem viver, que \u00e9 o bem-estar social. Essa \u00e9 a constru\u00e7\u00e3o que a gente almeja e sonha. Tem setores que s\u00e3o contr\u00e1rios, na verdade, odiosos, em rela\u00e7\u00e3o aos direitos dessas popula\u00e7\u00f5es diversas e m\u00faltiplas\u201d,\u00a0afirmou Janira Sodr\u00e9.<\/p>\n<\/blockquote>\n<p><strong>Al\u00e9m da promo\u00e7\u00e3o do discurso de \u00f3dio no ambiente virtual, a ativista negra destaca os ataques presenciais a servi\u00e7os p\u00fablicos (escolas, universidades, postos de sa\u00fade) e a servidores que garantem direitos sociais coletivos; e a atua\u00e7\u00e3o da mil\u00edcia, do narcotr\u00e1fico e de civis armados [paramilitares] nos territ\u00f3rios urbanos vulnerabilizados, onde a maior parte da comunidade \u00e9 negra.<\/strong><\/p>\n<p>Janira Sodr\u00e9 tamb\u00e9m cita a estrat\u00e9gia de disputa pelas comunidades pobres utilizando modelos teol\u00f3gicos e pastorais para construir uma base social de apoio.<\/p>\n<p>Para contrapor-se \u00e0 estrat\u00e9gia, a coordenadora executiva da AMNB explica\u00a0o que espera dos eleitos nas urnas. \u201cEspero que o Estado chegue com uma presen\u00e7a de bem-estar e de oferta de bens e de servi\u00e7os de cidadania para garantia de direitos, tomando decis\u00f5es, inclusive or\u00e7ament\u00e1rias, e de equipe que fa\u00e7am incid\u00eancia em pol\u00edticas p\u00fablicas para nossa comunidade.\u201d<\/p>\n<h2>Constru\u00e7\u00e3o coletiva de gera\u00e7\u00f5es<\/h2>\n<p><strong>O lan\u00e7amento do manifesto promovido pela AMNB reuniu mulheres negras pioneiras, de meia-idade e jovens para firmar um pacto intergeracional com o objetivo de fortalecer a ocupa\u00e7\u00e3o de espa\u00e7os estrat\u00e9gicos de decis\u00e3o.<\/strong><\/p>\n<p>Uma das participantes\u00a0foi a mestranda e engenheira ambiental e sanitarista, Caiene Reinier Freitas, bolsista do <a href=\"https:\/\/www.instagram.com\/fundobaoba\/\" target=\"_blank\" rel=\"noopener\">Instituto Baob\u00e1<\/a>, que financia projetos e causas raciais.<\/p>\n<p>Como mulher trans, Caiene enxerga essa comunh\u00e3o como um incentivo \u00e0 ocupa\u00e7\u00e3o de espa\u00e7o de poder para avan\u00e7ar nas pol\u00edticas p\u00fablicas e denuncia a realidade de viol\u00eancia vivenciada por mulheres trans e travestis no Brasil. \u201c\u00c9 muito importante para que a gente reestruture a pol\u00edtica institucional brasileira.\u201d<\/p>\n<p>Essa popula\u00e7\u00e3o tem a expectativa de vida de apenas 35 anos, metade da longevidade de pessoas cis, segundo mapeamento da Associa\u00e7\u00e3o Nacional de Travestis e Transexuais (Antra). Mesmo diante do risco, Caiene Reinier celebra o fato de que jovens mulheres trans negras e travestis ocuparem universidades, parlamentos e disputas pol\u00edticas.<\/p>\n<blockquote>\n<p>\u201cOcupar os espa\u00e7os de decis\u00e3o \u00e9 o que realmente materializa essas representatividades, essas \u2018mulheridades\u2019 [diferentes formas de vivenciar a experi\u00eancia de ser mulher] t\u00e3o potentes.\u201d<\/p>\n<\/blockquote>\n<p>      <!-- Relacionada --><\/p>\n<p>            <!-- Relacionada -->\n    <\/div>\n<p><a href=\"\/\/www.instagram.com\/embed.js\">\/\/www.instagram.com\/embed.js<\/a><br \/>\n<br \/><br \/>\n<br \/><a href=\"https:\/\/agenciabrasil.ebc.com.br\/politica\/noticia\/2026-08\/eleicoes-2026-mulheres-negras-divulgam-manifesto-para-candidatos\" rel=\"noopener\">Informa\u00e7\u00f5es com a Ag\u00eancia Brasil<\/a><\/p>\n","protected":false},"excerpt":{"rendered":"<p>\u201cLevanta povo, cativeiro j\u00e1 acabou!&#8221;.\u00a0O chamado \u00e9 um dos\u00a0versos da can\u00e7\u00e3o &#8220;Cangoma me Chamou&#8221;, gravado pela cantora Clementina de Jesus, e que, nesta quarta-feira (26), mobilizou ativistas e lideran\u00e7as negras, em Bras\u00edlia, no lan\u00e7amento do Manifesto Pol\u00edtico das Mulheres Negras do Brasil: O Pacto do Bem Viver e as Elei\u00e7\u00f5es 2026, coordenado pela Articula\u00e7\u00e3o de [&hellip;]<\/p>\n","protected":false},"author":1,"featured_media":75480,"comment_status":"closed","ping_status":"open","sticky":false,"template":"","format":"standard","meta":{"_jetpack_newsletter_access":"","_jetpack_dont_email_post_to_subs":false,"_jetpack_newsletter_tier_id":0,"_jetpack_memberships_contains_paywalled_content":false,"_mbp_banners":[],"_jetpack_feature_clip_id":0,"_jetpack_memberships_contains_paid_content":false,"footnotes":"","jetpack_publicize_message":"","jetpack_publicize_feature_enabled":true,"jetpack_social_post_already_shared":true,"jetpack_social_options":{"image_generator_settings":{"template":"highway","default_image_id":0,"font":"","enabled":false},"version":2},"jetpack_post_was_ever_published":false},"categories":[22],"tags":[],"class_list":["post-75479","post","type-post","status-publish","format-standard","has-post-thumbnail","category-nacional"],"jetpack_publicize_connections":[],"jetpack-related-posts":[],"jetpack_shortlink":"https:\/\/wp.me\/p7Eq1F-jDp","jetpack_sharing_enabled":true,"jetpack_featured_media_url":"https:\/\/i0.wp.com\/guialimeira.com.br\/news\/wp-content\/uploads\/2026\/08\/manifesto-mulheres-negras-mc_abr_26082026-5.jpg?fit=1600%2C800&ssl=1","_links":{"self":[{"href":"https:\/\/guialimeira.com.br\/news\/wp-json\/wp\/v2\/posts\/75479","targetHints":{"allow":["GET"]}}],"collection":[{"href":"https:\/\/guialimeira.com.br\/news\/wp-json\/wp\/v2\/posts"}],"about":[{"href":"https:\/\/guialimeira.com.br\/news\/wp-json\/wp\/v2\/types\/post"}],"author":[{"embeddable":true,"href":"https:\/\/guialimeira.com.br\/news\/wp-json\/wp\/v2\/users\/1"}],"replies":[{"embeddable":true,"href":"https:\/\/guialimeira.com.br\/news\/wp-json\/wp\/v2\/comments?post=75479"}],"version-history":[{"count":1,"href":"https:\/\/guialimeira.com.br\/news\/wp-json\/wp\/v2\/posts\/75479\/revisions"}],"predecessor-version":[{"id":75481,"href":"https:\/\/guialimeira.com.br\/news\/wp-json\/wp\/v2\/posts\/75479\/revisions\/75481"}],"wp:featuredmedia":[{"embeddable":true,"href":"https:\/\/guialimeira.com.br\/news\/wp-json\/wp\/v2\/media\/75480"}],"wp:attachment":[{"href":"https:\/\/guialimeira.com.br\/news\/wp-json\/wp\/v2\/media?parent=75479"}],"wp:term":[{"taxonomy":"category","embeddable":true,"href":"https:\/\/guialimeira.com.br\/news\/wp-json\/wp\/v2\/categories?post=75479"},{"taxonomy":"post_tag","embeddable":true,"href":"https:\/\/guialimeira.com.br\/news\/wp-json\/wp\/v2\/tags?post=75479"}],"curies":[{"name":"wp","href":"https:\/\/api.w.org\/{rel}","templated":true}]}}