{"id":75467,"date":"2026-08-26T19:47:32","date_gmt":"2026-08-26T22:47:32","guid":{"rendered":"https:\/\/guialimeira.com.br\/?p=75467"},"modified":"2026-08-26T19:47:32","modified_gmt":"2026-08-26T22:47:32","slug":"hugo-motta-indica-presidente-da-comissao-da-mp-da-taxa-das-blusinhas","status":"publish","type":"post","link":"https:\/\/guialimeira.com.br\/news\/hugo-motta-indica-presidente-da-comissao-da-mp-da-taxa-das-blusinhas\/","title":{"rendered":"Hugo Motta indica presidente da comiss\u00e3o da MP da Taxa das Blusinhas"},"content":{"rendered":"<p> <br \/>\n<\/p>\n<div>\n<p>O presidente da C\u00e2mara dos Deputados, Hugo Motta (Republicanos-PB), anunciou nesta quarta-feira (26) o deputado Reginaldo Lopes (PT-MG) como <strong>presidente da comiss\u00e3o mista que vai analisar a <a href=\"https:\/\/www.planalto.gov.br\/ccivil_03\/_ato2023-2026\/2026\/mpv\/mpv1357.htm\" target=\"_blank\" rel=\"noopener\">Medida Provis\u00f3ria 1357\/26<\/a><\/strong>, que a acaba com a chamada taxa das blusinhas.\u00a0<img data-recalc-dims=\"1\" decoding=\"async\" src=\"https:\/\/i0.wp.com\/agenciabrasil.ebc.com.br\/ebc.png?w=696&#038;ssl=1\" style=\"width:1px;height:1px;display:inline\" \/><img data-recalc-dims=\"1\" decoding=\"async\" src=\"https:\/\/i0.wp.com\/agenciabrasil.ebc.com.br\/ebc.gif?w=696&#038;ssl=1\" style=\"width:1px;height:1px;display:inline\" \/><\/p>\n<p>O an\u00fancio foi feito <a href=\"https:\/\/agenciabrasil.ebc.com.br\/politica\/noticia\/2026-08\/governo-e-congresso-acertam-pautas-para-esforco-concentrado-de-votacao\" target=\"_blank\" rel=\"noopener\">ap\u00f3s almo\u00e7o no Pal\u00e1cio da Alvorada<\/a>, com o presidente Luiz In\u00e1cio Lula da Silva e o presidente do Senado, Davi Alcolumbre (Uni\u00e3o-AP).<\/p>\n<p><strong>A MP suspende a cobran\u00e7a do imposto federal de importa\u00e7\u00e3o de 20% sobre compras internacionais de at\u00e9 US$ 50.<\/strong> O texto tem que ser votado ainda em setembro, do contr\u00e1rio perder\u00e1 a validade.\u00a0<\/p>\n<p>\u201cIndiquei o deputado @ReginaldoLopes (PT\/MG) para a Presid\u00eancia da Comiss\u00e3o Mista que analisar\u00e1 a medida. A relatoria \u00e9 de atribui\u00e7\u00e3o do Senado Federal. Em di\u00e1logo com os presidentes @LulaOficial e @davialcolumbre, acordamos votar a mat\u00e9ria na pr\u00f3xima semana. O fim da taxa \u00e9 uma demanda da popula\u00e7\u00e3o e vai aliviar o bolso de milh\u00f5es de brasileiros que compram pela internet\u201d, escreveu Motta em uma <a href=\"https:\/\/x.com\/HugoMottaPB\/status\/2092699429413527728?s=46&amp;t=xWlDOTNcMDRvV2H97gdytw\" target=\"_blank\">rede social<\/a>.<\/p>\n<p><strong>A MP deve ser votada no esfor\u00e7o concentrado do Congresso Nacional marcado para a pr\u00f3xima semana.<\/strong>\u00a0<\/p>\n<p>Al\u00e9m do fim da taxa das blusinhas, na reuni\u00e3o desta quarta-feira foi acordada a vota\u00e7\u00e3o de outras mat\u00e9rias.\u00a0<\/p>\n<p>Os temas definidos foram :\u00a0<\/p>\n<p>Ap\u00f3s a reuni\u00e3o, Lula comemorou o acordo e disse que o entendimento do esfor\u00e7o concentrado, marcado para a semana de 31 de agosto a 4 de setembro, foca nas pautas priorit\u00e1rias para a sociedade brasileira.<\/p>\n<p>\u201cO que \u00e9 importante \u00e9 que a gente tenha a dimens\u00e3o do que \u00e9 priorit\u00e1rio e votar essas coisas que voc\u00eas v\u00e3o colocar na pauta \u00e9 uma prioridade do povo brasileiro\u201d, disse Lula ao final do almo\u00e7o.\u00a0<\/p>\n<p><em>* Colaborou Pedro Rafael Vilela<\/em>\u00a0<\/p>\n<p>      <!-- Relacionada --><\/p>\n<p>            <!-- Relacionada -->\n    <\/div>\n<p><br \/>\n<br \/><a href=\"https:\/\/agenciabrasil.ebc.com.br\/politica\/noticia\/2026-08\/hugo-motta-indica-presidente-da-comissao-da-mp-da-taxa-das-blusinhas\" rel=\"noopener\">Informa\u00e7\u00f5es com a Ag\u00eancia Brasil<\/a><\/p>\n","protected":false},"excerpt":{"rendered":"<p>O presidente da C\u00e2mara dos Deputados, Hugo Motta (Republicanos-PB), anunciou nesta quarta-feira (26) o deputado Reginaldo Lopes (PT-MG) como presidente da comiss\u00e3o mista que vai analisar a Medida Provis\u00f3ria 1357\/26, que a acaba com a chamada taxa das blusinhas.\u00a0 O an\u00fancio foi feito ap\u00f3s almo\u00e7o no Pal\u00e1cio da Alvorada, com o presidente Luiz In\u00e1cio Lula [&hellip;]<\/p>\n","protected":false},"author":1,"featured_media":75468,"comment_status":"closed","ping_status":"open","sticky":false,"template":"","format":"standard","meta":{"_jetpack_newsletter_access":"","_jetpack_dont_email_post_to_subs":false,"_jetpack_newsletter_tier_id":0,"_jetpack_memberships_contains_paywalled_content":false,"_mbp_banners":[],"_jetpack_feature_clip_id":0,"_jetpack_memberships_contains_paid_content":false,"footnotes":"","jetpack_publicize_message":"","jetpack_publicize_feature_enabled":true,"jetpack_social_post_already_shared":true,"jetpack_social_options":{"image_generator_settings":{"template":"highway","default_image_id":0,"font":"","enabled":false},"version":2},"jetpack_post_was_ever_published":false},"categories":[22],"tags":[],"class_list":["post-75467","post","type-post","status-publish","format-standard","has-post-thumbnail","category-nacional"],"jetpack_publicize_connections":[],"jetpack-related-posts":[],"jetpack_shortlink":"https:\/\/wp.me\/p7Eq1F-jDd","jetpack_sharing_enabled":true,"jetpack_featured_media_url":"https:\/\/i0.wp.com\/guialimeira.com.br\/news\/wp-content\/uploads\/2026\/08\/img20260715161418065.jpg?fit=1600%2C800&ssl=1","_links":{"self":[{"href":"https:\/\/guialimeira.com.br\/news\/wp-json\/wp\/v2\/posts\/75467","targetHints":{"allow":["GET"]}}],"collection":[{"href":"https:\/\/guialimeira.com.br\/news\/wp-json\/wp\/v2\/posts"}],"about":[{"href":"https:\/\/guialimeira.com.br\/news\/wp-json\/wp\/v2\/types\/post"}],"author":[{"embeddable":true,"href":"https:\/\/guialimeira.com.br\/news\/wp-json\/wp\/v2\/users\/1"}],"replies":[{"embeddable":true,"href":"https:\/\/guialimeira.com.br\/news\/wp-json\/wp\/v2\/comments?post=75467"}],"version-history":[{"count":1,"href":"https:\/\/guialimeira.com.br\/news\/wp-json\/wp\/v2\/posts\/75467\/revisions"}],"predecessor-version":[{"id":75469,"href":"https:\/\/guialimeira.com.br\/news\/wp-json\/wp\/v2\/posts\/75467\/revisions\/75469"}],"wp:featuredmedia":[{"embeddable":true,"href":"https:\/\/guialimeira.com.br\/news\/wp-json\/wp\/v2\/media\/75468"}],"wp:attachment":[{"href":"https:\/\/guialimeira.com.br\/news\/wp-json\/wp\/v2\/media?parent=75467"}],"wp:term":[{"taxonomy":"category","embeddable":true,"href":"https:\/\/guialimeira.com.br\/news\/wp-json\/wp\/v2\/categories?post=75467"},{"taxonomy":"post_tag","embeddable":true,"href":"https:\/\/guialimeira.com.br\/news\/wp-json\/wp\/v2\/tags?post=75467"}],"curies":[{"name":"wp","href":"https:\/\/api.w.org\/{rel}","templated":true}]}}