{"id":75459,"date":"2026-08-26T17:45:04","date_gmt":"2026-08-26T20:45:04","guid":{"rendered":"https:\/\/guialimeira.com.br\/?p=75459"},"modified":"2026-08-26T17:45:04","modified_gmt":"2026-08-26T20:45:04","slug":"ebc-promove-capacitacao-sobre-cobertura-jornalistica-de-feminicidios","status":"publish","type":"post","link":"https:\/\/guialimeira.com.br\/news\/ebc-promove-capacitacao-sobre-cobertura-jornalistica-de-feminicidios\/","title":{"rendered":"EBC promove capacita\u00e7\u00e3o sobre cobertura jornal\u00edstica de feminic\u00eddios"},"content":{"rendered":"<p> <br \/>\n<\/p>\n<div>\n<p><strong>A\u00a0Empresa Brasil de Comunica\u00e7\u00e3o (EBC)\u00a0promoveu, nesta segunda-feira (24), a capacita\u00e7\u00e3o <em>Comunicar para Proteger<\/em>, que reuniu empregados para discutir a cobertura jornal\u00edstica de casos de feminic\u00eddio e as melhores pr\u00e1ticas para uma abordagem respons\u00e1vel.<\/strong><img data-recalc-dims=\"1\" decoding=\"async\" src=\"https:\/\/i0.wp.com\/agenciabrasil.ebc.com.br\/ebc.png?w=696&#038;ssl=1\" style=\"width:1px;height:1px;display:inline\" \/><img data-recalc-dims=\"1\" decoding=\"async\" src=\"https:\/\/i0.wp.com\/agenciabrasil.ebc.com.br\/ebc.gif?w=696&#038;ssl=1\" style=\"width:1px;height:1px;display:inline\" \/><\/p>\n<p>A atividade teve como foco a apresenta\u00e7\u00e3o do Guia de Comunica\u00e7\u00e3o de Feminic\u00eddios no Distrito Federal e a reflex\u00e3o sobre o papel do jornalismo na abordagem respons\u00e1vel da viol\u00eancia de g\u00eanero.<\/p>\n<p>Conduzida pela ju\u00edza do Tribunal de Justi\u00e7a do Distrito Federal e dos Territ\u00f3rios (TJDFT) Fabriziane Zapata e pelo delegado da Pol\u00edcia Civil do Distrito Federal (PCDF) Marcelo Zago Gomes Ferreira, a capacita\u00e7\u00e3o abordou diretrizes e boas pr\u00e1ticas para evitar a revitimiza\u00e7\u00e3o e a glamouriza\u00e7\u00e3o da viol\u00eancia, preservar a dignidade das v\u00edtimas e contribuir para a conscientiza\u00e7\u00e3o e a preven\u00e7\u00e3o.<\/p>\n<p><strong>A atividade tamb\u00e9m discutiu formas de tratar o tema com responsabilidade, considerando os impactos da cobertura jornal\u00edstica sobre v\u00edtimas, familiares e sociedade.<\/strong><\/p>\n<p>A proposta tamb\u00e9m destacou a responsabilidade da imprensa na constru\u00e7\u00e3o de uma abordagem que contribua para a conscientiza\u00e7\u00e3o da sociedade e para a preven\u00e7\u00e3o de novos casos.<\/p>\n<p><strong>A forma como um feminic\u00eddio \u00e9 noticiado pode refor\u00e7ar estere\u00f3tipos e expor v\u00edtimas e familiares ou, ao contr\u00e1rio, ajudar a contextualizar a viol\u00eancia de g\u00eanero como um problema social que precisa ser enfrentado.<\/strong><\/p>\n<blockquote>\n<p>&#8220;Promover essa forma\u00e7\u00e3o \u00e9 reafirmar o compromisso da\u00a0EBC\u00a0com uma comunica\u00e7\u00e3o p\u00fablica respons\u00e1vel, comprometida com os direitos humanos e com a igualdade de g\u00eanero&#8221;, afirma a diretora-presidente da\u00a0EBC, Antonia Pellegrino.<\/p>\n<\/blockquote>\n<p>&#8220;A cobertura jornal\u00edstica de feminic\u00eddios precisa ir al\u00e9m do relato do crime, evitando a revitimiza\u00e7\u00e3o e a exposi\u00e7\u00e3o indevida das v\u00edtimas e de seus familiares. Queremos contribuir para que o jornalismo ajude a sociedade a compreender as causas e os contextos da viol\u00eancia contra as mulheres e, sobretudo, fortale\u00e7a a conscientiza\u00e7\u00e3o e a preven\u00e7\u00e3o de novos casos&#8221;, explica.<\/p>\n<p><strong>A diretora de jornalismo da\u00a0EBC, Myrian Pereira, acrescenta que \u201co jornalismo da EBC tem a tradi\u00e7\u00e3o de ser pioneiro na cobertura de temas relevantes para a sociedade que n\u00e3o tem tanto espa\u00e7o fora da comunica\u00e7\u00e3o p\u00fablica.<\/strong><\/p>\n<p>Agora que o tema tem ganho cada vez mais espa\u00e7o nos outros ve\u00edculos, queremos tamb\u00e9m ter um diferencial, fazendo uma cobertura cada vez mais respons\u00e1vel e que apresenta \u00e0 sociedade os servi\u00e7os p\u00fablicos dispon\u00edveis para combater tal viol\u00eancia\u201d.<\/p>\n<p><strong>A iniciativa est\u00e1 alinhada ao compromisso institucional da\u00a0EBC\u00a0com a promo\u00e7\u00e3o da equidade.<\/strong> Em 2026, a empresa recebeu o Selo Pr\u00f3-Equidade de G\u00eanero, reconhecimento do Minist\u00e9rio das Mulheres relacionado \u00e0s a\u00e7\u00f5es voltadas \u00e0 igualdade de oportunidades e ao enfrentamento das desigualdades de g\u00eanero no ambiente de trabalho. Neste ano, a diretoria da\u00a0EBC\u00a0tamb\u00e9m alcan\u00e7ou a paridade de g\u00eanero, com tr\u00eas diretoras mulheres e tr\u00eas diretores homens.<\/p>\n<h2>Experi\u00eancia no enfrentamento \u00e0 viol\u00eancia contra as mulheres<\/h2>\n<p><strong>Magistrada do TJDFT desde 2008, Fabriziane Zapata \u00e9 titular, h\u00e1 dez anos, do Juizado de Viol\u00eancia Dom\u00e9stica e Familiar contra a Mulher do Riacho Fundo.<\/strong> Ela atua desde 2016 como ju\u00edza coordenadora da Coordenadoria da Mulher em Situa\u00e7\u00e3o de Viol\u00eancia Dom\u00e9stica do TJDFT. Na fun\u00e7\u00e3o, coordena projetos nas \u00e1reas de educa\u00e7\u00e3o e seguran\u00e7a p\u00fablica sob a perspectiva de g\u00eanero. Fabriziane integra a Rede Distrital de Enfrentamento \u00e0 Viol\u00eancia contra a Mulher e a C\u00e2mara T\u00e9cnica de Monitoramento de Feminic\u00eddios.<\/p>\n<p><strong>Marcelo Zago Gomes Ferreira \u00e9 delegado de Pol\u00edcia Civil do Distrito Federal e coordenador da C\u00e2mara T\u00e9cnica de Monitoramento de Homic\u00eddios e Feminic\u00eddios da Secretaria de Seguran\u00e7a P\u00fablica do Distrito Federal (CTMHF).<\/strong> Foi coordenador do Grupo de Trabalho Imprensa, respons\u00e1vel pela elabora\u00e7\u00e3o do Guia de Comunica\u00e7\u00e3o sobre Feminic\u00eddios no Distrito Federal. \u00c9 professor da Escola Superior de Pol\u00edcia Civil do Distrito Federal e de cursos de p\u00f3s-gradua\u00e7\u00e3o e tamb\u00e9m atua como pesquisador e palestrante nas \u00e1reas de seguran\u00e7a p\u00fablica, investiga\u00e7\u00e3o criminal, governan\u00e7a baseada em evid\u00eancias e enfrentamento aos homic\u00eddios e feminic\u00eddios.<\/p>\n<blockquote>\n<p>\u201c\u00c9 um tema cultural e enraizado, por isso n\u00e3o podemos fechar os olhos para essa realidade&#8221;, disse Zapata durante o curso. &#8220;\u00c9 nosso dever auxiliar, de alguma maneira, e ensinar a popula\u00e7\u00e3o com a ajuda do jornalismo\u201d, explicou o delegado.<\/p>\n<\/blockquote>\n<p>Os palestrantes distribu\u00edram um Guia de Bolso para Jornalistas, com diretrizes para uma cobertura mais cidad\u00e3, e destacaram a import\u00e2ncia de reportagens sobre feminicidio sempre conterem um box de servi\u00e7o para as v\u00edtimas.\u00a0<\/p>\n<p><strong>Se voc\u00ea ou algu\u00e9m que voc\u00ea conhece \u00e9 v\u00edtima de viol\u00eancia, procure\u00a0ajuda:<\/strong><\/p>\n<p>\u2192 DISQUE 190 \u2013 Pol\u00edcia Militar (24h). Para emerg\u00eancia, amea\u00e7a iminente ou descumprimento de medida protetiva com risco atual. Envia viatura imediatamente.<br \/>\u2192 DISQUE 197 \u2013 Pol\u00edcia Civil\u00a0(24h, an\u00f4nimo). Para den\u00fancia an\u00f4nima ou repasse de informa\u00e7\u00f5es.<br \/>\u2192 LIGUE 180 \u2013 Central de Atendimento \u00e0 Mulher (Governo Federal \u00b7 24h \u00b7 gratuito \u00b7 nacional). Para orienta\u00e7\u00e3o sobre direitos, servi\u00e7os da rede de atendimento e encaminhamentos.<\/p>\n<p><strong>Para atendimento jur\u00eddico gratuito espec\u00edfico, procure a Defensoria P\u00fablica de seu estado.<\/strong><\/p>\n<p>      <!-- Relacionada --><\/p>\n<p>            <!-- Relacionada -->\n    <\/div>\n<p><br \/>\n<br \/><a href=\"https:\/\/agenciabrasil.ebc.com.br\/direitos-humanos\/noticia\/2026-08\/ebc-promove-capacitacao-sobre-cobertura-jornalistica-de-feminicidios\" rel=\"noopener\">Informa\u00e7\u00f5es com a Ag\u00eancia Brasil<\/a><\/p>\n","protected":false},"excerpt":{"rendered":"<p>A\u00a0Empresa Brasil de Comunica\u00e7\u00e3o (EBC)\u00a0promoveu, nesta segunda-feira (24), a capacita\u00e7\u00e3o Comunicar para Proteger, que reuniu empregados para discutir a cobertura jornal\u00edstica de casos de feminic\u00eddio e as melhores pr\u00e1ticas para uma abordagem respons\u00e1vel. A atividade teve como foco a apresenta\u00e7\u00e3o do Guia de Comunica\u00e7\u00e3o de Feminic\u00eddios no Distrito Federal e a reflex\u00e3o sobre o papel [&hellip;]<\/p>\n","protected":false},"author":1,"featured_media":75460,"comment_status":"closed","ping_status":"open","sticky":false,"template":"","format":"standard","meta":{"_jetpack_newsletter_access":"","_jetpack_dont_email_post_to_subs":false,"_jetpack_newsletter_tier_id":0,"_jetpack_memberships_contains_paywalled_content":false,"_mbp_banners":[],"_jetpack_feature_clip_id":0,"_jetpack_memberships_contains_paid_content":false,"footnotes":"","jetpack_publicize_message":"","jetpack_publicize_feature_enabled":true,"jetpack_social_post_already_shared":true,"jetpack_social_options":{"image_generator_settings":{"template":"highway","default_image_id":0,"font":"","enabled":false},"version":2},"jetpack_post_was_ever_published":false},"categories":[22],"tags":[],"class_list":["post-75459","post","type-post","status-publish","format-standard","has-post-thumbnail","category-nacional"],"jetpack_publicize_connections":[],"jetpack-related-posts":[],"jetpack_shortlink":"https:\/\/wp.me\/p7Eq1F-jD5","jetpack_sharing_enabled":true,"jetpack_featured_media_url":"https:\/\/i0.wp.com\/guialimeira.com.br\/news\/wp-content\/uploads\/2026\/08\/0d7a8970.jpg?fit=1600%2C800&ssl=1","_links":{"self":[{"href":"https:\/\/guialimeira.com.br\/news\/wp-json\/wp\/v2\/posts\/75459","targetHints":{"allow":["GET"]}}],"collection":[{"href":"https:\/\/guialimeira.com.br\/news\/wp-json\/wp\/v2\/posts"}],"about":[{"href":"https:\/\/guialimeira.com.br\/news\/wp-json\/wp\/v2\/types\/post"}],"author":[{"embeddable":true,"href":"https:\/\/guialimeira.com.br\/news\/wp-json\/wp\/v2\/users\/1"}],"replies":[{"embeddable":true,"href":"https:\/\/guialimeira.com.br\/news\/wp-json\/wp\/v2\/comments?post=75459"}],"version-history":[{"count":1,"href":"https:\/\/guialimeira.com.br\/news\/wp-json\/wp\/v2\/posts\/75459\/revisions"}],"predecessor-version":[{"id":75461,"href":"https:\/\/guialimeira.com.br\/news\/wp-json\/wp\/v2\/posts\/75459\/revisions\/75461"}],"wp:featuredmedia":[{"embeddable":true,"href":"https:\/\/guialimeira.com.br\/news\/wp-json\/wp\/v2\/media\/75460"}],"wp:attachment":[{"href":"https:\/\/guialimeira.com.br\/news\/wp-json\/wp\/v2\/media?parent=75459"}],"wp:term":[{"taxonomy":"category","embeddable":true,"href":"https:\/\/guialimeira.com.br\/news\/wp-json\/wp\/v2\/categories?post=75459"},{"taxonomy":"post_tag","embeddable":true,"href":"https:\/\/guialimeira.com.br\/news\/wp-json\/wp\/v2\/tags?post=75459"}],"curies":[{"name":"wp","href":"https:\/\/api.w.org\/{rel}","templated":true}]}}