{"id":7545,"date":"2024-06-05T08:42:47","date_gmt":"2024-06-05T11:42:47","guid":{"rendered":"https:\/\/guialimeira.com.br\/2024\/06\/05\/pesquisa-alerta-para-equivocos-em-diagnosticos-de-tdah-em-criancas\/"},"modified":"2024-06-05T08:42:47","modified_gmt":"2024-06-05T11:42:47","slug":"pesquisa-alerta-para-equivocos-em-diagnosticos-de-tdah-em-criancas","status":"publish","type":"post","link":"https:\/\/guialimeira.com.br\/news\/pesquisa-alerta-para-equivocos-em-diagnosticos-de-tdah-em-criancas\/","title":{"rendered":"Pesquisa alerta para equ\u00edvocos em diagn\u00f3sticos de TDAH em crian\u00e7as"},"content":{"rendered":"<p> <br \/>\n<\/p>\n<div id=\"\">&#13;<\/p>\n<figure id=\"attachment_5895747\" style=\"width: 100%;max-width: 1200px\" class=\"wp-caption alignnone\"><img data-recalc-dims=\"1\" decoding=\"async\" loading=\"lazy\" class=\"size-full wp-image-5895747\" src=\"https:\/\/i0.wp.com\/www.saopaulo.sp.gov.br\/wp-content\/uploads\/2024\/06\/20240528_tdah-diagnostico-criancas.jpg?resize=696%2C365&#038;ssl=1\" alt=\"\" width=\"696\" height=\"365\" srcset=\"https:\/\/www.saopaulo.sp.gov.br\/wp-content\/uploads\/2024\/06\/20240528_tdah-diagnostico-criancas.jpg 1200w, https:\/\/www.saopaulo.sp.gov.br\/wp-content\/uploads\/2024\/06\/20240528_tdah-diagnostico-criancas-300x158.jpg 300w, https:\/\/www.saopaulo.sp.gov.br\/wp-content\/uploads\/2024\/06\/20240528_tdah-diagnostico-criancas-1024x538.jpg 1024w, https:\/\/www.saopaulo.sp.gov.br\/wp-content\/uploads\/2024\/06\/20240528_tdah-diagnostico-criancas-768x403.jpg 768w\" sizes=\"auto, (max-width: 1200px) 100vw, 1200px\"\/><figcaption class=\"wp-caption-text\">Ainda n\u00e3o existe um consenso definitivo sobre a origem do TDAH<\/figcaption><\/figure>\n<p>A primeira vez que o Transtorno de D\u00e9ficit de Aten\u00e7\u00e3o e Hiperatividade (TDAH) apareceu documentado foi\u00a0em um texto m\u00e9dico holand\u00eas datado de 1753, segundo publica\u00e7\u00e3o de mar\u00e7o deste ano, na revista Journal of Attention Disorders.\u00a0De l\u00e1 para c\u00e1, o transtorno ganhou maior notoriedade, sendo cada vez mais estudado, o que levou a um aumento significativo no n\u00famero de diagn\u00f3sticos.\u00a0Segundo dados da Associa\u00e7\u00e3o Brasileira de D\u00e9ficit de Aten\u00e7\u00e3o (ABDA), cerca de 2 milh\u00f5es de pessoas sofrem com o transtorno no Brasil.\u00a0O aumento do transtorno levantou uma s\u00e9rie de d\u00favidas sobre as poss\u00edveis raz\u00f5es por tr\u00e1s do crescimento. Algumas pessoas, inclusive, come\u00e7aram a questionar a exist\u00eancia da condi\u00e7\u00e3o ou sua banaliza\u00e7\u00e3o.<\/p>\n<p>Ana\u00edsa Leal Barbosa Abrah\u00e3o, doutora em Psicologia pela Faculdade de Filosofia, Ci\u00eancias e Letras de Ribeir\u00e3o Preto (FFCLRP) da USP, explica\u00a0que o TDAH \u00e9 um transtorno do neurodesenvolvimento, caracterizado por n\u00edveis prejudiciais de desaten\u00e7\u00e3o, desorganiza\u00e7\u00e3o, hiperatividade e impulsividade, que afeta diversas \u00e1reas da vida. A especialista ressalta que seu in\u00edcio \u00e9 geralmente na inf\u00e2ncia, mas pode persistir at\u00e9 a vida adulta.<\/p>\n<p>Mas, de acordo com a especialista, ainda n\u00e3o existe um consenso definitivo sobre a origem do TDAH. \u201cAlguns estudos sugerem que fatores tanto ambientais quanto gen\u00e9ticos podem contribuir para o desenvolvimento do transtorno\u201d, explica.<\/p>\n<p><strong>LEIA TAMB\u00c9M:<\/strong><a href=\"https:\/\/www.saopaulo.sp.gov.br\/spnoticias\/ultimas-noticias\/mais-da-metade-dos-brasileiros-possuem-genes-que-podem-causar-a-intolerancia-a-lactose\/\" target=\"_blank\" rel=\"noopener noreferrer\"> Mais da metade dos brasileiros possuem genes que podem causar a intoler\u00e2ncia \u00e0 lactose<\/a><\/p>\n<p>S\u00e3o v\u00e1rios os fatores ambientais, que podem ser prematuridade, exposi\u00e7\u00e3o intrauterina a subst\u00e2ncias como tabaco, \u00e1lcool e drogas, baixo peso ao nascer, problemas psicol\u00f3gicos maternos durante a gesta\u00e7\u00e3o, complica\u00e7\u00f5es perinatais e les\u00f5es cerebrais.<\/p>\n<p>Ela, no entanto, destaca que o TDAH n\u00e3o possui um marcador biol\u00f3gico espec\u00edfico e, embora certos genes possam estar correlacionados, n\u00e3o s\u00e3o considerados determinantes por si s\u00f3.<\/p>\n<h2><strong>Tr\u00eas tipos de TDAH<\/strong><\/h2>\n<p>J\u00e1 a neurologista Alicia Coraspe, do Hospital das Cl\u00ednicas da Faculdade de Medicina de Ribeir\u00e3o Preto (HC-FMRP) da USP, fala sobre os tr\u00eas tipos de TDAH existentes: hiperativo\/impulsivo, desatento e misto\/combinado.<\/p>\n<p>\u201cNo caso de pessoas com TDAH hiperativo\/impulsivo, os indiv\u00edduos costumam ser inquietos, falam muito e interrompem constantemente. J\u00e1 as pessoas com TDAH do tipo desatento cometem erros por falta de aten\u00e7\u00e3o e apresentam dificuldade para organizar tarefas e atividades\u201d, detalha a especialista. J\u00e1 o tipo misto\/combinado, conforme o nome indica, mistura sintomas de desaten\u00e7\u00e3o com hiperatividade e impulsividade.<\/p>\n<p>Segundo a neurologista, na inf\u00e2ncia, o transtorno geralmente se apresenta de forma combinada, com caracter\u00edsticas de hiperatividade e desaten\u00e7\u00e3o. Mas, na idade adulta, o tipo mais predominante \u00e9 o de desaten\u00e7\u00e3o.<\/p>\n<p>\u201cCompreender os sintomas do TDAH e suas varia\u00e7\u00f5es ao longo das diferentes faixas et\u00e1rias \u00e9 fundamental para um diagn\u00f3stico preciso e menos estigmatizado\u201d, enfatiza.<\/p>\n<p>Alicia ainda alerta\u00a0que o diagn\u00f3stico de Transtorno de D\u00e9ficit de Aten\u00e7\u00e3o e Hiperatividade na inf\u00e2ncia requer um olhar treinado para distinguir comportamentos t\u00edpicos da idade daqueles caracter\u00edsticos do transtorno.<\/p>\n<p><strong>LEIA TAMB\u00c9M:<\/strong> <a class=\"row-title\" href=\"https:\/\/www.saopaulo.sp.gov.br\/wp-admin\/post.php?post=5884555&amp;action=edit\" aria-label=\"\u201cEstudo da USP mostra medicamento promissor no tratamento da depend\u00eancia de drogas\u201d (Editar)\" rel=\"noopener\">Estudo da USP mostra medicamento promissor no tratamento da depend\u00eancia de drogas<\/a><\/p>\n<p>\u201cAs mudan\u00e7as no estilo de vida, como o aumento do uso de telas e conte\u00fados digitais mais curtos, juntamente com a rotina agitada dos pais, que t\u00eam menos tempo para os filhos, t\u00eam levado mais fam\u00edlias a consult\u00f3rios m\u00e9dicos questionando a possibilidade desse diagn\u00f3stico\u201d, afirma.\u00a0No entanto, de acordo com Alicia, muitas vezes o diagn\u00f3stico de TDAH n\u00e3o se concretiza, sugerindo uma poss\u00edvel supervaloriza\u00e7\u00e3o de sintomas comportamentais que podem ser normais para a faixa et\u00e1ria ou reflexos do ambiente moderno.<\/p>\n<p>\u201cJ\u00e1 a dificuldade do diagn\u00f3stico na fase adulta est\u00e1 em obter relatos do comportamento do paciente na inf\u00e2ncia e na necessidade de distinguir o TDAH de outros transtornos como ansiedade, depress\u00e3o, bipolaridade, disfun\u00e7\u00f5es da tireoide e defici\u00eancias de vitaminas, que s\u00e3o mais prevalentes nessa faixa et\u00e1ria\u201d, comenta.<\/p>\n<p>Ana\u00edsa tamb\u00e9m se preocupa com a banaliza\u00e7\u00e3o do diagn\u00f3stico do TDAH e alerta para falsos positivos. \u201cRealizamos uma pesquisa na USP em 2022 e, ao avaliarmos 43 crian\u00e7as com diagn\u00f3stico m\u00e9dico de\u00a0Transtorno de D\u00e9ficit de Aten\u00e7\u00e3o e Hiperatividade, apenas tr\u00eas preencheram os crit\u00e9rios para TDAH ao serem submetidas a escalas espec\u00edficas.\u201d<\/p>\n<p>A pesquisa de Ana\u00edsa ainda indicou um uso generalizado de metilfenidato, um dos principais medicamentos usados no tratamento do TDAH. \u201cDos 43 participantes, a maioria fazia uso desse medicamento, sem apresentar melhorias significativas nos sintomas principais do transtorno ou nos problemas de comportamento relatados por familiares e professores.\u201d<\/p>\n<p>Ela, portanto, sugere uma abordagem mais abrangente no tratamento do transtorno, incluindo interven\u00e7\u00f5es psicossociais, em vez de depender exclusivamente de tratamento farmacol\u00f3gico.\u00a0A neurologista concorda que o tratamento do TDAH deve ser muito mais do que as medica\u00e7\u00f5es psicoestimulantes. \u201cUma boa noite de sono, bons h\u00e1bitos, cronogramas e uma rotina bem estruturada, na verdade \u00e9 o que muda a vida do paciente.\u201d<\/p>\n<p>As especialistas n\u00e3o est\u00e3o sozinhas: o Conselho Federal de Psicologia, juntamente com outros \u00f3rg\u00e3os e pa\u00edses, est\u00e1 promovendo a campanha N\u00e3o \u00e0 Medicaliza\u00e7\u00e3o da Vida, que discute os perigos associados \u00e0 medicaliza\u00e7\u00e3o excessiva de crian\u00e7as e adolescentes. A iniciativa tamb\u00e9m se preocupa com a identifica\u00e7\u00e3o das crian\u00e7as com TDAH, que pode resultar em estigmas e responsabiliza\u00e7\u00e3o injusta das pessoas por suas dificuldades.<\/p>\n<p>Siga o canal \u201cGoverno de S\u00e3o Paulo\u201d no WhatsApp:<br \/><a href=\"https:\/\/bit.ly\/govspnozap\" target=\"_blank\" rel=\"noopener noreferrer\">https:\/\/bit.ly\/govspnozap<\/a><\/p>\n<\/p><\/div>\n<p><br \/>\n<br \/><a href=\"https:\/\/www.saopaulo.sp.gov.br\/spnoticias\/ultimas-noticias\/pesquisadoras-alertam-para-equivocos-em-diagnosticos-de-tdah-em-criancas\/\" rel=\"noopener\">Informa\u00e7\u00f5es GOV.SP<\/a><\/p>\n","protected":false},"excerpt":{"rendered":"<p>&#13; Ainda n\u00e3o existe um consenso definitivo sobre a origem do TDAH A primeira vez que o Transtorno de D\u00e9ficit de Aten\u00e7\u00e3o e Hiperatividade (TDAH) apareceu documentado foi\u00a0em um texto m\u00e9dico holand\u00eas datado de 1753, segundo publica\u00e7\u00e3o de mar\u00e7o deste ano, na revista Journal of Attention Disorders.\u00a0De l\u00e1 para c\u00e1, o transtorno ganhou maior notoriedade, [&hellip;]<\/p>\n","protected":false},"author":1,"featured_media":7546,"comment_status":"open","ping_status":"open","sticky":false,"template":"","format":"standard","meta":{"_jetpack_newsletter_access":"","_jetpack_dont_email_post_to_subs":false,"_jetpack_newsletter_tier_id":0,"_jetpack_memberships_contains_paywalled_content":false,"_mbp_banners":[],"_jetpack_feature_clip_id":0,"_jetpack_memberships_contains_paid_content":false,"footnotes":"","jetpack_publicize_message":"","jetpack_publicize_feature_enabled":true,"jetpack_social_post_already_shared":true,"jetpack_social_options":{"image_generator_settings":{"template":"highway","default_image_id":0,"font":"","enabled":false},"version":2},"jetpack_post_was_ever_published":false},"categories":[21],"tags":[],"class_list":["post-7545","post","type-post","status-publish","format-standard","has-post-thumbnail","category-sp-news"],"jetpack_publicize_connections":[],"jetpack-related-posts":[],"jetpack_shortlink":"https:\/\/wp.me\/p7Eq1F-1XH","jetpack_sharing_enabled":true,"jetpack_featured_media_url":"https:\/\/i0.wp.com\/guialimeira.com.br\/news\/wp-content\/uploads\/2024\/06\/Pesquisa-alerta-para-equivocos-em-diagnosticos-de-TDAH-em-criancas.jpg?fit=1200%2C630&ssl=1","_links":{"self":[{"href":"https:\/\/guialimeira.com.br\/news\/wp-json\/wp\/v2\/posts\/7545","targetHints":{"allow":["GET"]}}],"collection":[{"href":"https:\/\/guialimeira.com.br\/news\/wp-json\/wp\/v2\/posts"}],"about":[{"href":"https:\/\/guialimeira.com.br\/news\/wp-json\/wp\/v2\/types\/post"}],"author":[{"embeddable":true,"href":"https:\/\/guialimeira.com.br\/news\/wp-json\/wp\/v2\/users\/1"}],"replies":[{"embeddable":true,"href":"https:\/\/guialimeira.com.br\/news\/wp-json\/wp\/v2\/comments?post=7545"}],"version-history":[{"count":0,"href":"https:\/\/guialimeira.com.br\/news\/wp-json\/wp\/v2\/posts\/7545\/revisions"}],"wp:featuredmedia":[{"embeddable":true,"href":"https:\/\/guialimeira.com.br\/news\/wp-json\/wp\/v2\/media\/7546"}],"wp:attachment":[{"href":"https:\/\/guialimeira.com.br\/news\/wp-json\/wp\/v2\/media?parent=7545"}],"wp:term":[{"taxonomy":"category","embeddable":true,"href":"https:\/\/guialimeira.com.br\/news\/wp-json\/wp\/v2\/categories?post=7545"},{"taxonomy":"post_tag","embeddable":true,"href":"https:\/\/guialimeira.com.br\/news\/wp-json\/wp\/v2\/tags?post=7545"}],"curies":[{"name":"wp","href":"https:\/\/api.w.org\/{rel}","templated":true}]}}