{"id":75449,"date":"2026-08-26T15:37:41","date_gmt":"2026-08-26T18:37:41","guid":{"rendered":"https:\/\/guialimeira.com.br\/?p=75449"},"modified":"2026-08-26T15:37:41","modified_gmt":"2026-08-26T18:37:41","slug":"degelo-e-seca-avancam-sobre-asia-central-e-pequenos-paises-insulares","status":"publish","type":"post","link":"https:\/\/guialimeira.com.br\/news\/degelo-e-seca-avancam-sobre-asia-central-e-pequenos-paises-insulares\/","title":{"rendered":"Degelo e seca avan\u00e7am sobre \u00c1sia Central e pequenos pa\u00edses insulares"},"content":{"rendered":"<p> <br \/>\n<\/p>\n<div>\n<p><strong>Dois relat\u00f3rios lan\u00e7ados nesta quarta-feira (26) alertam que os pequenos pa\u00edses insulares em desenvolvimento (SIDS, na sigla em ingl\u00eas) e a \u00c1sia Central est\u00e3o<a href=\"https:\/\/www.unccd.int\/resources\/global-land-outlook\/glo-small-island-developing-states-thematic-report\" target=\"_blank\" rel=\"noopener\"> sofrendo press\u00f5es<\/a> sem precedentes sobre recursos h\u00eddricos, sa\u00fade do solo e clima.<\/strong><img data-recalc-dims=\"1\" decoding=\"async\" src=\"https:\/\/i0.wp.com\/agenciabrasil.ebc.com.br\/ebc.png?w=696&#038;ssl=1\" style=\"width:1px;height:1px;display:inline\" \/><img data-recalc-dims=\"1\" decoding=\"async\" src=\"https:\/\/i0.wp.com\/agenciabrasil.ebc.com.br\/ebc.gif?w=696&#038;ssl=1\" style=\"width:1px;height:1px;display:inline\" \/><\/p>\n<p>No total, s\u00e3o mais de 50 pa\u00edses e territ\u00f3rios afetados. As duas publica\u00e7\u00f5es foram apresentadas oficialmente na 17\u00aa Confer\u00eancia das Na\u00e7\u00f5es Unidas de Combate \u00e0 Desertifica\u00e7\u00e3o (COP17), que est\u00e1 sendo realizada em Ulaanbaatar, capital da Mong\u00f3lia.<\/p>\n<p>Os textos fazem parte do<a href=\"https:\/\/www.unccd.int\/resources\/global-land-outlook\/glo-central-asia-thematic-report\" target=\"_blank\" rel=\"noopener\"> Global Land Outlook (GLO)<\/a>, principal publica\u00e7\u00e3o da conven\u00e7\u00e3o das Na\u00e7\u00f5es Unidas sobre a terra (UNCCD). O documento geral teve duas vers\u00f5es at\u00e9 agora, o GLO1 de 2017 e GLO2 de 2022, e seis relat\u00f3rios regionais. Entre elas, o da Am\u00e9rica Latina.\u00a0<\/p>\n<h2>\u00c1sia Central<\/h2>\n<p><strong>A \u00c1sia Central \u00e9 formada por Cazaquist\u00e3o, Quirguist\u00e3o, Tajiquist\u00e3o, Turcomenist\u00e3o e Uzbequist\u00e3o. A imagem de outros tempos, de estepes vastas e o\u00e1sis f\u00e9rteis, est\u00e1 deixando de existir.<\/strong><\/p>\n<p>A regi\u00e3o \u00e9 considerada um dos epicentros mundiais da degrada\u00e7\u00e3o do solo. Mais de 80 milh\u00f5es de hectares, ou mais de um quarto, j\u00e1 est\u00e3o degradados. O problema atinge 30% da popula\u00e7\u00e3o ou 24 milh\u00f5es de pessoas. O c\u00e1lculo da UNCCD \u00e9 de que, a cada ano, essa degrada\u00e7\u00e3o provoque perdas entre dois e seis bilh\u00f5es de d\u00f3lares.\u00a0<\/p>\n<p><strong>A \u00c1sia Central tamb\u00e9m est\u00e1 aquecendo duas vezes mais do que a m\u00e9dia global. As geleiras,\u00a0 que antes eram as \u201ctorres de \u00e1gua\u201d da regi\u00e3o, encolheram 30% em apenas cinquenta anos.<\/strong><\/p>\n<h2>Pa\u00edses insulares<\/h2>\n<p>Os SIDS incluem 39 pa\u00edses e 18 territ\u00f3rios no Caribe, oceanos Pac\u00edfico, Atl\u00e2ntico e \u00cdndico, al\u00e9m do Mar do Sul da China. Cerca de 18,8 milh\u00f5es de hectares de terra, ou 16,5% de sua \u00e1rea total combinada, est\u00e3o degradados em diferentes graus, ligeiramente acima da m\u00e9dia global.<\/p>\n<p><strong>Mais de 70%\u00a0 deles enfrentam problemas de escassez de \u00e1gua e 43% da \u00e1rea total est\u00e3o sendo afetados pela seca.<\/strong> Desses, 3% sofreram seca severa e 6% seca extrema. A \u00e1rea total afetada pela seca extrema aumentou 30% entre os per\u00edodos de 1961\/1970 e 2014\/2023.<\/p>\n<p><strong>Estima-se que 16,3 milh\u00f5es de pessoas enfrentem inseguran\u00e7a alimentar grave, com 11,5 milh\u00f5es de pessoas subnutridas.<\/strong><\/p>\n<p>Estes pa\u00edses recebem cerca de US$ 2 bilh\u00f5es em financiamento p\u00fablico para adapta\u00e7\u00e3o por ano, o que equivale a aproximadamente 0,2% do financiamento clim\u00e1tico global total. Os pesquisadores estimam que os pa\u00edses precisar\u00e3o de pelo menos US$ 11,7 bilh\u00f5es anualmente para fins de adapta\u00e7\u00e3o, quase seis vezes o n\u00edvel atual de financiamento.<\/p>\n<p>A secret\u00e1ria executiva da UNCCD, Yasmine Fouad, disse que apesar das diferen\u00e7as, tanto \u00c1sia Central como os SIDS mostram vulnerabilidades, mas ainda est\u00e3o em situa\u00e7\u00e3o poss\u00edvel de melhora.<\/p>\n<blockquote>\n<p>\u201c A prioridade agora \u00e9 acelerar esse progresso, ao investir na gest\u00e3o respons\u00e1vel da terra, fortalecendo a coopera\u00e7\u00e3o regional e internacional e garantindo que as pessoas e os ecossistemas permane\u00e7am no centro das decis\u00f5es de desenvolvimento\u201d, afirma Yasmine.<\/p>\n<\/blockquote>\n<p><em>*O rep\u00f3rter viajou para a Mong\u00f3lia a convite da Conven\u00e7\u00e3o das Na\u00e7\u00f5es Unidas de Combate \u00e0 Desertifica\u00e7\u00e3o (UNCCD), ap\u00f3s sele\u00e7\u00e3o entre jornalistas de diversos continentes.<\/em><\/p>\n<p>      <!-- Relacionada --><\/p>\n<p>            <!-- Relacionada -->\n    <\/div>\n<p><br \/>\n<br \/><a href=\"https:\/\/agenciabrasil.ebc.com.br\/meio-ambiente\/noticia\/2026-08\/degelo-e-seca-avancam-sobre-asia-central-e-pequenos-paises-insulares\" rel=\"noopener\">Informa\u00e7\u00f5es com a Ag\u00eancia Brasil<\/a><\/p>\n","protected":false},"excerpt":{"rendered":"<p>Dois relat\u00f3rios lan\u00e7ados nesta quarta-feira (26) alertam que os pequenos pa\u00edses insulares em desenvolvimento (SIDS, na sigla em ingl\u00eas) e a \u00c1sia Central est\u00e3o sofrendo press\u00f5es sem precedentes sobre recursos h\u00eddricos, sa\u00fade do solo e clima. No total, s\u00e3o mais de 50 pa\u00edses e territ\u00f3rios afetados. As duas publica\u00e7\u00f5es foram apresentadas oficialmente na 17\u00aa Confer\u00eancia [&hellip;]<\/p>\n","protected":false},"author":1,"featured_media":75450,"comment_status":"closed","ping_status":"open","sticky":false,"template":"","format":"standard","meta":{"_jetpack_newsletter_access":"","_jetpack_dont_email_post_to_subs":false,"_jetpack_newsletter_tier_id":0,"_jetpack_memberships_contains_paywalled_content":false,"_mbp_banners":[],"_jetpack_feature_clip_id":0,"_jetpack_memberships_contains_paid_content":false,"footnotes":"","jetpack_publicize_message":"","jetpack_publicize_feature_enabled":true,"jetpack_social_post_already_shared":true,"jetpack_social_options":{"image_generator_settings":{"template":"highway","default_image_id":0,"font":"","enabled":false},"version":2},"jetpack_post_was_ever_published":false},"categories":[22],"tags":[],"class_list":["post-75449","post","type-post","status-publish","format-standard","has-post-thumbnail","category-nacional"],"jetpack_publicize_connections":[],"jetpack-related-posts":[],"jetpack_shortlink":"https:\/\/wp.me\/p7Eq1F-jCV","jetpack_sharing_enabled":true,"jetpack_featured_media_url":"https:\/\/i0.wp.com\/guialimeira.com.br\/news\/wp-content\/uploads\/2026\/08\/55484710735_cbb91e9342_k.jpg?fit=1600%2C800&ssl=1","_links":{"self":[{"href":"https:\/\/guialimeira.com.br\/news\/wp-json\/wp\/v2\/posts\/75449","targetHints":{"allow":["GET"]}}],"collection":[{"href":"https:\/\/guialimeira.com.br\/news\/wp-json\/wp\/v2\/posts"}],"about":[{"href":"https:\/\/guialimeira.com.br\/news\/wp-json\/wp\/v2\/types\/post"}],"author":[{"embeddable":true,"href":"https:\/\/guialimeira.com.br\/news\/wp-json\/wp\/v2\/users\/1"}],"replies":[{"embeddable":true,"href":"https:\/\/guialimeira.com.br\/news\/wp-json\/wp\/v2\/comments?post=75449"}],"version-history":[{"count":1,"href":"https:\/\/guialimeira.com.br\/news\/wp-json\/wp\/v2\/posts\/75449\/revisions"}],"predecessor-version":[{"id":75451,"href":"https:\/\/guialimeira.com.br\/news\/wp-json\/wp\/v2\/posts\/75449\/revisions\/75451"}],"wp:featuredmedia":[{"embeddable":true,"href":"https:\/\/guialimeira.com.br\/news\/wp-json\/wp\/v2\/media\/75450"}],"wp:attachment":[{"href":"https:\/\/guialimeira.com.br\/news\/wp-json\/wp\/v2\/media?parent=75449"}],"wp:term":[{"taxonomy":"category","embeddable":true,"href":"https:\/\/guialimeira.com.br\/news\/wp-json\/wp\/v2\/categories?post=75449"},{"taxonomy":"post_tag","embeddable":true,"href":"https:\/\/guialimeira.com.br\/news\/wp-json\/wp\/v2\/tags?post=75449"}],"curies":[{"name":"wp","href":"https:\/\/api.w.org\/{rel}","templated":true}]}}