{"id":75440,"date":"2026-08-26T12:34:18","date_gmt":"2026-08-26T15:34:18","guid":{"rendered":"https:\/\/guialimeira.com.br\/?p=75440"},"modified":"2026-08-26T12:34:18","modified_gmt":"2026-08-26T15:34:18","slug":"previa-da-inflacao-fica-em-040-a-menor-desde-agosto-de-2022","status":"publish","type":"post","link":"https:\/\/guialimeira.com.br\/news\/previa-da-inflacao-fica-em-040-a-menor-desde-agosto-de-2022\/","title":{"rendered":"Pr\u00e9via da infla\u00e7\u00e3o fica em -0,40%, a menor desde agosto de 2022"},"content":{"rendered":"<p> <br \/>\n<\/p>\n<div>\n<p><strong>O desconto do B\u00f4nus de Itaipu na conta de luz e os pre\u00e7os dos alimentos ajudaram a jogar a pr\u00e9via da infla\u00e7\u00e3o de agosto para baixo e fazer o \u00edndice fechar o m\u00eas em -0,40%, a menor desde agosto de 2022, quando marcou -0,73%.<\/strong><img data-recalc-dims=\"1\" decoding=\"async\" src=\"https:\/\/i0.wp.com\/agenciabrasil.ebc.com.br\/ebc.png?w=696&#038;ssl=1\" style=\"width:1px;height:1px;display:inline\" \/><img data-recalc-dims=\"1\" decoding=\"async\" src=\"https:\/\/i0.wp.com\/agenciabrasil.ebc.com.br\/ebc.gif?w=696&#038;ssl=1\" style=\"width:1px;height:1px;display:inline\" \/><\/p>\n<p><a href=\"https:\/\/biblioteca.ibge.gov.br\/visualizacao\/periodicos\/2376\/ipca_15_2026_ago.pdf\" target=\"_blank\" rel=\"noopener\">Os dados fazem parte do \u00cdndice Nacional de Pre\u00e7os ao Consumidor Amplo 15 (IPCA-15),<\/a> divulgado nesta quarta-feira (26) pelo Instituto Brasileiro de Geografia e Estat\u00edstica (IBGE).<\/p>\n<p><strong>Em julho o indicador tinha marcado 0,06%. Com o resultado de agosto, o IPCA-15 acumula 4,24% em 12 meses.<\/strong><\/p>\n<h2>B\u00f4nus na conta de luz<\/h2>\n<p><strong>Dos nove grupos de produtos e servi\u00e7os apurados pelo IBGE, cinco apresentaram defla\u00e7\u00e3o no m\u00eas:<\/strong><\/p>\n<p>Alimenta\u00e7\u00e3o e bebidas: -0,57% (impacto de -0,12 ponto percentual)<\/p>\n<p>Habita\u00e7\u00e3o: -1,41% (-0,22 p.p.)<\/p>\n<p>Artigos de resid\u00eancia: 0,04% (0 p.p.)<\/p>\n<p>Vestu\u00e1rio: -0,20% (-0,01 p.p.)<\/p>\n<p>Transportes: -1% (-0,20 p.p.)<\/p>\n<p>Sa\u00fade e cuidados pessoais: 0,40% (0,05 p.p.)<\/p>\n<p>Despesas pessoais: 0,66% (0,07 p.p.)<\/p>\n<p>Educa\u00e7\u00e3o: 0,46% (0,03 p.p.)<\/p>\n<p>Comunica\u00e7\u00e3o: -0,02% (0 p.p.)<\/p>\n<p><strong>O pre\u00e7o da energia el\u00e9trica residencial foi o subitem que mais puxou a pr\u00e9via da infla\u00e7\u00e3o para baixo, recuando 6,25% (-0,26 p.p.). A explica\u00e7\u00e3o est\u00e1 no B\u00f4nus de Itaipu, desconto que consumidores receberam na conta de luz.<\/strong><\/p>\n<h2>Alimentos<\/h2>\n<p>O grupo alimenta\u00e7\u00e3o e bebidas (-0,57%) foi influenciado pela alimenta\u00e7\u00e3o no domic\u00edlio, que ficou 0,97% mais barata.<\/p>\n<p><strong>Veja os alimentos que mais ca\u00edram de pre\u00e7o:<\/strong><\/p>\n<p>tomate: -27,38%<\/p>\n<p>batata-inglesa: -25,14%<\/p>\n<p>cenoura: -17,05%<\/p>\n<p>caf\u00e9 mo\u00eddo: -2,31%<\/p>\n<h2>Queda na gasolina<\/h2>\n<p><strong>A defla\u00e7\u00e3o no grupo transportes foi puxada principalmente pelo pre\u00e7o da passagem a\u00e9rea, que recuou 13,30% no m\u00eas. Os combust\u00edveis tamb\u00e9m contribu\u00edram (-1,43%). Foram registradas quedas no etanol (-3,63%), na gasolina (-1,23%) e no \u00f3leo diesel (-0,71%).<\/strong><\/p>\n<h2>IPCA-15 e IPCA<\/h2>\n<p>O IPCA-15 tem basicamente a mesma metodologia do IPCA, a chamada infla\u00e7\u00e3o oficial, que serve de base para a pol\u00edtica de meta de infla\u00e7\u00e3o do governo: 3% no acumulado em 12 meses, com margem de toler\u00e2ncia de 1,5 p.p. para mais ou para menos.<\/p>\n<p>A diferen\u00e7a est\u00e1 no per\u00edodo de coleta de pre\u00e7os e na abrang\u00eancia geogr\u00e1fica. Na pr\u00e9via, a pesquisa e feita e divulgada antes mesmo de acabar o m\u00eas de refer\u00eancia. Em rela\u00e7\u00e3o \u00e0 divulga\u00e7\u00e3o atual, o per\u00edodo de coleta foi de 16 de julho a 14 de agosto.<\/p>\n<p><strong>Ambos os \u00edndices levam em considera\u00e7\u00e3o uma cesta de produtos e servi\u00e7os para fam\u00edlias com rendimentos entre um e 40 sal\u00e1rios m\u00ednimos. Atualmente o valor do m\u00ednimo \u00e9 R$ 1.621.<\/strong><\/p>\n<p>O IPCA-15 coleta pre\u00e7os de 367 produtos e servi\u00e7os (10 a menos que o IPCA) em 11 localidades do pa\u00eds (as regi\u00f5es metropolitanas do Rio de Janeiro, Porto Alegre, Belo Horizonte, Recife, S\u00e3o Paulo, Bel\u00e9m, Fortaleza, Salvador e Curitiba, al\u00e9m de Bras\u00edlia e Goi\u00e2nia.); e o IPCA, 16 localidades (inclui Vit\u00f3ria, Campo Grande, Rio Branco, S\u00e3o Lu\u00eds e Aracaju).<\/p>\n<p>O IPCA cheio de agosto ser\u00e1 divulgado em 11 de setembro. O <a href=\"https:\/\/www.bcb.gov.br\/content\/focus\/focus\/R20260821.pdf\" target=\"_blank\" rel=\"noopener\">boletim Focus da \u00faltima segunda-feira (24), sondagem do Banco Central (BC)<\/a> com institui\u00e7\u00f5es do mercado financeiro, aponta que o mercado espera que a infla\u00e7\u00e3o de agosto fique em -0,18%.\u00a0<\/p>\n<p>\u00a0<\/p>\n<p>      <!-- Relacionada --><\/p>\n<p>            <!-- Relacionada -->\n    <\/div>\n<p><br \/>\n<br \/><a href=\"https:\/\/agenciabrasil.ebc.com.br\/economia\/noticia\/2026-08\/previa-da-inflacao-fica-em-040-menor-desde-agosto-de-2022\" rel=\"noopener\">Informa\u00e7\u00f5es com a Ag\u00eancia Brasil<\/a><\/p>\n","protected":false},"excerpt":{"rendered":"<p>O desconto do B\u00f4nus de Itaipu na conta de luz e os pre\u00e7os dos alimentos ajudaram a jogar a pr\u00e9via da infla\u00e7\u00e3o de agosto para baixo e fazer o \u00edndice fechar o m\u00eas em -0,40%, a menor desde agosto de 2022, quando marcou -0,73%. Os dados fazem parte do \u00cdndice Nacional de Pre\u00e7os ao Consumidor [&hellip;]<\/p>\n","protected":false},"author":1,"featured_media":75441,"comment_status":"closed","ping_status":"open","sticky":false,"template":"","format":"standard","meta":{"_jetpack_newsletter_access":"","_jetpack_dont_email_post_to_subs":false,"_jetpack_newsletter_tier_id":0,"_jetpack_memberships_contains_paywalled_content":false,"_mbp_banners":[],"_jetpack_feature_clip_id":0,"_jetpack_memberships_contains_paid_content":false,"footnotes":"","jetpack_publicize_message":"","jetpack_publicize_feature_enabled":true,"jetpack_social_post_already_shared":true,"jetpack_social_options":{"image_generator_settings":{"template":"highway","default_image_id":0,"font":"","enabled":false},"version":2},"jetpack_post_was_ever_published":false},"categories":[22],"tags":[],"class_list":["post-75440","post","type-post","status-publish","format-standard","has-post-thumbnail","category-nacional"],"jetpack_publicize_connections":[],"jetpack-related-posts":[],"jetpack_shortlink":"https:\/\/wp.me\/p7Eq1F-jCM","jetpack_sharing_enabled":true,"jetpack_featured_media_url":"https:\/\/i0.wp.com\/guialimeira.com.br\/news\/wp-content\/uploads\/2026\/08\/1016075-28042016-capa-img_1454a-.jpg?fit=1600%2C800&ssl=1","_links":{"self":[{"href":"https:\/\/guialimeira.com.br\/news\/wp-json\/wp\/v2\/posts\/75440","targetHints":{"allow":["GET"]}}],"collection":[{"href":"https:\/\/guialimeira.com.br\/news\/wp-json\/wp\/v2\/posts"}],"about":[{"href":"https:\/\/guialimeira.com.br\/news\/wp-json\/wp\/v2\/types\/post"}],"author":[{"embeddable":true,"href":"https:\/\/guialimeira.com.br\/news\/wp-json\/wp\/v2\/users\/1"}],"replies":[{"embeddable":true,"href":"https:\/\/guialimeira.com.br\/news\/wp-json\/wp\/v2\/comments?post=75440"}],"version-history":[{"count":1,"href":"https:\/\/guialimeira.com.br\/news\/wp-json\/wp\/v2\/posts\/75440\/revisions"}],"predecessor-version":[{"id":75442,"href":"https:\/\/guialimeira.com.br\/news\/wp-json\/wp\/v2\/posts\/75440\/revisions\/75442"}],"wp:featuredmedia":[{"embeddable":true,"href":"https:\/\/guialimeira.com.br\/news\/wp-json\/wp\/v2\/media\/75441"}],"wp:attachment":[{"href":"https:\/\/guialimeira.com.br\/news\/wp-json\/wp\/v2\/media?parent=75440"}],"wp:term":[{"taxonomy":"category","embeddable":true,"href":"https:\/\/guialimeira.com.br\/news\/wp-json\/wp\/v2\/categories?post=75440"},{"taxonomy":"post_tag","embeddable":true,"href":"https:\/\/guialimeira.com.br\/news\/wp-json\/wp\/v2\/tags?post=75440"}],"curies":[{"name":"wp","href":"https:\/\/api.w.org\/{rel}","templated":true}]}}