{"id":75421,"date":"2026-08-26T10:31:09","date_gmt":"2026-08-26T13:31:09","guid":{"rendered":"https:\/\/guialimeira.com.br\/?p=75421"},"modified":"2026-08-26T10:31:09","modified_gmt":"2026-08-26T13:31:09","slug":"anvisa-atualiza-regras-de-seguranca-sanitaria-para-avioes-e-aeroportos","status":"publish","type":"post","link":"https:\/\/guialimeira.com.br\/news\/anvisa-atualiza-regras-de-seguranca-sanitaria-para-avioes-e-aeroportos\/","title":{"rendered":"Anvisa atualiza regras de seguran\u00e7a sanit\u00e1ria para avi\u00f5es e aeroportos"},"content":{"rendered":"<p> <br \/>\n<\/p>\n<div>\n<p><strong>A <a href=\"https:\/\/www.gov.br\/anvisa\/pt-br\" rel=\"noopener\">Ag\u00eancia Nacional de Vigil\u00e2ncia Sanit\u00e1ria (Anvisa)<\/a> atualizou regras de seguran\u00e7a sanit\u00e1ria para avi\u00f5es e aeroportos no Brasil. <a href=\"https:\/\/www.in.gov.br\/en\/web\/dou\/-\/resolucao-da-diretoria-colegiada-anvisa-n-1.038-de-21-de-agosto-de-2026-*-728022671\" target=\"_blank\" rel=\"noopener\">Norma <\/a>publicada nesta quarta-feira (26) prev\u00ea medidas relacionadas \u00e0 qualidade da \u00e1gua, limpeza, ao gerenciamento de res\u00edduos, controle de pragas e atendimento de sa\u00fade em aeroportos. Cada \u00e1rea dever\u00e1 ter plano de gest\u00e3o espec\u00edfico.<\/strong><img data-recalc-dims=\"1\" decoding=\"async\" src=\"https:\/\/i0.wp.com\/agenciabrasil.ebc.com.br\/ebc.png?w=696&#038;ssl=1\" style=\"width:1px;height:1px;display:inline\" \/><img data-recalc-dims=\"1\" decoding=\"async\" src=\"https:\/\/i0.wp.com\/agenciabrasil.ebc.com.br\/ebc.gif?w=696&#038;ssl=1\" style=\"width:1px;height:1px;display:inline\" \/><\/p>\n<p>O texto\u00a0substitui regulamenta\u00e7\u00e3o vigente desde 2002\u00a0e busca adequar os procedimentos sanit\u00e1rios do setor aeroportu\u00e1rio \u00e0s exig\u00eancias atuais de vigil\u00e2ncia em sa\u00fade. A Resolu\u00e7\u00e3o n\u00ba 1.038 entra em vigor em 150 dias.<\/p>\n<p>Entre as principais novidades est\u00e1 a obrigatoriedade da implanta\u00e7\u00e3o de sistemas de gest\u00e3o da qualidade\u00a0voltados \u00e0 seguran\u00e7a sanit\u00e1ria. A exig\u00eancia valer\u00e1 para aeroportos das classes III e IV \u2013 como o de Guarulhos, Bras\u00edlia e o Gale\u00e3o, por exemplo \u2013 e para empresas de transporte regular de passageiros que operem aeronaves com banheiros ou instala\u00e7\u00f5es hidr\u00e1ulicas.<\/p>\n<p>O Sistema\u00a0de Gest\u00e3o da Qualidade dever\u00e1 conter:<\/p>\n<ol>\n<li>pol\u00edticas de seguran\u00e7a sanit\u00e1ria;<\/li>\n<li>programas de auditoria;<\/li>\n<li>gest\u00e3o documental;<\/li>\n<li>qualifica\u00e7\u00e3o de fornecedores;<\/li>\n<li>capacita\u00e7\u00e3o peri\u00f3dica de trabalhadores.\u00a0<\/li>\n<\/ol>\n<p>As organiza\u00e7\u00f5es\u00a0ter\u00e3o prazo de 24 meses para implementar integralmente as medidas, sendo que as \u00e1reas de gest\u00e3o documental e treinamento dever\u00e3o estar estruturadas em at\u00e9 12 meses.<\/p>\n<h2>Obriga\u00e7\u00f5es<\/h2>\n<p>Aeroportos:<\/p>\n<ul>\n<li>fornecimento de \u00e1gua pot\u00e1vel;<\/li>\n<li>limpeza e desinfec\u00e7\u00e3o do terminal;<\/li>\n<li>gerenciamento de res\u00edduos s\u00f3lidos;\u00a0<\/li>\n<li>controle de pragas;<\/li>\n<li>sistemas de climatiza\u00e7\u00e3o;<\/li>\n<li>servi\u00e7os de sa\u00fade.<\/li>\n<\/ul>\n<p>Companhias a\u00e9reas:<\/p>\n<ul>\n<li>manuten\u00e7\u00e3o da qualidade da \u00e1gua consumida a bordo;<\/li>\n<li>controle sanit\u00e1rio dos alimentos servidos durante os voos;<\/li>\n<li>limpeza e desinfec\u00e7\u00e3o das aeronaves;<\/li>\n<li>gerenciamento dos res\u00edduos produzidos durante as viagens;<\/li>\n<li>a\u00e7\u00f5es para evitar a presen\u00e7a de insetos, roedores e outros animais que possam representar riscos \u00e0 sa\u00fade p\u00fablica.<\/li>\n<\/ul>\n<p><strong>A norma determina a elabora\u00e7\u00e3o de\u00a0planos espec\u00edficos para as diferentes \u00e1reas de controle sanit\u00e1rio, como o Plano de Gest\u00e3o de \u00c1gua Pot\u00e1vel, Plano de Gerenciamento de Res\u00edduos S\u00f3lidos, e o Plano de Gerenciamento de Limpeza e Desinfec\u00e7\u00e3o.<\/strong><\/p>\n<h2>Emerg\u00eancia<\/h2>\n<p>A texto tamb\u00e9m detalha procedimentos para situa\u00e7\u00f5es de emerg\u00eancias em sa\u00fade p\u00fablica. Em casos de eventos sanit\u00e1rios de relev\u00e2ncia nacional ou internacional, aeroportos e empresas a\u00e9reas dever\u00e3o adaptar seus protocolos \u00e0s orienta\u00e7\u00f5es espec\u00edficas emitidas pelas autoridades sanit\u00e1rias.<\/p>\n<p>Para aeroportos que queiram iniciar opera\u00e7\u00f5es internacionais, a resolu\u00e7\u00e3o estabelece a necessidade de avalia\u00e7\u00e3o sanit\u00e1ria pr\u00e9via pela Anvisa. A internacionaliza\u00e7\u00e3o depender\u00e1 da comprova\u00e7\u00e3o do cumprimento dos requisitos sanit\u00e1rios previstos\u00a0e poder\u00e1 incluir inspe\u00e7\u00f5es presenciais.<\/p>\n<p>      <!-- Relacionada --><\/p>\n<p>            <!-- Relacionada -->\n    <\/div>\n<p><br \/>\n<br \/><a href=\"https:\/\/agenciabrasil.ebc.com.br\/geral\/noticia\/2026-08\/anvisa-atualiza-regras-de-seguranca-sanitaria-para-avioes-e-aeroportos\" rel=\"noopener\">Informa\u00e7\u00f5es com a Ag\u00eancia Brasil<\/a><\/p>\n","protected":false},"excerpt":{"rendered":"<p>A Ag\u00eancia Nacional de Vigil\u00e2ncia Sanit\u00e1ria (Anvisa) atualizou regras de seguran\u00e7a sanit\u00e1ria para avi\u00f5es e aeroportos no Brasil. Norma publicada nesta quarta-feira (26) prev\u00ea medidas relacionadas \u00e0 qualidade da \u00e1gua, limpeza, ao gerenciamento de res\u00edduos, controle de pragas e atendimento de sa\u00fade em aeroportos. Cada \u00e1rea dever\u00e1 ter plano de gest\u00e3o espec\u00edfico. O texto\u00a0substitui regulamenta\u00e7\u00e3o [&hellip;]<\/p>\n","protected":false},"author":1,"featured_media":75422,"comment_status":"closed","ping_status":"open","sticky":false,"template":"","format":"standard","meta":{"_jetpack_newsletter_access":"","_jetpack_dont_email_post_to_subs":false,"_jetpack_newsletter_tier_id":0,"_jetpack_memberships_contains_paywalled_content":false,"_mbp_banners":[],"_jetpack_feature_clip_id":0,"_jetpack_memberships_contains_paid_content":false,"footnotes":"","jetpack_publicize_message":"","jetpack_publicize_feature_enabled":true,"jetpack_social_post_already_shared":true,"jetpack_social_options":{"image_generator_settings":{"template":"highway","default_image_id":0,"font":"","enabled":false},"version":2},"jetpack_post_was_ever_published":false},"categories":[22],"tags":[],"class_list":["post-75421","post","type-post","status-publish","format-standard","has-post-thumbnail","category-nacional"],"jetpack_publicize_connections":[],"jetpack-related-posts":[],"jetpack_shortlink":"https:\/\/wp.me\/p7Eq1F-jCt","jetpack_sharing_enabled":true,"jetpack_featured_media_url":"https:\/\/i0.wp.com\/guialimeira.com.br\/news\/wp-content\/uploads\/2026\/08\/img_3623.jpg?fit=1600%2C800&ssl=1","_links":{"self":[{"href":"https:\/\/guialimeira.com.br\/news\/wp-json\/wp\/v2\/posts\/75421","targetHints":{"allow":["GET"]}}],"collection":[{"href":"https:\/\/guialimeira.com.br\/news\/wp-json\/wp\/v2\/posts"}],"about":[{"href":"https:\/\/guialimeira.com.br\/news\/wp-json\/wp\/v2\/types\/post"}],"author":[{"embeddable":true,"href":"https:\/\/guialimeira.com.br\/news\/wp-json\/wp\/v2\/users\/1"}],"replies":[{"embeddable":true,"href":"https:\/\/guialimeira.com.br\/news\/wp-json\/wp\/v2\/comments?post=75421"}],"version-history":[{"count":1,"href":"https:\/\/guialimeira.com.br\/news\/wp-json\/wp\/v2\/posts\/75421\/revisions"}],"predecessor-version":[{"id":75424,"href":"https:\/\/guialimeira.com.br\/news\/wp-json\/wp\/v2\/posts\/75421\/revisions\/75424"}],"wp:featuredmedia":[{"embeddable":true,"href":"https:\/\/guialimeira.com.br\/news\/wp-json\/wp\/v2\/media\/75422"}],"wp:attachment":[{"href":"https:\/\/guialimeira.com.br\/news\/wp-json\/wp\/v2\/media?parent=75421"}],"wp:term":[{"taxonomy":"category","embeddable":true,"href":"https:\/\/guialimeira.com.br\/news\/wp-json\/wp\/v2\/categories?post=75421"},{"taxonomy":"post_tag","embeddable":true,"href":"https:\/\/guialimeira.com.br\/news\/wp-json\/wp\/v2\/tags?post=75421"}],"curies":[{"name":"wp","href":"https:\/\/api.w.org\/{rel}","templated":true}]}}