{"id":75414,"date":"2026-08-26T09:30:33","date_gmt":"2026-08-26T12:30:33","guid":{"rendered":"https:\/\/guialimeira.com.br\/?p=75414"},"modified":"2026-08-26T09:30:33","modified_gmt":"2026-08-26T12:30:33","slug":"pelo-menos-14-bebes-morrem-em-incendio-em-hospital-no-paquistao","status":"publish","type":"post","link":"https:\/\/guialimeira.com.br\/news\/pelo-menos-14-bebes-morrem-em-incendio-em-hospital-no-paquistao\/","title":{"rendered":"Pelo menos 14 beb\u00eas morrem em inc\u00eandio em hospital no Paquist\u00e3o"},"content":{"rendered":"<p> <br \/>\n<\/p>\n<div>\n<p>Pelo menos 14 beb\u00eas morreram em um inc\u00eandio em um hospital p\u00fablico na capital do Paquist\u00e3o, Islamabad, nesta quarta-feira (26(, informou o primeiro-ministro, Shehbaz Sharif. O\u00a0ministro da Sa\u00fade,\u00a0 Mustafa Kamal, atribuiu a trag\u00e9dia a uma explos\u00e3o na ala de neonatologia.<img data-recalc-dims=\"1\" decoding=\"async\" src=\"https:\/\/i0.wp.com\/agenciabrasil.ebc.com.br\/ebc.png?w=696&#038;ssl=1\" style=\"width:1px;height:1px;display:inline\" \/><img data-recalc-dims=\"1\" decoding=\"async\" src=\"https:\/\/i0.wp.com\/agenciabrasil.ebc.com.br\/ebc.gif?w=696&#038;ssl=1\" style=\"width:1px;height:1px;display:inline\" \/><\/p>\n<p><strong>O inc\u00eandio come\u00e7ou por volta das 7h (hor\u00e1rio local) no Instituto de Ci\u00eancias M\u00e9dicas do Paquist\u00e3o, no terceiro andar da ala de sa\u00fade materno-infantil, informou a emissora Geo TV, que estimou o n\u00famero de mortos em cerca de 15.<\/strong><\/p>\n<blockquote>\n<p>\u201cO inc\u00eandio come\u00e7ou ap\u00f3s explos\u00e3o em um aparelho de ar-condicionado\u201d, disse\u00a0Kamal, \u00e0 Geo TV, acrescentando que a grande quantidade de oxig\u00eanio na ala contribuiu para a propaga\u00e7\u00e3o do fogo.<\/p>\n<\/blockquote>\n<p><strong>O incidente est\u00e1 entre os inc\u00eandios hospitalares mais mortais dos \u00faltimos anos no pa\u00eds, onde a assist\u00eancia m\u00e9dica p\u00fablica \u00e9 subsidiada, mas as instala\u00e7\u00f5es carecem de recursos e est\u00e3o sobrecarregadas.<\/strong> \u00d3rg\u00e3os de fiscaliza\u00e7\u00e3o t\u00eam criticado frequentemente as instala\u00e7\u00f5es estatais por m\u00e1 gest\u00e3o.<\/p>\n<p>Imagens de televis\u00e3o mostraram uma ala destru\u00edda e enegrecida, com equipamentos espalhados e fuma\u00e7a ainda subindo. Havia 16 rec\u00e9m-nascidos na ala quando o inc\u00eandio come\u00e7ou, um dos quais foi resgatado, acrescentou\u00a0a Geo TV.<\/p>\n<p>A ala foi posteriormente isolada, disse uma testemunha da Reuters.<\/p>\n<p><strong>As imagens mostravam mulheres devastadas pela dor, sentadas no ch\u00e3o do lado de fora do hospital. Uma delas era Javeria, que perdeu seu rec\u00e9m-nascido no inc\u00eandio.<\/strong><\/p>\n<p>\u201cEra uma ala de ginecologia, n\u00e3o havia m\u00e9dico, nem enfermeira\u201d, disse ela, acrescentando que os corpos das crian\u00e7as foram levados \u201cem caixas\u201d e que as mulheres n\u00e3o puderam v\u00ea-los.<\/p>\n<p>\u201cN\u00e3o \u00e9 a vontade de Deus, eu n\u00e3o aceito isso\u201d, afirmou.<\/p>\n<p><strong>Kamal negou as acusa\u00e7\u00f5es de que n\u00e3o havia funcion\u00e1rios ou m\u00e9dicos presentes no momento do inc\u00eandio.<\/strong><\/p>\n<p><strong>O primeiro-ministro Shehbaz Sharif suspendeu o secret\u00e1rio de Sa\u00fade por causa do incidente, informou seu gabinete, horas depois de ter determinado\u00a0uma investiga\u00e7\u00e3o.<\/strong><\/p>\n<p>O pr\u00e9dio que abrigava a enfermaria \u201cn\u00e3o tinha seguran\u00e7a contra inc\u00eandio, nem sa\u00eddas adequadas. Todas as portas estavam fechadas; apenas uma\u00a0estava aberta\u00a0para que pud\u00e9ssemos visitar nossos filhos\u201d, disse Mudasir, que tamb\u00e9m perdeu seu filho. Javeria e Mudasir forneceram apenas seus primeiros nomes.<\/p>\n<p>O Instituto de Ci\u00eancias M\u00e9dicas do Paquist\u00e3o, para onde o ex-primeiro-ministro Imran Khan foi levado brevemente para um exame m\u00e9dico na semana passada, est\u00e1 localizado no centro de Islamabad e \u00e9 um dos principais hospitais p\u00fablicos da cidade, que tem cerca de 1,1 milh\u00e3o de habitantes.<\/p>\n<p><em><strong>*\u00c9 proibida a reprodu\u00e7\u00e3o deste conte\u00fado.<\/strong><\/em><\/p>\n<p>      <!-- Relacionada --><br \/>\n            <!-- Relacionada -->\n    <\/div>\n<p><br \/>\n<br \/><a href=\"https:\/\/agenciabrasil.ebc.com.br\/internacional\/noticia\/2026-08\/pelo-menos-14-bebes-morrem-em-incendio-em-hospital-no-paquistao\" rel=\"noopener\">Informa\u00e7\u00f5es com a Ag\u00eancia Brasil<\/a><\/p>\n","protected":false},"excerpt":{"rendered":"<p>Pelo menos 14 beb\u00eas morreram em um inc\u00eandio em um hospital p\u00fablico na capital do Paquist\u00e3o, Islamabad, nesta quarta-feira (26(, informou o primeiro-ministro, Shehbaz Sharif. O\u00a0ministro da Sa\u00fade,\u00a0 Mustafa Kamal, atribuiu a trag\u00e9dia a uma explos\u00e3o na ala de neonatologia. O inc\u00eandio come\u00e7ou por volta das 7h (hor\u00e1rio local) no Instituto de Ci\u00eancias M\u00e9dicas do [&hellip;]<\/p>\n","protected":false},"author":1,"featured_media":75415,"comment_status":"closed","ping_status":"open","sticky":false,"template":"","format":"standard","meta":{"_jetpack_newsletter_access":"","_jetpack_dont_email_post_to_subs":false,"_jetpack_newsletter_tier_id":0,"_jetpack_memberships_contains_paywalled_content":false,"_mbp_banners":[],"_jetpack_feature_clip_id":0,"_jetpack_memberships_contains_paid_content":false,"footnotes":"","jetpack_publicize_message":"","jetpack_publicize_feature_enabled":true,"jetpack_social_post_already_shared":true,"jetpack_social_options":{"image_generator_settings":{"template":"highway","default_image_id":0,"font":"","enabled":false},"version":2},"jetpack_post_was_ever_published":false},"categories":[22],"tags":[],"class_list":["post-75414","post","type-post","status-publish","format-standard","has-post-thumbnail","category-nacional"],"jetpack_publicize_connections":[],"jetpack-related-posts":[],"jetpack_shortlink":"https:\/\/wp.me\/p7Eq1F-jCm","jetpack_sharing_enabled":true,"jetpack_featured_media_url":"https:\/\/i0.wp.com\/guialimeira.com.br\/news\/wp-content\/uploads\/2026\/08\/2026-08-26t051601z_1832815228_rc246nas5h60_rtrmadp_3_pakistan-fire.jpg?fit=1600%2C800&ssl=1","_links":{"self":[{"href":"https:\/\/guialimeira.com.br\/news\/wp-json\/wp\/v2\/posts\/75414","targetHints":{"allow":["GET"]}}],"collection":[{"href":"https:\/\/guialimeira.com.br\/news\/wp-json\/wp\/v2\/posts"}],"about":[{"href":"https:\/\/guialimeira.com.br\/news\/wp-json\/wp\/v2\/types\/post"}],"author":[{"embeddable":true,"href":"https:\/\/guialimeira.com.br\/news\/wp-json\/wp\/v2\/users\/1"}],"replies":[{"embeddable":true,"href":"https:\/\/guialimeira.com.br\/news\/wp-json\/wp\/v2\/comments?post=75414"}],"version-history":[{"count":1,"href":"https:\/\/guialimeira.com.br\/news\/wp-json\/wp\/v2\/posts\/75414\/revisions"}],"predecessor-version":[{"id":75416,"href":"https:\/\/guialimeira.com.br\/news\/wp-json\/wp\/v2\/posts\/75414\/revisions\/75416"}],"wp:featuredmedia":[{"embeddable":true,"href":"https:\/\/guialimeira.com.br\/news\/wp-json\/wp\/v2\/media\/75415"}],"wp:attachment":[{"href":"https:\/\/guialimeira.com.br\/news\/wp-json\/wp\/v2\/media?parent=75414"}],"wp:term":[{"taxonomy":"category","embeddable":true,"href":"https:\/\/guialimeira.com.br\/news\/wp-json\/wp\/v2\/categories?post=75414"},{"taxonomy":"post_tag","embeddable":true,"href":"https:\/\/guialimeira.com.br\/news\/wp-json\/wp\/v2\/tags?post=75414"}],"curies":[{"name":"wp","href":"https:\/\/api.w.org\/{rel}","templated":true}]}}