{"id":75412,"date":"2026-08-26T08:28:25","date_gmt":"2026-08-26T11:28:25","guid":{"rendered":"https:\/\/guialimeira.com.br\/?p=75412"},"modified":"2026-08-26T08:28:25","modified_gmt":"2026-08-26T11:28:25","slug":"buzios-inaugura-banco-vermelho-em-memoria-a-vitimas-de-feminicidio","status":"publish","type":"post","link":"https:\/\/guialimeira.com.br\/news\/buzios-inaugura-banco-vermelho-em-memoria-a-vitimas-de-feminicidio\/","title":{"rendered":"B\u00fazios inaugura Banco Vermelho em mem\u00f3ria a v\u00edtimas de feminic\u00eddio"},"content":{"rendered":"<p> <br \/>\n<\/p>\n<div>\n<p>A Secretaria Municipal da Mulher de B\u00fazios, na Regi\u00e3o dos Lagos, no Rio de Janeiro, promoveu\u00a0nessa ter\u00e7a-feira (25), na Pra\u00e7a dos Ossos, a a\u00e7\u00e3o \u201cB\u00fazios por Elas\u201d. \u00a0A finalidade \u00e9 aproximar a rede municipal de prote\u00e7\u00e3o da popula\u00e7\u00e3o, ampliando o acesso a informa\u00e7\u00f5es sobre os servi\u00e7os de atendimento e orienta\u00e7\u00e3o \u00e0s mulheres.<img data-recalc-dims=\"1\" decoding=\"async\" src=\"https:\/\/i0.wp.com\/agenciabrasil.ebc.com.br\/ebc.png?w=696&#038;ssl=1\" style=\"width:1px;height:1px;display:inline\" \/><img data-recalc-dims=\"1\" decoding=\"async\" src=\"https:\/\/i0.wp.com\/agenciabrasil.ebc.com.br\/ebc.gif?w=696&#038;ssl=1\" style=\"width:1px;height:1px;display:inline\" \/><\/p>\n<p><strong>A escolha da Pra\u00e7a dos Ossos tem significado hist\u00f3rico. O Banco Vermelho ser\u00e1 dedicado \u00e0 mem\u00f3ria de \u00c2ngela Diniz, v\u00edtima de feminic\u00eddio em 1976, cujo caso est\u00e1 relacionado \u00e0 hist\u00f3ria do bairro.<\/strong><\/p>\n<p><strong>A homenagem representa n\u00e3o apenas a mem\u00f3ria de \u00c2ngela, mas a de todas as mulheres que tiveram suas vidas interrompidas pela viol\u00eancia, refor\u00e7ando a necessidade de preven\u00e7\u00e3o e enfrentamento ao feminic\u00eddio.<\/strong><\/p>\n<p><strong>A socialite \u00c2ngela Diniz, conhecida como &#8220;Pantera de Minas&#8221;, foi assassinada a tiros em 30 de dezembro de 1976 por seu companheiro Raul Fernando do Amaral Street, o Doca Street, na casa de veraneio de \u00c2ngela, na Praia dos Ossos, em Arma\u00e7\u00e3o dos B\u00fazios.<\/strong><\/p>\n<p>O crime ocorreu ap\u00f3s uma discuss\u00e3o intensa sobre o fim do relacionamento. Doca disparou quatro tiros \u00e0 queima-roupa contra \u00c2ngela, que tinha 32 anos.<\/p>\n<p><strong>O caso chocou o Brasil e tornou-se um dos primeiros grandes marcos na discuss\u00e3o p\u00fablica sobre viol\u00eancia de g\u00eanero e feminic\u00eddio no pa\u00eds.<\/strong><\/p>\n<p><strong>No primeiro julgamento, em 1979, o advogado de Doca Street, o ex-ministro do STF\u00a0Evandro Lins e Silva usou o argumento da &#8220;leg\u00edtima defesa da honra&#8221;, alegando que o r\u00e9u havia &#8220;matado por amor&#8221; e sido provocado pela v\u00edtima.<\/strong><\/p>\n<p>Doca foi condenado a uma pena leve, de apenas dois anos de reclus\u00e3o, obtendo o benef\u00edcio de cumprir a pena em liberdade.<\/p>\n<p>Houve um clamor p\u00fablico e indigna\u00e7\u00e3o com o resultado do julgamento, mobilizando movimentos feministas pelo pa\u00eds. O famoso lema &#8220;quem ama n\u00e3o mata&#8221; nasceu dessa mobiliza\u00e7\u00e3o e mudou para sempre o debate sobre a viol\u00eancia contra a mulher no Brasil.<\/p>\n<p>\u00a0<strong>Devido \u00e0 forte press\u00e3o social, o julgamento foi anulado e revisto em um novo julgamento, onde Doca Street foi condenado a 15 anos de pris\u00e3o por homic\u00eddio qualificado.<\/strong><\/p>\n<p>      <!-- Relacionada --><\/p>\n<p>            <!-- Relacionada -->\n    <\/div>\n<p><br \/>\n<br \/><a href=\"https:\/\/agenciabrasil.ebc.com.br\/direitos-humanos\/noticia\/2026-08\/buzios-inaugura-banco-vermelho-em-memoria-vitimas-de-feminicidio\" rel=\"noopener\">Informa\u00e7\u00f5es com a Ag\u00eancia Brasil<\/a><\/p>\n","protected":false},"excerpt":{"rendered":"<p>A Secretaria Municipal da Mulher de B\u00fazios, na Regi\u00e3o dos Lagos, no Rio de Janeiro, promoveu\u00a0nessa ter\u00e7a-feira (25), na Pra\u00e7a dos Ossos, a a\u00e7\u00e3o \u201cB\u00fazios por Elas\u201d. \u00a0A finalidade \u00e9 aproximar a rede municipal de prote\u00e7\u00e3o da popula\u00e7\u00e3o, ampliando o acesso a informa\u00e7\u00f5es sobre os servi\u00e7os de atendimento e orienta\u00e7\u00e3o \u00e0s mulheres. A escolha da [&hellip;]<\/p>\n","protected":false},"author":1,"featured_media":8376,"comment_status":"closed","ping_status":"open","sticky":false,"template":"","format":"standard","meta":{"_jetpack_newsletter_access":"","_jetpack_dont_email_post_to_subs":false,"_jetpack_newsletter_tier_id":0,"_jetpack_memberships_contains_paywalled_content":false,"_mbp_banners":[],"_jetpack_feature_clip_id":0,"_jetpack_memberships_contains_paid_content":false,"footnotes":"","jetpack_publicize_message":"","jetpack_publicize_feature_enabled":true,"jetpack_social_post_already_shared":true,"jetpack_social_options":{"image_generator_settings":{"template":"highway","default_image_id":0,"font":"","enabled":false},"version":2},"jetpack_post_was_ever_published":false},"categories":[22],"tags":[],"class_list":["post-75412","post","type-post","status-publish","format-standard","has-post-thumbnail","category-nacional"],"jetpack_publicize_connections":[],"jetpack-related-posts":[],"jetpack_shortlink":"https:\/\/wp.me\/p7Eq1F-jCk","jetpack_sharing_enabled":true,"jetpack_featured_media_url":"https:\/\/i0.wp.com\/guialimeira.com.br\/news\/wp-content\/uploads\/2024\/06\/praiadosossos-final.jpg?fit=1600%2C800&ssl=1","_links":{"self":[{"href":"https:\/\/guialimeira.com.br\/news\/wp-json\/wp\/v2\/posts\/75412","targetHints":{"allow":["GET"]}}],"collection":[{"href":"https:\/\/guialimeira.com.br\/news\/wp-json\/wp\/v2\/posts"}],"about":[{"href":"https:\/\/guialimeira.com.br\/news\/wp-json\/wp\/v2\/types\/post"}],"author":[{"embeddable":true,"href":"https:\/\/guialimeira.com.br\/news\/wp-json\/wp\/v2\/users\/1"}],"replies":[{"embeddable":true,"href":"https:\/\/guialimeira.com.br\/news\/wp-json\/wp\/v2\/comments?post=75412"}],"version-history":[{"count":1,"href":"https:\/\/guialimeira.com.br\/news\/wp-json\/wp\/v2\/posts\/75412\/revisions"}],"predecessor-version":[{"id":75413,"href":"https:\/\/guialimeira.com.br\/news\/wp-json\/wp\/v2\/posts\/75412\/revisions\/75413"}],"wp:featuredmedia":[{"embeddable":true,"href":"https:\/\/guialimeira.com.br\/news\/wp-json\/wp\/v2\/media\/8376"}],"wp:attachment":[{"href":"https:\/\/guialimeira.com.br\/news\/wp-json\/wp\/v2\/media?parent=75412"}],"wp:term":[{"taxonomy":"category","embeddable":true,"href":"https:\/\/guialimeira.com.br\/news\/wp-json\/wp\/v2\/categories?post=75412"},{"taxonomy":"post_tag","embeddable":true,"href":"https:\/\/guialimeira.com.br\/news\/wp-json\/wp\/v2\/tags?post=75412"}],"curies":[{"name":"wp","href":"https:\/\/api.w.org\/{rel}","templated":true}]}}