{"id":75407,"date":"2026-08-26T04:22:40","date_gmt":"2026-08-26T07:22:40","guid":{"rendered":"https:\/\/guialimeira.com.br\/?p=75407"},"modified":"2026-08-26T04:22:40","modified_gmt":"2026-08-26T07:22:40","slug":"previsao-de-gastos-com-inss-em-2027-e-reduzida-em-r-5-bilhoes","status":"publish","type":"post","link":"https:\/\/guialimeira.com.br\/news\/previsao-de-gastos-com-inss-em-2027-e-reduzida-em-r-5-bilhoes\/","title":{"rendered":"Previs\u00e3o de gastos com INSS em 2027 \u00e9 reduzida em R$ 5 bilh\u00f5es"},"content":{"rendered":"<p> <br \/>\n<\/p>\n<div>\n<p><strong>Principal item que pressiona as contas p\u00fablicas, a Previd\u00eancia Social dever\u00e1 gastar R$ 5 bilh\u00f5es a menos que o inicialmente previsto em 2027. O Conselho Nacional de Previd\u00eancia Social (CNPS) aprovou nesta ter\u00e7a-feira (25) a redu\u00e7\u00e3o da estimativa de cerca de R$ 1,224 trilh\u00e3o para R$ 1,218 trilh\u00e3o.<\/strong><img data-recalc-dims=\"1\" decoding=\"async\" src=\"https:\/\/i0.wp.com\/agenciabrasil.ebc.com.br\/ebc.png?w=696&#038;ssl=1\" style=\"width:1px;height:1px;display:inline\" \/><img data-recalc-dims=\"1\" decoding=\"async\" src=\"https:\/\/i0.wp.com\/agenciabrasil.ebc.com.br\/ebc.gif?w=696&#038;ssl=1\" style=\"width:1px;height:1px;display:inline\" \/><\/p>\n<p>Mesmo com a revis\u00e3o para baixo, o valor previsto para o pr\u00f3ximo ano representa uma alta de 7,92% em rela\u00e7\u00e3o \u00e0 estimativa para 2026, de R$ 1,129 trilh\u00e3o.<\/p>\n<p>A atualiza\u00e7\u00e3o ser\u00e1 utilizada na elabora\u00e7\u00e3o do Projeto de Lei Or\u00e7ament\u00e1ria Anual (PLOA) de 2027, que deve ser enviado ao Congresso Nacional at\u00e9 a pr\u00f3xima segunda-feira (31).<\/p>\n<h2>Fila reduzida<\/h2>\n<p><strong>A revis\u00e3o das despesas ocorre em meio \u00e0s a\u00e7\u00f5es do governo para reduzir o estoque de pedidos de benef\u00edcios que aguardam an\u00e1lise do Instituto Nacional do Seguro Social (INSS).<\/strong><\/p>\n<p>Segundo o Minist\u00e9rio da Previd\u00eancia Social, a<a href=\"https:\/\/agenciabrasil.ebc.com.br\/economia\/noticia\/2026-06\/fila-do-inss-cai-ao-menor-nivel-em-21-meses-com-18-milhao-de-pedidos\" rel=\"noopener\"> fila caiu de 1,8 milh\u00e3o <\/a>de requerimentos em junho para 1,55 milh\u00e3o no fim de julho. No acumulado do ano, a redu\u00e7\u00e3o chega a 74%.<\/p>\n<p>A diminui\u00e7\u00e3o da fila, por\u00e9m, tem efeito direto sobre os gastos p\u00fablicos, porque a an\u00e1lise e a concess\u00e3o de mais benef\u00edcios elevam as despesas previdenci\u00e1rias.<\/p>\n<p>Durante a reuni\u00e3o, o diretor do Departamento do Regime Geral de Previd\u00eancia Social, Eduardo Pereira, afirmou que as a\u00e7\u00f5es de combate \u00e0 fila aumentaram a incerteza nas proje\u00e7\u00f5es para 2026.<\/p>\n<blockquote>\n<p>\u201cAs a\u00e7\u00f5es de combate \u00e0 fila trouxeram uma incerteza maior ainda na nossa proje\u00e7\u00e3o\u201d, disse Pereira.<\/p>\n<\/blockquote>\n<h2>Gastos com benef\u00edcios<\/h2>\n<p><strong>A maior parte dos recursos previstos para 2027 ser\u00e1 destinada ao pagamento de benef\u00edcios previdenci\u00e1rios, como aposentadorias e pens\u00f5es.\u00a0<\/strong>A estimativa para essa despesa \u00e9 de R$ 1,161 trilh\u00e3o, alta de 8,76% em rela\u00e7\u00e3o aos R$ 1,067 trilh\u00e3o projetados para 2026.<\/p>\n<p>A previs\u00e3o anterior era de R$ 1,166 trilh\u00e3o para 2027. Portanto, a nova estimativa representa uma redu\u00e7\u00e3o de aproximadamente R$ 5,25 bilh\u00f5es.<\/p>\n<p>Outras despesas tamb\u00e9m foram revisadas:<\/p>\n<ul>\n<li>Compensa\u00e7\u00e3o previdenci\u00e1ria: R$ 8,113 bilh\u00f5es em 2027, alta de 2,9%;<\/li>\n<li>Senten\u00e7as judiciais: R$ 49,391 bilh\u00f5es, queda estimada de 8,08%;<\/li>\n<li>Despesas previdenci\u00e1rias totais: R$ 1,218 trilh\u00e3o.<\/li>\n<\/ul>\n<p>As proje\u00e7\u00f5es para as senten\u00e7as judiciais n\u00e3o sofreram altera\u00e7\u00f5es.<\/p>\n<h2>Revis\u00e3o para 2026<\/h2>\n<p><strong>O CNPS tamb\u00e9m reduziu a previs\u00e3o de despesas obrigat\u00f3rias da Previd\u00eancia para 2026.<\/strong> O valor passou de aproximadamente R$ 1,136 trilh\u00e3o para R$ 1,129 trilh\u00e3o, queda de R$ 6,474 bilh\u00f5es.<\/p>\n<p>Segundo Eduardo Pereira, a queda est\u00e1 relacionada, entre outros fatores, aos par\u00e2metros considerados mais conservadores nas proje\u00e7\u00f5es. Os resultados financeiros recentes tamb\u00e9m t\u00eam indicado despesas abaixo das estimativas anteriores.<\/p>\n<p>O diretor afirmou que ainda existe a possibilidade de uma nova redu\u00e7\u00e3o da previs\u00e3o at\u00e9 o fim do ano.<\/p>\n<h2>Peso no or\u00e7amento<\/h2>\n<p>As despesas previdenci\u00e1rias t\u00eam forte impacto sobre as contas p\u00fablicas. <strong>Segundo os dados apresentados ao CNPS, os benef\u00edcios previdenci\u00e1rios representam cerca de 43% da despesa prim\u00e1ria da Uni\u00e3o.<\/strong><\/p>\n<p>Por causa do tamanho desses gastos, pequenas altera\u00e7\u00f5es percentuais nas proje\u00e7\u00f5es podem representar bilh\u00f5es de reais e afetar o espa\u00e7o dispon\u00edvel no or\u00e7amento federal.<\/p>\n<p>A revis\u00e3o para 2027 abre, portanto, um espa\u00e7o or\u00e7ament\u00e1rio de aproximadamente R$ 5 bilh\u00f5es, que poder\u00e1 ser considerado pelo governo na elabora\u00e7\u00e3o do PLOA.<\/p>\n<h2>Aprova\u00e7\u00e3o do CNPS<\/h2>\n<p>A nova proje\u00e7\u00e3o para as despesas previdenci\u00e1rias de 2026 e 2027 foi aprovada por unanimidade pelo CNPS.<\/p>\n<p>O conselho re\u00fane representantes do governo federal, de aposentados e pensionistas, trabalhadores em atividade e empregadores.<\/p>\n<p>Os n\u00fameros revisados ser\u00e3o encaminhados ao Minist\u00e9rio do Planejamento e Or\u00e7amento e servir\u00e3o de base para a elabora\u00e7\u00e3o da proposta or\u00e7ament\u00e1ria de 2027, que dever\u00e1 chegar ao Congresso at\u00e9 31 de agosto.<\/p>\n<p>      <!-- Relacionada --><\/p>\n<p>            <!-- Relacionada -->\n    <\/div>\n<p><br \/>\n<br \/><a href=\"https:\/\/agenciabrasil.ebc.com.br\/economia\/noticia\/2026-08\/previsao-de-gastos-com-inss-em-2027-e-reduzida-em-r-5-bilhoes\" rel=\"noopener\">Informa\u00e7\u00f5es com a Ag\u00eancia Brasil<\/a><\/p>\n","protected":false},"excerpt":{"rendered":"<p>Principal item que pressiona as contas p\u00fablicas, a Previd\u00eancia Social dever\u00e1 gastar R$ 5 bilh\u00f5es a menos que o inicialmente previsto em 2027. O Conselho Nacional de Previd\u00eancia Social (CNPS) aprovou nesta ter\u00e7a-feira (25) a redu\u00e7\u00e3o da estimativa de cerca de R$ 1,224 trilh\u00e3o para R$ 1,218 trilh\u00e3o. Mesmo com a revis\u00e3o para baixo, o [&hellip;]<\/p>\n","protected":false},"author":1,"featured_media":75408,"comment_status":"closed","ping_status":"open","sticky":false,"template":"","format":"standard","meta":{"_jetpack_newsletter_access":"","_jetpack_dont_email_post_to_subs":false,"_jetpack_newsletter_tier_id":0,"_jetpack_memberships_contains_paywalled_content":false,"_mbp_banners":[],"_jetpack_feature_clip_id":0,"_jetpack_memberships_contains_paid_content":false,"footnotes":"","jetpack_publicize_message":"","jetpack_publicize_feature_enabled":true,"jetpack_social_post_already_shared":true,"jetpack_social_options":{"image_generator_settings":{"template":"highway","default_image_id":0,"font":"","enabled":false},"version":2},"jetpack_post_was_ever_published":false},"categories":[22],"tags":[],"class_list":["post-75407","post","type-post","status-publish","format-standard","has-post-thumbnail","category-nacional"],"jetpack_publicize_connections":[],"jetpack-related-posts":[],"jetpack_shortlink":"https:\/\/wp.me\/p7Eq1F-jCf","jetpack_sharing_enabled":true,"jetpack_featured_media_url":"https:\/\/i0.wp.com\/guialimeira.com.br\/news\/wp-content\/uploads\/2026\/08\/09052025-pzzb8446.jpg?fit=1600%2C800&ssl=1","_links":{"self":[{"href":"https:\/\/guialimeira.com.br\/news\/wp-json\/wp\/v2\/posts\/75407","targetHints":{"allow":["GET"]}}],"collection":[{"href":"https:\/\/guialimeira.com.br\/news\/wp-json\/wp\/v2\/posts"}],"about":[{"href":"https:\/\/guialimeira.com.br\/news\/wp-json\/wp\/v2\/types\/post"}],"author":[{"embeddable":true,"href":"https:\/\/guialimeira.com.br\/news\/wp-json\/wp\/v2\/users\/1"}],"replies":[{"embeddable":true,"href":"https:\/\/guialimeira.com.br\/news\/wp-json\/wp\/v2\/comments?post=75407"}],"version-history":[{"count":1,"href":"https:\/\/guialimeira.com.br\/news\/wp-json\/wp\/v2\/posts\/75407\/revisions"}],"predecessor-version":[{"id":75409,"href":"https:\/\/guialimeira.com.br\/news\/wp-json\/wp\/v2\/posts\/75407\/revisions\/75409"}],"wp:featuredmedia":[{"embeddable":true,"href":"https:\/\/guialimeira.com.br\/news\/wp-json\/wp\/v2\/media\/75408"}],"wp:attachment":[{"href":"https:\/\/guialimeira.com.br\/news\/wp-json\/wp\/v2\/media?parent=75407"}],"wp:term":[{"taxonomy":"category","embeddable":true,"href":"https:\/\/guialimeira.com.br\/news\/wp-json\/wp\/v2\/categories?post=75407"},{"taxonomy":"post_tag","embeddable":true,"href":"https:\/\/guialimeira.com.br\/news\/wp-json\/wp\/v2\/tags?post=75407"}],"curies":[{"name":"wp","href":"https:\/\/api.w.org\/{rel}","templated":true}]}}