{"id":75401,"date":"2026-08-26T02:18:35","date_gmt":"2026-08-26T05:18:35","guid":{"rendered":"https:\/\/guialimeira.com.br\/?p=75401"},"modified":"2026-08-26T02:18:35","modified_gmt":"2026-08-26T05:18:35","slug":"presidente-do-tse-conclama-eleitores-a-comparecerem-as-urnas","status":"publish","type":"post","link":"https:\/\/guialimeira.com.br\/news\/presidente-do-tse-conclama-eleitores-a-comparecerem-as-urnas\/","title":{"rendered":"Presidente do TSE conclama eleitores a comparecerem \u00e0s urnas"},"content":{"rendered":"<p> <br \/>\n<\/p>\n<div>\n<p><strong>O presidente do Tribunal Superior Eleitoral (TSE), ministro Kassio Nunes Marques, conclamou nesta ter\u00e7a-feira (25) os eleitores a comparecem \u00e0s urnas nas elei\u00e7\u00f5es de outubro.<\/strong><img data-recalc-dims=\"1\" decoding=\"async\" src=\"https:\/\/i0.wp.com\/agenciabrasil.ebc.com.br\/ebc.png?w=696&#038;ssl=1\" style=\"width:1px;height:1px;display:inline\" \/><img data-recalc-dims=\"1\" decoding=\"async\" src=\"https:\/\/i0.wp.com\/agenciabrasil.ebc.com.br\/ebc.gif?w=696&#038;ssl=1\" style=\"width:1px;height:1px;display:inline\" \/><\/p>\n<p>Durante a abertura da sess\u00e3o de julgamentos desta noite, Kassio lembrou que faltam menos de 40 dias para o pleito e convidou os eleitores a exercerem &#8220;com orgulho&#8221; o direito de votar.<\/p>\n<blockquote>\n<p>&#8220;Conclamo toda sociedade a se preparar para o pleito de outubro. Compare\u00e7am \u00e0s urnas, exer\u00e7am com o orgulho o direito de escolher nossos representantes e continuem a ser a for\u00e7a viva da integridade da nossa democracia&#8221;, afirmou.<\/p>\n<\/blockquote>\n<p>O presidente tamb\u00e9m informou que o TSE realizou no \u00faltimo domingo (23) uma <a href=\"https:\/\/agenciabrasil.ebc.com.br\/politica\/noticia\/2026-08\/eleitores-participam-de-eleicao-simulada-no-maranhao\" rel=\"noopener\">elei\u00e7\u00e3o simulada no munic\u00edpio<\/a> de Paulino Neves, no Maranh\u00e3o.<\/p>\n<p>Para o ministro, a simula\u00e7\u00e3o confirmou que o sistema eletr\u00f4nico de vota\u00e7\u00e3o \u00e9 seguro e transparente.<\/p>\n<p>&#8220;O grande protagonista da festa da democracia \u00e9 o povo, e o motor da nossa atua\u00e7\u00e3o \u00e9 a soberania do voto. Mais do que testar tecnologias e procedimentos operacionais, essa simula\u00e7\u00e3o real serviu para reafirmar o compromisso: a Justi\u00e7a Eleitoral est\u00e1 onde a popula\u00e7\u00e3o est\u00e1&#8221;, completou.<\/p>\n<h2>Elei\u00e7\u00f5es<\/h2>\n<p><strong>O primeiro turno ser\u00e1 realizado no dia 4 de outubro, quando ser\u00e3o <a href=\"https:\/\/agenciabrasil.ebc.com.br\/politica\/noticia\/2026-08\/eleicoes-2026-saiba-quais-sao-atribuicoes-de-senadores-e-deputados\" rel=\"noopener\">eleitos deputados federais<\/a>, estaduais, distritais, <a href=\"https:\/\/agenciabrasil.ebc.com.br\/politica\/noticia\/2026-08\/saiba-quais-sao-atribuicoes-dos-governadores-e-vice-governadores\" rel=\"noopener\">governadores<\/a>, senadores e o <a href=\"https:\/\/agenciabrasil.ebc.com.br\/politica\/noticia\/2026-08\/conheca-as-atribuicoes-do-presidente-e-vice-da-republica\" rel=\"noopener\">presidente da Rep\u00fablica<\/a>.<\/strong><\/p>\n<p>O segundo turno est\u00e1 marcado para o dia 25 e pode ocorrer na disputa para os cargos de governador e presidente. Os eleitores voltar\u00e3o \u00e0s urnas se nenhum dos candidatos obtiver mais de 50% dos votos v\u00e1lidos, excluindo brancos e nulos, no primeiro turno.<\/p>\n<p>De acordo com o TSE, 158 milh\u00f5es eleitores estar\u00e3o aptos a exercerem o direito de votar.\u00a0<\/p>\n<p>      <!-- Relacionada --><\/p>\n<p>            <!-- Relacionada -->\n    <\/div>\n<p><br \/>\n<br \/><a href=\"https:\/\/agenciabrasil.ebc.com.br\/justica\/noticia\/2026-08\/presidente-do-tse-conclama-eleitores-comparecerem-urnas\" rel=\"noopener\">Informa\u00e7\u00f5es com a Ag\u00eancia Brasil<\/a><\/p>\n","protected":false},"excerpt":{"rendered":"<p>O presidente do Tribunal Superior Eleitoral (TSE), ministro Kassio Nunes Marques, conclamou nesta ter\u00e7a-feira (25) os eleitores a comparecem \u00e0s urnas nas elei\u00e7\u00f5es de outubro. Durante a abertura da sess\u00e3o de julgamentos desta noite, Kassio lembrou que faltam menos de 40 dias para o pleito e convidou os eleitores a exercerem &#8220;com orgulho&#8221; o direito [&hellip;]<\/p>\n","protected":false},"author":1,"featured_media":75402,"comment_status":"closed","ping_status":"open","sticky":false,"template":"","format":"standard","meta":{"_jetpack_newsletter_access":"","_jetpack_dont_email_post_to_subs":false,"_jetpack_newsletter_tier_id":0,"_jetpack_memberships_contains_paywalled_content":false,"_mbp_banners":[],"_jetpack_feature_clip_id":0,"_jetpack_memberships_contains_paid_content":false,"footnotes":"","jetpack_publicize_message":"","jetpack_publicize_feature_enabled":true,"jetpack_social_post_already_shared":true,"jetpack_social_options":{"image_generator_settings":{"template":"highway","default_image_id":0,"font":"","enabled":false},"version":2},"jetpack_post_was_ever_published":false},"categories":[22],"tags":[],"class_list":["post-75401","post","type-post","status-publish","format-standard","has-post-thumbnail","category-nacional"],"jetpack_publicize_connections":[],"jetpack-related-posts":[],"jetpack_shortlink":"https:\/\/wp.me\/p7Eq1F-jC9","jetpack_sharing_enabled":true,"jetpack_featured_media_url":"https:\/\/i0.wp.com\/guialimeira.com.br\/news\/wp-content\/uploads\/2026\/08\/tse_lanca_campanha_para_estimular_participacao_da_populacao_nas_eleicoes02.jpg?fit=1600%2C800&ssl=1","_links":{"self":[{"href":"https:\/\/guialimeira.com.br\/news\/wp-json\/wp\/v2\/posts\/75401","targetHints":{"allow":["GET"]}}],"collection":[{"href":"https:\/\/guialimeira.com.br\/news\/wp-json\/wp\/v2\/posts"}],"about":[{"href":"https:\/\/guialimeira.com.br\/news\/wp-json\/wp\/v2\/types\/post"}],"author":[{"embeddable":true,"href":"https:\/\/guialimeira.com.br\/news\/wp-json\/wp\/v2\/users\/1"}],"replies":[{"embeddable":true,"href":"https:\/\/guialimeira.com.br\/news\/wp-json\/wp\/v2\/comments?post=75401"}],"version-history":[{"count":1,"href":"https:\/\/guialimeira.com.br\/news\/wp-json\/wp\/v2\/posts\/75401\/revisions"}],"predecessor-version":[{"id":75403,"href":"https:\/\/guialimeira.com.br\/news\/wp-json\/wp\/v2\/posts\/75401\/revisions\/75403"}],"wp:featuredmedia":[{"embeddable":true,"href":"https:\/\/guialimeira.com.br\/news\/wp-json\/wp\/v2\/media\/75402"}],"wp:attachment":[{"href":"https:\/\/guialimeira.com.br\/news\/wp-json\/wp\/v2\/media?parent=75401"}],"wp:term":[{"taxonomy":"category","embeddable":true,"href":"https:\/\/guialimeira.com.br\/news\/wp-json\/wp\/v2\/categories?post=75401"},{"taxonomy":"post_tag","embeddable":true,"href":"https:\/\/guialimeira.com.br\/news\/wp-json\/wp\/v2\/tags?post=75401"}],"curies":[{"name":"wp","href":"https:\/\/api.w.org\/{rel}","templated":true}]}}