{"id":75398,"date":"2026-08-26T01:17:38","date_gmt":"2026-08-26T04:17:38","guid":{"rendered":"https:\/\/guialimeira.com.br\/?p=75398"},"modified":"2026-08-26T01:17:38","modified_gmt":"2026-08-26T04:17:38","slug":"beleza-nos-ceus-halo-solar-nao-e-sinal-de-chuva-diz-especialista","status":"publish","type":"post","link":"https:\/\/guialimeira.com.br\/news\/beleza-nos-ceus-halo-solar-nao-e-sinal-de-chuva-diz-especialista\/","title":{"rendered":"Beleza nos c\u00e9us, halo solar n\u00e3o \u00e9 sinal de chuva, diz especialista"},"content":{"rendered":"<p> <br \/>\n<\/p>\n<div>\n<p>Os mais rom\u00e2nticos podem ter aproveitado a cena para dizer que o amor estava no ar. <strong>Mas, de verdade, o halo solar que apareceu nesta ter\u00e7a (25) para moradores de cidades principalmente do Centro-Oeste, incluindo Bras\u00edlia (DF), \u00e9 um fen\u00f4meno comum parecido com um arco-\u00edris e n\u00e3o representa previs\u00e3o chuva por a\u00ed.\u00a0<\/strong><img data-recalc-dims=\"1\" decoding=\"async\" src=\"https:\/\/i0.wp.com\/agenciabrasil.ebc.com.br\/ebc.png?w=696&#038;ssl=1\" style=\"width:1px;height:1px;display:inline\" \/><img data-recalc-dims=\"1\" decoding=\"async\" src=\"https:\/\/i0.wp.com\/agenciabrasil.ebc.com.br\/ebc.gif?w=696&#038;ssl=1\" style=\"width:1px;height:1px;display:inline\" \/><\/p>\n<blockquote>\n<p>\u201c\u00c9 muito bonito de se visualizar. O halo solar \u00e9 um fen\u00f4meno \u00f3ptico, atmosf\u00e9rico, que forma um anel luminoso e colorido ao redor do Sol\u201d, explica a meteorologista Andrea Ramos, que atua como consultora em Bras\u00edlia.<\/p>\n<\/blockquote>\n<h2>Cuidados<\/h2>\n<p><strong>A especialista destaca que o halo n\u00e3o traz consigo um perigo porque se trata de um fen\u00f4meno f\u00edsico comum e natural, sem rela\u00e7\u00e3o com temperaturas solares ou radia\u00e7\u00f5es nocivas.<\/strong><\/p>\n<p>\u201cN\u00e3o \u00e9 alerta de chuva. Na sabedoria popular, o halo costuma indicar condi\u00e7\u00e3o de instabilidade ou mesmo a frente fria, mas n\u00e3o tem nada a ver\u201d, afirma.\u00a0<\/p>\n<p>No entanto, a meteorologista acrescenta que as pessoas devem ter cuidado ao olhar diretamente para o Sol sem prote\u00e7\u00e3o porque poderia causar danos \u00e0 retina. \u201cEssa \u00e9 a \u00fanica preocupa\u00e7\u00e3o realmente. \u00c9 um fen\u00f4meno muito bonito\u201d.<\/p>\n<div class=\"dnd-widget-wrapper context-cheio_8colunas type-image atom-align-center\">\n<div class=\"dnd-atom-rendered\"><!-- scald=472622:cheio_8colunas {\"additionalClasses\":\"\"} --><br \/>\n            <img data-recalc-dims=\"1\" decoding=\"async\" src=\"https:\/\/i0.wp.com\/imagens.ebc.com.br\/z6WIN1cY-zovmKfn-bnJd4Rew14%3D\/754x0\/smart\/https%3A\/\/agenciabrasil.ebc.com.br\/sites\/default\/files\/thumbnails\/image\/2026\/08\/25\/ebc.jpg?w=696&#038;ssl=1\" alt=\"25\/08\/2026 - Bras\u00edlia - Um halo de 22\u00b0 circunda o Sol no c\u00e9u de Bras\u00edlia. O fen\u00f4meno \u00f3ptico \u00e9 formado pela refra\u00e7\u00e3o da luz solar em cristais de gelo presentes em nuvens de grande altitude, criando um enorme anel luminoso ao redor do Sol. Foto: Rafa Neddermeyer\/ Ag\u00eancia Brasil\" title=\"Rafa Neddermeyer\/Ag\u00eancia Brasil\" \/><br \/>\n        <img data-recalc-dims=\"1\" decoding=\"async\" src=\"https:\/\/i0.wp.com\/imagens.ebc.com.br\/z6WIN1cY-zovmKfn-bnJd4Rew14%3D\/754x0\/smart\/https%3A\/\/agenciabrasil.ebc.com.br\/sites\/default\/files\/thumbnails\/image\/2026\/08\/25\/ebc.jpg?w=696&#038;ssl=1\" alt=\"25\/08\/2026 - Bras\u00edlia - Um halo de 22\u00b0 circunda o Sol no c\u00e9u de Bras\u00edlia. O fen\u00f4meno \u00f3ptico \u00e9 formado pela refra\u00e7\u00e3o da luz solar em cristais de gelo presentes em nuvens de grande altitude, criando um enorme anel luminoso ao redor do Sol. Foto: Rafa Neddermeyer\/ Ag\u00eancia Brasil\" title=\"Rafa Neddermeyer\/Ag\u00eancia Brasil\" \/><br \/>\n    <!-- END scald=472622 --><\/div>\n<p><h6 class=\"meta rtecenter\">Um halo de 22\u00b0 circunda o Sol no c\u00e9u de Bras\u00edlia. Foto: <strong>Rafa Neddermeyer\/Ag\u00eancia Brasil<\/strong><!--END copyright=472622--><\/h6>\n<\/p>\n<\/div>\n<h2>Forma\u00e7\u00e3o<\/h2>\n<p>A especialista explica que isso ocorre quando a luz solar passa por \u201ccirrostratus\u201d, que s\u00e3o as nuvens altas e finas (de cinco a 10 quil\u00f4metros de altura) que formam um v\u00e9u esbranqui\u00e7ado e transparente.\u00a0<\/p>\n<p>A forma\u00e7\u00e3o ocorre porque essas nuvens cont\u00eam min\u00fasculos cristais de gelo com formato hexagonal. \u201cEsses cristais funcionam como pequenos prismas. A luz entra, ocorre a refra\u00e7\u00e3o, e se divide em cores do espectro vis\u00edvel\u201d, ressalta a meteorologista.<\/p>\n<p>      <!-- Relacionada --><\/p>\n<p>            <!-- Relacionada -->\n    <\/div>\n<p><br \/>\n<br \/><a href=\"https:\/\/agenciabrasil.ebc.com.br\/geral\/noticia\/2026-08\/beleza-nos-ceus-halo-solar-nao-e-sinal-de-chuva-diz-especialista\" rel=\"noopener\">Informa\u00e7\u00f5es com a Ag\u00eancia Brasil<\/a><\/p>\n","protected":false},"excerpt":{"rendered":"<p>Os mais rom\u00e2nticos podem ter aproveitado a cena para dizer que o amor estava no ar. Mas, de verdade, o halo solar que apareceu nesta ter\u00e7a (25) para moradores de cidades principalmente do Centro-Oeste, incluindo Bras\u00edlia (DF), \u00e9 um fen\u00f4meno comum parecido com um arco-\u00edris e n\u00e3o representa previs\u00e3o chuva por a\u00ed.\u00a0 \u201c\u00c9 muito bonito [&hellip;]<\/p>\n","protected":false},"author":1,"featured_media":75399,"comment_status":"closed","ping_status":"open","sticky":false,"template":"","format":"standard","meta":{"_jetpack_newsletter_access":"","_jetpack_dont_email_post_to_subs":false,"_jetpack_newsletter_tier_id":0,"_jetpack_memberships_contains_paywalled_content":false,"_mbp_banners":[],"_jetpack_feature_clip_id":0,"_jetpack_memberships_contains_paid_content":false,"footnotes":"","jetpack_publicize_message":"","jetpack_publicize_feature_enabled":true,"jetpack_social_post_already_shared":true,"jetpack_social_options":{"image_generator_settings":{"template":"highway","default_image_id":0,"font":"","enabled":false},"version":2},"jetpack_post_was_ever_published":false},"categories":[22],"tags":[],"class_list":["post-75398","post","type-post","status-publish","format-standard","has-post-thumbnail","category-nacional"],"jetpack_publicize_connections":[],"jetpack-related-posts":[],"jetpack_shortlink":"https:\/\/wp.me\/p7Eq1F-jC6","jetpack_sharing_enabled":true,"jetpack_featured_media_url":"https:\/\/i0.wp.com\/guialimeira.com.br\/news\/wp-content\/uploads\/2026\/08\/img_9701.jpg-3-3.jpg?fit=1600%2C800&ssl=1","_links":{"self":[{"href":"https:\/\/guialimeira.com.br\/news\/wp-json\/wp\/v2\/posts\/75398","targetHints":{"allow":["GET"]}}],"collection":[{"href":"https:\/\/guialimeira.com.br\/news\/wp-json\/wp\/v2\/posts"}],"about":[{"href":"https:\/\/guialimeira.com.br\/news\/wp-json\/wp\/v2\/types\/post"}],"author":[{"embeddable":true,"href":"https:\/\/guialimeira.com.br\/news\/wp-json\/wp\/v2\/users\/1"}],"replies":[{"embeddable":true,"href":"https:\/\/guialimeira.com.br\/news\/wp-json\/wp\/v2\/comments?post=75398"}],"version-history":[{"count":1,"href":"https:\/\/guialimeira.com.br\/news\/wp-json\/wp\/v2\/posts\/75398\/revisions"}],"predecessor-version":[{"id":75400,"href":"https:\/\/guialimeira.com.br\/news\/wp-json\/wp\/v2\/posts\/75398\/revisions\/75400"}],"wp:featuredmedia":[{"embeddable":true,"href":"https:\/\/guialimeira.com.br\/news\/wp-json\/wp\/v2\/media\/75399"}],"wp:attachment":[{"href":"https:\/\/guialimeira.com.br\/news\/wp-json\/wp\/v2\/media?parent=75398"}],"wp:term":[{"taxonomy":"category","embeddable":true,"href":"https:\/\/guialimeira.com.br\/news\/wp-json\/wp\/v2\/categories?post=75398"},{"taxonomy":"post_tag","embeddable":true,"href":"https:\/\/guialimeira.com.br\/news\/wp-json\/wp\/v2\/tags?post=75398"}],"curies":[{"name":"wp","href":"https:\/\/api.w.org\/{rel}","templated":true}]}}